{"id":44254,"date":"2022-07-15T17:45:46","date_gmt":"2022-07-15T23:45:46","guid":{"rendered":"https:\/\/ovelanalista.com\/?p=44254"},"modified":"2022-07-15T15:11:45","modified_gmt":"2022-07-15T21:11:45","slug":"caro-quintero-el-capo-que-ofrecio-pagar-la-deuda-externa-de-mexico-a-cambio-de-su-libertad","status":"publish","type":"post","link":"https:\/\/ovelanalista.com\/?p=44254","title":{"rendered":"Caro Quintero, el capo que ofreci\u00f3 pagar la deuda externa de M\u00e9xico a cambio de su libertad"},"content":{"rendered":"<p><img decoding=\"async\" class=\"articlePage_TtvrImageMarker-DS-EntryPoint1-1\" src=\"data:image\/png;base64,iVBORw0KGgoAAAANSUhEUgAAAAEAAAABCAQAAAC1HAwCAAAAC0lEQVR42mNkYAAAAAYAAjCB0C8AAAAASUVORK5CYII=\" \/><span style=\"font-size: 1.21429rem;\">La\u00a0<\/span><b style=\"font-size: 1.21429rem;\">DEA\u00a0<\/b><span style=\"font-size: 1.21429rem;\">(Administraci\u00f3n de Control de Drogas, por sus siglas en ingl\u00e9s) lo se\u00f1al\u00f3 como el enemigo p\u00fablico n\u00famero uno. Durante a\u00f1os buscaron dar con su paradero y encarcelarlo el resto de sus d\u00edas. Hoy,\u00a0<\/span><a style=\"font-size: 1.21429rem;\" tabindex=\"0\" href=\"https:\/\/www.milenio.com\/temas\/rafael-caro-quintero\" target=\"_blank\" rel=\"noopener\" data-t=\"{&quot;n&quot;:&quot;destination&quot;,&quot;t&quot;:13,&quot;b&quot;:1,&quot;c.t&quot;:7}\">Rafael Caro Quintero<\/a><span style=\"font-size: 1.21429rem;\">, fundador y miembro del c\u00e1rtel de Guadalajara, fue\u00a0<\/span><a style=\"font-size: 1.21429rem;\" tabindex=\"0\" href=\"https:\/\/www.milenio.com\/policia\/rafael-caro-quintero-detienen-al-narcotraficante\" target=\"_blank\" rel=\"noopener\" data-t=\"{&quot;n&quot;:&quot;destination&quot;,&quot;t&quot;:13,&quot;b&quot;:1,&quot;c.t&quot;:7}\">detenido en Chihuahua<\/a><span style=\"font-size: 1.21429rem;\">.<\/span><\/p>\n<p data-t=\"{&quot;n&quot;:&quot;blueLinks&quot;}\">Para el gobierno estadunidense, el Narco de Narcos, como era conocido, fue el responsable de asesinar al agente de la DEA,\u00a0<a tabindex=\"0\" href=\"https:\/\/www.milenio.com\/temas\/enrique-kiki-camarena\" target=\"_blank\" rel=\"noopener\" data-t=\"{&quot;n&quot;:&quot;destination&quot;,&quot;t&quot;:13,&quot;b&quot;:1,&quot;c.t&quot;:7}\">Enrique\u00a0<i>Kiki<\/i>\u00a0Camarena<\/a>\u00a0y al piloto mexicano, Alfredo Zavala Avelar en 1985.<\/p>\n<h4 class=\"article-sub-heading\">\u00bfQui\u00e9n es Rafael Caro Quintero?<\/h4>\n<p data-t=\"{&quot;n&quot;:&quot;blueLinks&quot;}\">Fue detenido en abril de 1985 pero liberado por un amparo de un tribunal federal en 2013, por lo que Estados Unidos lo buscaba en extradici\u00f3n por los delitos de homicidio en contra del agente de la DEA y el oficial mexicano.<\/p>\n<p data-t=\"{&quot;n&quot;:&quot;blueLinks&quot;}\">Caro Quintero, de padres campesinos, naci\u00f3 el 24 de octubre de 1952 en Badiraguato, Sinaloa, tierra que tambi\u00e9n vio nacer a capos como\u00a0<a tabindex=\"0\" href=\"https:\/\/www.milenio.com\/temas\/el-chapo-guzman\" target=\"_blank\" rel=\"noopener\" data-t=\"{&quot;n&quot;:&quot;destination&quot;,&quot;t&quot;:13,&quot;b&quot;:1,&quot;c.t&quot;:7}\">Joaqu\u00edn\u00a0<i>El Chapo<\/i>\u00a0Guzm\u00e1n<\/a>. Junto con Miguel \u00c1ngel F\u00e9lix Gallardo, El Jefe de Jefes, y Ernesto Don Neto Fonseca Carrillo fund\u00f3, en la d\u00e9cada de los 70, el c\u00e1rtel de Guadalajara, el cual concentraba la mayor distribuci\u00f3n y sembrad\u00edo de drogas en M\u00e9xico.<\/p>\n<p data-t=\"{&quot;n&quot;:&quot;blueLinks&quot;}\">Durante este tiempo, Enrique Kiki Camarena, se infiltr\u00f3 en las filas del c\u00e1rtel de Guadalajara y le revel\u00f3 a la DEA la ubicaci\u00f3n del rancho &#8220;El B\u00fafalo&#8221;, uno de los m\u00e1s grandes sembrad\u00edos de la organizaci\u00f3n delictiva.<\/p>\n<p class=\"continue-read-break\" data-t=\"{&quot;n&quot;:&quot;blueLinks&quot;}\">Al ser descubierto, Kiki Camarena fue secuestrado, torturado y asesinado. El agente de la DEA fue hallado muerto el 5 de marzo en una zona rural de La Angostura, un pueblo en Michoac\u00e1n.<\/p>\n<p class=\"continue-read-break\" data-t=\"{&quot;n&quot;:&quot;blueLinks&quot;}\">Al ser descubierto, Kiki Camarena fue secuestrado, torturado y asesinado. El agente de la DEA fue hallado muerto el 5 de marzo en una zona rural de La Angostura, un pueblo en Michoac\u00e1n.<\/p>\n<p class=\"\" data-t=\"{&quot;n&quot;:&quot;blueLinks&quot;}\">Quintero fue detenido en Costa Rica el 4 de abril de 1985 junto con Jos\u00e9 Albino Baz\u00e1n, Juan Carlos Campero Villanueva, Luis Beltr\u00e1n, Miguel Lugo y Violeta Estrada Yaver. Tambi\u00e9n se encontraba Sara Cos\u00edo, quien en un principio se cre\u00eda que estaba secuestrada, pero posteriormente declar\u00f3 ser pareja de Caro Quintero.<\/p>\n<p class=\"\" data-t=\"{&quot;n&quot;:&quot;blueLinks&quot;}\">Caro Quintero fue condenado a 40 a\u00f1os de prisi\u00f3n y a pagar una multa de 487 mil 500 pesos (equivalencia monetaria de ese a\u00f1o) por los delitos de privaci\u00f3n ilegal de la libertad en su modalidad de secuestro.<\/p>\n<p class=\"\" data-t=\"{&quot;n&quot;:&quot;blueLinks&quot;}\">El Narco de Narcos fue acusado de los delitos de privaci\u00f3n ilegal de la libertad en su modalidad de secuestro, homicidio calificado, delitos contra la salud en sus modalidades de siembra, cultivo, cosecha, transportaci\u00f3n y tr\u00e1fico de mariguana, delitos contra la salud en sus modalidades de suministro de coca\u00edna y asociaci\u00f3n delictuosa.<\/p>\n<p class=\"\" data-t=\"{&quot;n&quot;:&quot;blueLinks&quot;}\">Caro Quintero fue recluido en el Centro Federal de Readaptaci\u00f3n Social N\u00famero 1 &#8220;El Altiplano&#8221;, mejor conocido como &#8220;Almoloya&#8221;, en el Estado de M\u00e9xico. A pesar de haber recibido una condena de 40 a\u00f1os, la defensa del capo logr\u00f3 revocarla argumentando que tuvo que haber sido juzgado en el fuero com\u00fan y no en tribunales federales, y que la estancia legal de Camarena en M\u00e9xico era irregular.<\/p>\n<p class=\"\" data-t=\"{&quot;n&quot;:&quot;blueLinks&quot;}\">En 2007, Caro Quintero fue trasladado al penal de m\u00e1xima seguridad de Puente Grande, donde estuvo hasta 2010 cuando fue llevado al reclusorio preventivo de Guadalajara debido a que un juez le concedi\u00f3 un amparo, pues el gobierno federal no pudo demostrar que era un criminal de alta peligrosidad.<\/p>\n<p class=\"\" data-t=\"{&quot;n&quot;:&quot;blueLinks&quot;}\">El 7 de agosto de 2013, un tribunal federal le otorg\u00f3 un amparo y orden\u00f3 la liberaci\u00f3n del narcotraficante ante las protestas de la PGR y del gobierno de los Estados Unidos. Dos a\u00f1os despu\u00e9s, el amparo le fue revocado y un juez federal emiti\u00f3 una nueva orden de aprehensi\u00f3n contra el ex l\u00edder del C\u00e1rtel de Guadalajara, acus\u00e1ndolo de secuestro y homicidio de Enrique Camarena Salazar y del piloto mexicano Alfredo Zavala Avelar, ocurridos en 1985.<\/p>\n<p class=\"\" data-t=\"{&quot;n&quot;:&quot;blueLinks&quot;}\">El ex jefe de Operaciones Internacionales de la DEA, Mike Vigil, dijo saber que Rafael Caro Quintero se encontraba escondido en la sierra de Sinaloa, lo que ha dificultado su captura.<\/p>\n<p class=\"\" data-t=\"{&quot;n&quot;:&quot;blueLinks&quot;}\">El 9 de agosto de 2013, luego de 28 a\u00f1os de estar preso en distintas c\u00e1rceles del pa\u00eds, Rafael Caro Quintero abandon\u00f3 la c\u00e1rcel y se \u201cesfum\u00f3\u201d.<\/p>\n<p class=\"\" data-t=\"{&quot;n&quot;:&quot;blueLinks&quot;}\">En acato a un amparo otorgado por el Primer Tribunal Colegiado en Materia Penal del Tercer Circuito, el Segundo Tribunal Unitario en Materia Penal con residencia en Jalisco, orden\u00f3 la libertad del narcotraficante que en su momento ofreci\u00f3 pagar la deuda externa de M\u00e9xico a cambio de su liberaci\u00f3n.<\/p>\n<p data-t=\"{&quot;n&quot;:&quot;blueLinks&quot;}\">\n<p data-t=\"{&quot;n&quot;:&quot;blueLinks&quot;}\">Con informaci\u00f3n de Milenio<\/p>\n","protected":false},"excerpt":{"rendered":"<p>La\u00a0DEA\u00a0(Administraci\u00f3n de Control de Drogas, por sus siglas en ingl\u00e9s) lo se\u00f1al\u00f3 como el enemigo p\u00fablico n\u00famero uno. Durante a\u00f1os buscaron dar con su paradero y encarcelarlo el resto de sus d\u00edas. Hoy,\u00a0Rafael Caro Quintero, fundador y miembro del c\u00e1rtel de Guadalajara, fue\u00a0detenido en Chihuahua. Para el gobierno estadunidense, el Narco de Narcos, como era conocido, fue el responsable de asesinar al agente de la DEA,\u00a0Enrique\u00a0Kiki\u00a0Camarena\u00a0y al piloto mexicano, Alfredo Zavala Avelar en 1985. \u00bfQui\u00e9n es Rafael Caro Quintero? Fue detenido en abril de 1985 pero liberado por un amparo de un tribunal federal en 2013, por lo que Estados [&hellip;]<\/p>\n","protected":false},"author":3,"featured_media":44255,"comment_status":"open","ping_status":"open","sticky":false,"template":"","format":"standard","meta":{"_jetpack_newsletter_access":"","_jetpack_dont_email_post_to_subs":false,"_jetpack_newsletter_tier_id":0,"_jetpack_memberships_contains_paywalled_content":false,"_jetpack_feature_clip_id":0,"_jetpack_memberships_contains_paid_content":false,"footnotes":"","jetpack_publicize_message":"","jetpack_publicize_feature_enabled":true,"jetpack_social_post_already_shared":true,"jetpack_social_options":{"image_generator_settings":{"template":"highway","default_image_id":0,"font":"","enabled":false},"version":2},"jetpack_post_was_ever_published":false},"categories":[75,72],"tags":[],"class_list":["post-44254","post","type-post","status-publish","format-standard","has-post-thumbnail","hentry","category-nacional","category-portada","post--single"],"jetpack_publicize_connections":[],"jetpack_featured_media_url":"https:\/\/ovelanalista.com\/wp-content\/uploads\/2022\/07\/Caro-Quintero-1.jpeg","jetpack_sharing_enabled":true,"_links":{"self":[{"href":"https:\/\/ovelanalista.com\/index.php?rest_route=\/wp\/v2\/posts\/44254","targetHints":{"allow":["GET"]}}],"collection":[{"href":"https:\/\/ovelanalista.com\/index.php?rest_route=\/wp\/v2\/posts"}],"about":[{"href":"https:\/\/ovelanalista.com\/index.php?rest_route=\/wp\/v2\/types\/post"}],"author":[{"embeddable":true,"href":"https:\/\/ovelanalista.com\/index.php?rest_route=\/wp\/v2\/users\/3"}],"replies":[{"embeddable":true,"href":"https:\/\/ovelanalista.com\/index.php?rest_route=%2Fwp%2Fv2%2Fcomments&post=44254"}],"version-history":[{"count":1,"href":"https:\/\/ovelanalista.com\/index.php?rest_route=\/wp\/v2\/posts\/44254\/revisions"}],"predecessor-version":[{"id":44256,"href":"https:\/\/ovelanalista.com\/index.php?rest_route=\/wp\/v2\/posts\/44254\/revisions\/44256"}],"wp:featuredmedia":[{"embeddable":true,"href":"https:\/\/ovelanalista.com\/index.php?rest_route=\/wp\/v2\/media\/44255"}],"wp:attachment":[{"href":"https:\/\/ovelanalista.com\/index.php?rest_route=%2Fwp%2Fv2%2Fmedia&parent=44254"}],"wp:term":[{"taxonomy":"category","embeddable":true,"href":"https:\/\/ovelanalista.com\/index.php?rest_route=%2Fwp%2Fv2%2Fcategories&post=44254"},{"taxonomy":"post_tag","embeddable":true,"href":"https:\/\/ovelanalista.com\/index.php?rest_route=%2Fwp%2Fv2%2Ftags&post=44254"}],"curies":[{"name":"wp","href":"https:\/\/api.w.org\/{rel}","templated":true}]}}