{"id":44257,"date":"2022-07-15T18:00:56","date_gmt":"2022-07-16T00:00:56","guid":{"rendered":"https:\/\/ovelanalista.com\/?p=44257"},"modified":"2022-07-15T15:14:01","modified_gmt":"2022-07-15T21:14:01","slug":"productores-de-leche-en-mexico-acusan-de-traicion-de-amlo-por-acuerdo-de-importacion-de-eu","status":"publish","type":"post","link":"https:\/\/ovelanalista.com\/?p=44257","title":{"rendered":"Productores de leche en M\u00e9xico acusan de &#8220;traici\u00f3n&#8221; de AMLO por acuerdo de importaci\u00f3n de EU"},"content":{"rendered":"<p><img decoding=\"async\" class=\"articlePage_TtvrImageMarker-DS-EntryPoint1-1\" src=\"data:image\/png;base64,iVBORw0KGgoAAAANSUhEUgAAAAEAAAABCAQAAAC1HAwCAAAAC0lEQVR42mNkYAAAAAYAAjCB0C8AAAAASUVORK5CYII=\" \/><\/p>\n<article>\n<div class=\"views-article-body articlePage_body-DS-EntryPoint1-1\">\n<p data-t=\"{&quot;n&quot;:&quot;blueLinks&quot;}\">El presidente\u00a0<strong>Andr\u00e9s Manuel<\/strong>\u00a0<strong>L\u00f3pez Obrador\u00a0<\/strong>se comprometi\u00f3 en su reciente visita a Estados Unidos\u00a0de<strong>\u00a0comprar a productores de ese pa\u00eds\u00a020 mil toneladas de\u00a0<a tabindex=\"0\" href=\"https:\/\/quinto-poder.mx\/bienestar\/2022\/4\/6\/profeco-revela-marcas-de-leche-en-polvo-para-bebe-que-danan-la-salud-el-medio-ambiente-11182.html\" target=\"_blank\" rel=\"noopener\" data-t=\"{&quot;n&quot;:&quot;destination&quot;,&quot;t&quot;:13,&quot;b&quot;:1,&quot;c.t&quot;:7}\">leche en polvo<\/a><\/strong>, lo que fue se\u00f1alado por productores de leche mexicanos y legisladores de Movimiento Ciudadano\u00a0como algo\u00a0contrario a su discurso de promover la soberan\u00eda alimentaria. As\u00ed mismo, los productores acusaron que\u00a0llevar\u00e1 a la quiebra a miles de ganaderos mexicanos.<\/p>\n<p data-t=\"{&quot;n&quot;:&quot;blueLinks&quot;}\">El senador Clemente Casta\u00f1eda, coordinador del grupo parlamentario de\u00a0<strong>Movimiento Ciudadano,<\/strong>\u00a0se\u00f1al\u00f3 en el Senado de la Rep\u00fablica que en\u00a0marzo de 2019,\u00a0<strong>AMLO<\/strong>, estando en el municipio de Encarnaci\u00f3n de D\u00edaz, Jalisco,\u00a0<strong>se comprometi\u00f3 a no comprar la leche en el extranjero<\/strong>, para apoyar las cuencas lecheras de los Altos de Jalisco.<\/p>\n<div class=\"article-image-slot\" data-image-href=\"https:\/\/www.msn.com\/es-mx\/noticias\/mexico\/productores-de-leche-en-m%C3%A9xico-acusan-de-traici%C3%B3n-de-amlo-por-acuerdo-de-importaci%C3%B3n-de-eu\/ar-AAZCvuF?ocid=EMMX&amp;cvid=f5750648078b492183ce09f16ce56ef5&amp;fullscreen=true#image=2\" data-doc-id=\"cms\/api\/amp\/image\/AAZCxQP\" data-rendered=\"true\">\n<div class=\"article-image-container\" data-t=\"{&quot;n&quot;:&quot;OpenModal&quot;,&quot;t&quot;:13}\">\n<div style=\"width: 778px\" class=\"wp-caption alignnone\"><a class=\"article-image-height-wrapper\" href=\"https:\/\/www.msn.com\/es-mx\/noticias\/mexico\/productores-de-leche-en-m%C3%A9xico-acusan-de-traici%C3%B3n-de-amlo-por-acuerdo-de-importaci%C3%B3n-de-eu\/ar-AAZCvuF?ocid=EMMX&amp;cvid=f5750648078b492183ce09f16ce56ef5&amp;fullscreen=true#image=2\" data-t=\"{&quot;n&quot;:&quot;destination&quot;,&quot;t&quot;:14,&quot;b&quot;:1,&quot;c.t&quot;:14}\"><img loading=\"lazy\" decoding=\"async\" class=\"article-image\" tabindex=\"0\" title=\"Jalisco es el mayor productor de leche en M\u00e9xico, con 21 por ciento de la producci\u00f3n. Foto: Cuartoscuro.\" src=\"https:\/\/img-s-msn-com.akamaized.net\/tenant\/amp\/entityid\/AAZCxQP.img?w=768&amp;h=511&amp;m=6\" alt=\"Jalisco es el mayor productor de leche en M\u00e9xico, con 21 por ciento de la producci\u00f3n. Foto: Cuartoscuro.\" width=\"768\" height=\"511\" \/><\/a><p class=\"wp-caption-text\">\u00a9\u00a0Proporcionado por Quinto PoderJalisco es el mayor productor de leche en M\u00e9xico, con 21 por ciento de la producci\u00f3n. Foto: Cuartoscuro.<\/p><\/div>\n<div class=\"image-caption-container\"><\/div>\n<\/div>\n<\/div>\n<blockquote><p>\u201cNos atrevemos a afirmar que, si esto se mantiene,<strong>\u00a0el presidente habr\u00e1 traicionado a los lecheros del pa\u00eds\u00a0y habr\u00e1 traicionado su palabra<\/strong>. En lugar de invertir en proyectos que detonen y diversifiquen la industria, hace compromisos comerciales que van a lastimar al sector pecuario de M\u00e9xico\u201d, acus\u00f3\u00a0Casta\u00f1eda.<\/p><\/blockquote>\n<p data-t=\"{&quot;n&quot;:&quot;blueLinks&quot;}\">As\u00ed mismo, Lalo Ron, diputado local del Congreso de Jalisco, denunci\u00f3 que el gobierno federal nunca pag\u00f3 los 10 pesos que prometi\u00f3 que pagar\u00eda por\u00a0<strong>litro de<a tabindex=\"0\" href=\"https:\/\/quinto-poder.mx\/tendencias\/2022\/5\/27\/leches-que-no-son-leche-profeco-revela-marcas-que-no-venden-lo-que-prometen-12477.html\" target=\"_blank\" rel=\"noopener\" data-t=\"{&quot;n&quot;:&quot;destination&quot;,&quot;t&quot;:13,&quot;b&quot;:1,&quot;c.t&quot;:7}\">\u00a0leche<\/a><\/strong>\u00a0y que actualmente le ofrecen un mejor precio a los estadounidenses.<\/p>\n<blockquote><p>\u201cPuras mentiras, empezamos en 2018 con un \u2018precio de garant\u00eda\u2019 de 8 pesos, que nunca se lleg\u00f3; acaba de anunciar un \u2018precio de garant\u00eda\u2019 de 10 pesos, quiero invitarles a preguntar a los productores \u00bfa qui\u00e9n le pagan 10 pesos? Es pura demagogia, no es cierto\u201d, critic\u00f3\u00a0el diputado local.<\/p><\/blockquote>\n<div class=\"article-image-slot\" data-image-href=\"https:\/\/www.msn.com\/es-mx\/noticias\/mexico\/productores-de-leche-en-m%C3%A9xico-acusan-de-traici%C3%B3n-de-amlo-por-acuerdo-de-importaci%C3%B3n-de-eu\/ar-AAZCvuF?ocid=EMMX&amp;cvid=f5750648078b492183ce09f16ce56ef5&amp;fullscreen=true#image=3\" data-doc-id=\"cms\/api\/amp\/image\/AAZCxQR\" data-rendered=\"true\">\n<div class=\"article-image-container\" data-t=\"{&quot;n&quot;:&quot;OpenModal&quot;,&quot;t&quot;:13}\">\n<div style=\"width: 778px\" class=\"wp-caption alignnone\"><a class=\"article-image-height-wrapper\" href=\"https:\/\/www.msn.com\/es-mx\/noticias\/mexico\/productores-de-leche-en-m%C3%A9xico-acusan-de-traici%C3%B3n-de-amlo-por-acuerdo-de-importaci%C3%B3n-de-eu\/ar-AAZCvuF?ocid=EMMX&amp;cvid=f5750648078b492183ce09f16ce56ef5&amp;fullscreen=true#image=3\" data-t=\"{&quot;n&quot;:&quot;destination&quot;,&quot;t&quot;:14,&quot;b&quot;:1,&quot;c.t&quot;:14}\"><img loading=\"lazy\" decoding=\"async\" class=\"article-image\" tabindex=\"0\" title=\"M\u00e9xico ocupa el d\u00e9cimo quinto lugar mundial en producci\u00f3n de leche de bovino. Foto: Cuartoscuro.\" src=\"https:\/\/img-s-msn-com.akamaized.net\/tenant\/amp\/entityid\/AAZCxQR.img?w=768&amp;h=511&amp;m=6\" alt=\"M\u00e9xico ocupa el d\u00e9cimo quinto lugar mundial en producci\u00f3n de leche de bovino. Foto: Cuartoscuro.\" width=\"768\" height=\"511\" \/><\/a><p class=\"wp-caption-text\">\u00a9 Proporcionado por Quinto PoderM\u00e9xico ocupa el d\u00e9cimo quinto lugar mundial en producci\u00f3n de leche de bovino. Foto: Cuartoscuro.<\/p><\/div>\n<\/div>\n<\/div>\n<p class=\"continue-read-break\" data-t=\"{&quot;n&quot;:&quot;blueLinks&quot;}\">Casta\u00f1eda declar\u00f3 que buscar\u00e1n la comparecencia en el Senado del\u00a0Secretario de Agricultura y Desarrollo Rural y a los titulares de\u00a0<strong>Segalmex\u00a0<\/strong>y\u00a0<strong>Liconsa\u00a0<\/strong>para tratar de llegar a nuevos acuerdos. As\u00ed mismo, dijo que buscar\u00e1n una reuni\u00f3n interparlamentaria\u00a0con los\u00a0legisladores de Estados Unido, para lograr un mejor acuerdo en la agenda bilateral de\u00a0<strong>comercio de l\u00e1cteos.<\/strong><\/p>\n<\/div>\n<\/article>\n<p data-t=\"{&quot;n&quot;:&quot;blueLinks&quot;}\">\n<p data-t=\"{&quot;n&quot;:&quot;blueLinks&quot;}\">\n<p data-t=\"{&quot;n&quot;:&quot;blueLinks&quot;}\">Con informaci\u00f3n de Quinto Poder<\/p>\n","protected":false},"excerpt":{"rendered":"<p>El presidente\u00a0Andr\u00e9s Manuel\u00a0L\u00f3pez Obrador\u00a0se comprometi\u00f3 en su reciente visita a Estados Unidos\u00a0de\u00a0comprar a productores de ese pa\u00eds\u00a020 mil toneladas de\u00a0leche en polvo, lo que fue se\u00f1alado por productores de leche mexicanos y legisladores de Movimiento Ciudadano\u00a0como algo\u00a0contrario a su discurso de promover la soberan\u00eda alimentaria. As\u00ed mismo, los productores acusaron que\u00a0llevar\u00e1 a la quiebra a miles de ganaderos mexicanos. El senador Clemente Casta\u00f1eda, coordinador del grupo parlamentario de\u00a0Movimiento Ciudadano,\u00a0se\u00f1al\u00f3 en el Senado de la Rep\u00fablica que en\u00a0marzo de 2019,\u00a0AMLO, estando en el municipio de Encarnaci\u00f3n de D\u00edaz, Jalisco,\u00a0se comprometi\u00f3 a no comprar la leche en el extranjero, para apoyar las [&hellip;]<\/p>\n","protected":false},"author":3,"featured_media":44258,"comment_status":"open","ping_status":"open","sticky":false,"template":"","format":"standard","meta":{"_jetpack_newsletter_access":"","_jetpack_dont_email_post_to_subs":false,"_jetpack_newsletter_tier_id":0,"_jetpack_memberships_contains_paywalled_content":false,"_jetpack_feature_clip_id":0,"_jetpack_memberships_contains_paid_content":false,"footnotes":"","jetpack_publicize_message":"","jetpack_publicize_feature_enabled":true,"jetpack_social_post_already_shared":true,"jetpack_social_options":{"image_generator_settings":{"template":"highway","default_image_id":0,"font":"","enabled":false},"version":2},"jetpack_post_was_ever_published":false},"categories":[75,72],"tags":[],"class_list":["post-44257","post","type-post","status-publish","format-standard","has-post-thumbnail","hentry","category-nacional","category-portada","post--single"],"jetpack_publicize_connections":[],"jetpack_featured_media_url":"https:\/\/ovelanalista.com\/wp-content\/uploads\/2022\/07\/leche-en-polvo.jpeg","jetpack_sharing_enabled":true,"_links":{"self":[{"href":"https:\/\/ovelanalista.com\/index.php?rest_route=\/wp\/v2\/posts\/44257","targetHints":{"allow":["GET"]}}],"collection":[{"href":"https:\/\/ovelanalista.com\/index.php?rest_route=\/wp\/v2\/posts"}],"about":[{"href":"https:\/\/ovelanalista.com\/index.php?rest_route=\/wp\/v2\/types\/post"}],"author":[{"embeddable":true,"href":"https:\/\/ovelanalista.com\/index.php?rest_route=\/wp\/v2\/users\/3"}],"replies":[{"embeddable":true,"href":"https:\/\/ovelanalista.com\/index.php?rest_route=%2Fwp%2Fv2%2Fcomments&post=44257"}],"version-history":[{"count":1,"href":"https:\/\/ovelanalista.com\/index.php?rest_route=\/wp\/v2\/posts\/44257\/revisions"}],"predecessor-version":[{"id":44259,"href":"https:\/\/ovelanalista.com\/index.php?rest_route=\/wp\/v2\/posts\/44257\/revisions\/44259"}],"wp:featuredmedia":[{"embeddable":true,"href":"https:\/\/ovelanalista.com\/index.php?rest_route=\/wp\/v2\/media\/44258"}],"wp:attachment":[{"href":"https:\/\/ovelanalista.com\/index.php?rest_route=%2Fwp%2Fv2%2Fmedia&parent=44257"}],"wp:term":[{"taxonomy":"category","embeddable":true,"href":"https:\/\/ovelanalista.com\/index.php?rest_route=%2Fwp%2Fv2%2Fcategories&post=44257"},{"taxonomy":"post_tag","embeddable":true,"href":"https:\/\/ovelanalista.com\/index.php?rest_route=%2Fwp%2Fv2%2Ftags&post=44257"}],"curies":[{"name":"wp","href":"https:\/\/api.w.org\/{rel}","templated":true}]}}