{"id":44260,"date":"2022-07-15T18:15:09","date_gmt":"2022-07-16T00:15:09","guid":{"rendered":"https:\/\/ovelanalista.com\/?p=44260"},"modified":"2022-07-15T15:15:40","modified_gmt":"2022-07-15T21:15:40","slug":"biden-aterriza-en-arabia-saudita-busca-convencer-al-reino-petrolero-que-abra-el-grifo","status":"publish","type":"post","link":"https:\/\/ovelanalista.com\/?p=44260","title":{"rendered":"Biden aterriza en Arabia Saudita; busca convencer al reino petrolero que abra el grifo"},"content":{"rendered":"<p><span style=\"font-size: 1.21429rem;\">En un viaje que podr\u00eda impulsar tambi\u00e9n las relaciones entre los sauditas e Israel, principales productores de petr\u00f3leo, el presidente estadunidense, <\/span><b style=\"font-size: 1.21429rem;\">Joe Biden, aterriz\u00f3 en Arabia Saudita este viernes.\u00a0<\/b><\/p>\n<article>\n<div class=\"views-article-body articlePage_body-DS-EntryPoint1-1\">\n<p data-t=\"{&quot;n&quot;:&quot;blueLinks&quot;}\">Medios estatales sauditas mostraron im\u00e1genes del avi\u00f3n presidencial en el aeropuerto de la ciudad costera de Yed\u00e1 (oeste), procedente de Israel, lo que\u00a0<b>convierte a Biden en el primer l\u00edder estadunidense en viajar directamente desde Israel<\/b>\u00a0a un pa\u00eds \u00e1rabe que no reconoce oficialmente a este \u00faltimo.<\/p>\n<p data-t=\"{&quot;n&quot;:&quot;blueLinks&quot;}\">Su predecesor, el republicano Donald Trump, hizo en 2017 este viaje pero en sentido inverso.<\/p>\n<p data-t=\"{&quot;n&quot;:&quot;blueLinks&quot;}\">Justo antes de su desplazamiento a esa monarqu\u00eda del Golfo, Israel dijo que no ten\u00eda &#8220;ninguna objeci\u00f3n&#8221; a la transferencia de dos islotes estrat\u00e9gicos a Arabia Saudita y \u00e9ste\u00a0<b>anunci\u00f3 la apertura de su espacio a\u00e9reo a &#8220;todas las aerol\u00edneas&#8221;, incluyendo israel\u00edes.<\/b><\/p>\n<p data-t=\"{&quot;n&quot;:&quot;blueLinks&quot;}\">Biden calific\u00f3 de &#8220;hist\u00f3rica&#8221; la decisi\u00f3n&#8221; de Riad e Israel de &#8220;paso importante&#8221;.<\/p>\n<p data-t=\"{&quot;n&quot;:&quot;blueLinks&quot;}\">Las dos iniciativas podr\u00edan, seg\u00fan analistas,\u00a0<b>abrir una v\u00eda para un posible acercamiento de Arabia Saudita e Israel,<\/b>\u00a0un pa\u00eds que en 2020 regulariz\u00f3 sus v\u00ednculos con dos pa\u00edses aliados del reino saudita: los Emiratos \u00c1rabes Unidos y Bar\u00e9in.<\/p>\n<h2 class=\"article-sub-heading\"><b>Un encuentro con el pr\u00edncipe heredero<\/b><\/h2>\n<p class=\"continue-read-break\" data-t=\"{&quot;n&quot;:&quot;blueLinks&quot;}\">Tras dos d\u00edas de intercambios abiertamente c\u00e1lidos con el primer ministro israel\u00ed y de su reuni\u00f3n m\u00e1s austera con el l\u00edder de la Autoridad Palestina, Mahmud Abas,\u00a0<b>Biden inicia el tramo m\u00e1s estrat\u00e9gico y tambi\u00e9n el m\u00e1s complejo de su periplo<\/b>, ya que Arabia Saudita es una potencia petrolera, acusada de graves violaciones a los derechos humanos.<\/p>\n<p class=\"\" data-t=\"{&quot;n&quot;:&quot;blueLinks&quot;}\">Cuando era candidato, prometi\u00f3 mantener en un estatuto de &#8220;paria&#8221; al reino tras asesinato del periodista Jamal Khashoggi y tras ser elegido desclasific\u00f3 un informe que se\u00f1ala al pr\u00edncipe heredero saud\u00ed Mohamed bin Salm\u00e1n en la trama para terminar con la vida del reportero, algo que Riad siempre ha negado.<\/p>\n<p class=\"\" data-t=\"{&quot;n&quot;:&quot;blueLinks&quot;}\">Pero este viernes\u00a0<b>Biden se reunir\u00e1 con el pr\u00edncipe heredero,<\/b>\u00a0que gobierna de facto el reino, y con sus ministros.<\/p>\n<p class=\"\" data-t=\"{&quot;n&quot;:&quot;blueLinks&quot;}\">Ahora trata Biden debe buscar el equilibrio entre mantenerse fiel a su defensa de los derechos humanos y de<b>\u00a0convencer al reino petrolero para que abra el grifo de la producci\u00f3n de crudo<\/b>\u00a0para bajar el precio de los combustibles y anclar la inflaci\u00f3n.<\/p>\n<p class=\"\" data-t=\"{&quot;n&quot;:&quot;blueLinks&quot;}\">Se espera que Biden se encuentre con gobernantes \u00e1rabes del Consejo de Cooperaci\u00f3n del Golfo reunidos en la ciudad saudita,\u00a0<b>para discutir el sensible tema de la cotizaci\u00f3n del crudo.<\/b><\/p>\n<h2 class=\"article-sub-heading\">Ayudas para los palestinos<\/h2>\n<p class=\"\" data-t=\"{&quot;n&quot;:&quot;blueLinks&quot;}\">Antes de viajar hacia Arabia Saudita, Biden visit\u00f3 el hospital Augusta Victoria en Jerusal\u00e9n Este, un lugar de la Ciudad Santa ocupado por Israel, donde\u00a0<b>anunci\u00f3 una ayuda de 100 millones de d\u00f3lares a la red hospitalaria local.<\/b><\/p>\n<p class=\"\" data-t=\"{&quot;n&quot;:&quot;blueLinks&quot;}\">Despu\u00e9s, se reuni\u00f3 con el l\u00edder de la Autoridad en Cisjordania ocupada.<\/p>\n<p class=\"\" data-t=\"{&quot;n&quot;:&quot;blueLinks&quot;}\">All\u00ed lo esperaban manifestantes para pedir &#8220;justicia&#8221; por la muerte de la periodista palestino-estadounidense Shireen Abu Akleh en mayo pasado\u00a0<b>cuando cubr\u00eda una operaci\u00f3n militar israel\u00ed en Cisjordania ocupada.<\/b><\/p>\n<p class=\"\" data-t=\"{&quot;n&quot;:&quot;blueLinks&quot;}\">En una rueda de prensa Biden dijo que &#8220;Estados Unidos seguir\u00e1 insistiendo en una completa y<b>\u00a0transparente rendici\u00f3n de cuentas de su muerte&#8221;,<\/b>\u00a0elogiando el trabajo de la periodista de la cadena catar\u00ed de televisi\u00f3n Al Jazeera.<\/p>\n<p class=\"\" data-t=\"{&quot;n&quot;:&quot;blueLinks&quot;}\">Adem\u00e1s anunci\u00f3 un proyecto de internet 4G en la Franja de Gaza y Cisjordania para finales de 2023, una aspiraci\u00f3n de muchos palestinos que han visto c\u00f3mo\u00a0<b>algunos en Israel utilizan redes de 5G.<\/b><\/p>\n<p class=\"\" data-t=\"{&quot;n&quot;:&quot;blueLinks&quot;}\">Por su parte, Abas insisti\u00f3 en medidas pol\u00edticas, m\u00e1s que econ\u00f3micas, para poner fin, seg\u00fan \u00e9l, al &#8220;apartheid&#8221;\u00a0<b>israel\u00ed en los territorios palestinos ocupados.<\/b><\/p>\n<p class=\"\" data-t=\"{&quot;n&quot;:&quot;blueLinks&quot;}\">El presidente estadounidense reafirm\u00f3 el apoyo de Washington a &#8220;una soluci\u00f3n de dos Estados para dos pueblos&#8221;.<\/p>\n<p class=\"\" data-t=\"{&quot;n&quot;:&quot;blueLinks&quot;}\">Pero el jueves dej\u00f3 claro que no pretende revertir el pol\u00e9mico reconocimiento de Jerusal\u00e9n como capital de Israel. Esta medida, de su antecesor Donald Trump, caus\u00f3 mucha indignaci\u00f3n entre los palestinos,\u00a0<b>los cuales ven a Jerusal\u00e9n Este como sede de su futuro Estado.<\/b><\/p>\n<p class=\"\" data-t=\"{&quot;n&quot;:&quot;blueLinks&quot;}\">El primer ministro israel\u00ed dice que apoya la soluci\u00f3n de dos Estados, pero no se espera que haya avances hacia un acuerdo de paz antes de las elecciones de noviembre.<\/p>\n<p class=\"\" data-t=\"{&quot;n&quot;:&quot;blueLinks&quot;}\">Los temas que centraron la reuni\u00f3n con Lapid fueron el\u00a0<b>programa nuclear iran\u00ed\u00a0<\/b>y su apoyo a grupos islamistas como Ham\u00e1s, que gobierna la Franja de Gaza.<\/p>\n<p class=\"\" data-t=\"{&quot;n&quot;:&quot;blueLinks&quot;}\">Biden y Lapid firmaron un nuevo pacto de seguridad en el cual Washington se comprometi\u00f3 a utilizar todo su &#8220;poder\u00edo nacional&#8221;\u00a0<b>para asegurar que Ir\u00e1n no llegue a hacerse con un arma nuclear.<\/b><\/p>\n<\/div>\n<\/article>\n<p data-t=\"{&quot;n&quot;:&quot;blueLinks&quot;}\">\n<p data-t=\"{&quot;n&quot;:&quot;blueLinks&quot;}\">Con informaci\u00f3n de Milenio<\/p>\n","protected":false},"excerpt":{"rendered":"<p>En un viaje que podr\u00eda impulsar tambi\u00e9n las relaciones entre los sauditas e Israel, principales productores de petr\u00f3leo, el presidente estadunidense, Joe Biden, aterriz\u00f3 en Arabia Saudita este viernes.\u00a0 Medios estatales sauditas mostraron im\u00e1genes del avi\u00f3n presidencial en el aeropuerto de la ciudad costera de Yed\u00e1 (oeste), procedente de Israel, lo que\u00a0convierte a Biden en el primer l\u00edder estadunidense en viajar directamente desde Israel\u00a0a un pa\u00eds \u00e1rabe que no reconoce oficialmente a este \u00faltimo. Su predecesor, el republicano Donald Trump, hizo en 2017 este viaje pero en sentido inverso. Justo antes de su desplazamiento a esa monarqu\u00eda del Golfo, Israel [&hellip;]<\/p>\n","protected":false},"author":3,"featured_media":44261,"comment_status":"open","ping_status":"open","sticky":false,"template":"","format":"standard","meta":{"_jetpack_newsletter_access":"","_jetpack_dont_email_post_to_subs":false,"_jetpack_newsletter_tier_id":0,"_jetpack_memberships_contains_paywalled_content":false,"_jetpack_feature_clip_id":0,"_jetpack_memberships_contains_paid_content":false,"footnotes":"","jetpack_publicize_message":"","jetpack_publicize_feature_enabled":true,"jetpack_social_post_already_shared":true,"jetpack_social_options":{"image_generator_settings":{"template":"highway","default_image_id":0,"font":"","enabled":false},"version":2},"jetpack_post_was_ever_published":false},"categories":[89,72],"tags":[],"class_list":["post-44260","post","type-post","status-publish","format-standard","has-post-thumbnail","hentry","category-internacional","category-portada","post--single"],"jetpack_publicize_connections":[],"jetpack_featured_media_url":"https:\/\/ovelanalista.com\/wp-content\/uploads\/2022\/07\/Biden-aterriza-en-Arabia-Saudita.jpeg","jetpack_sharing_enabled":true,"_links":{"self":[{"href":"https:\/\/ovelanalista.com\/index.php?rest_route=\/wp\/v2\/posts\/44260","targetHints":{"allow":["GET"]}}],"collection":[{"href":"https:\/\/ovelanalista.com\/index.php?rest_route=\/wp\/v2\/posts"}],"about":[{"href":"https:\/\/ovelanalista.com\/index.php?rest_route=\/wp\/v2\/types\/post"}],"author":[{"embeddable":true,"href":"https:\/\/ovelanalista.com\/index.php?rest_route=\/wp\/v2\/users\/3"}],"replies":[{"embeddable":true,"href":"https:\/\/ovelanalista.com\/index.php?rest_route=%2Fwp%2Fv2%2Fcomments&post=44260"}],"version-history":[{"count":2,"href":"https:\/\/ovelanalista.com\/index.php?rest_route=\/wp\/v2\/posts\/44260\/revisions"}],"predecessor-version":[{"id":44263,"href":"https:\/\/ovelanalista.com\/index.php?rest_route=\/wp\/v2\/posts\/44260\/revisions\/44263"}],"wp:featuredmedia":[{"embeddable":true,"href":"https:\/\/ovelanalista.com\/index.php?rest_route=\/wp\/v2\/media\/44261"}],"wp:attachment":[{"href":"https:\/\/ovelanalista.com\/index.php?rest_route=%2Fwp%2Fv2%2Fmedia&parent=44260"}],"wp:term":[{"taxonomy":"category","embeddable":true,"href":"https:\/\/ovelanalista.com\/index.php?rest_route=%2Fwp%2Fv2%2Fcategories&post=44260"},{"taxonomy":"post_tag","embeddable":true,"href":"https:\/\/ovelanalista.com\/index.php?rest_route=%2Fwp%2Fv2%2Ftags&post=44260"}],"curies":[{"name":"wp","href":"https:\/\/api.w.org\/{rel}","templated":true}]}}