{"id":44291,"date":"2022-07-15T17:27:03","date_gmt":"2022-07-15T23:27:03","guid":{"rendered":"https:\/\/ovelanalista.com\/?p=44291"},"modified":"2022-07-15T17:27:03","modified_gmt":"2022-07-15T23:27:03","slug":"arranca-ruta-4x4-el-alamazo-2022-desde-el-municipio-de-el-fuerte","status":"publish","type":"post","link":"https:\/\/ovelanalista.com\/?p=44291","title":{"rendered":"Arranca Ruta 4&#215;4 El Alamazo 2022 desde El Municipio de el Fuerte."},"content":{"rendered":"<p><span style=\"font-size: 1.1429rem;\">En la quinta edici\u00f3n de esta reconocida ruta, el punto de partida fue el Pueblo M\u00e1gico de El Fuerte, con destino hacia \u00c1lamos, Sonora, esto con la finalidad de detonar la actividad tur\u00edstica de ambos pueblos m\u00e1gicos.<\/span><\/p>\n<p>El Fuerte, Sinaloa, a 15 de julio del 2022.- En las afueras del Palacio Municipal, se dio el banderazo de inicio de la 5ta Ruta \u201cEl Alamazo\u201d, evento que a lo largo de su historia ha convocado a aficionados de los recorridos todo terreno, provenientes de todo Sinaloa, Sonora y parte de Estados Unidos.<\/p>\n<p>En comentarios hechos por el comit\u00e9 organizador de esta ruta, manifestaron que el inter\u00e9s de iniciar el recorrido desde El Fuerte hacia \u00c1lamos, es ofrecer un atractivo m\u00e1s a sus participantes, quienes podr\u00e1n disfrutar de las bellezas naturales del municipio y a la par activar la derrama econ\u00f3mica en ambos lugares. Beneficiando a comercios, hoteles y restaurantes.<\/p>\n<p>En el banderazo de inicio, se cont\u00f3 con la presencia del alcalde Gildardo Leyva Ortega, quien extern\u00f3 palabras de bienvenida a los organizadores y participantes, deseando que la estad\u00eda en el municipio de El Fuerte haya sido del agrado de todos.<\/p>\n<p>\u201cEl Fuerte los recibe con los brazos abiertos, esperemos que se lleven una buena impresi\u00f3n de nuestro Pueblo M\u00e1gico\u201d, expres\u00f3.<\/p>\n<p>La realizaci\u00f3n de este tipo de eventos marca un precedente actual de colaboraci\u00f3n entre ambos pueblos m\u00e1gicos, fruto de compromisos pactados entre los respectivos mandatarios, quienes buscan retomar la hermandad hist\u00f3rica que une a los municipios y que los lleva a trabajar de la mano, en el rescate tur\u00edstico para el beneficio de sus habitantes.<\/p>\n","protected":false},"excerpt":{"rendered":"<p>En la quinta edici\u00f3n de esta reconocida ruta, el punto de partida fue el Pueblo M\u00e1gico de El Fuerte, con destino hacia \u00c1lamos, Sonora, esto con la finalidad de detonar la actividad tur\u00edstica de ambos pueblos m\u00e1gicos. El Fuerte, Sinaloa, a 15 de julio del 2022.- En las afueras del Palacio Municipal, se dio el banderazo de inicio de la 5ta Ruta \u201cEl Alamazo\u201d, evento que a lo largo de su historia ha convocado a aficionados de los recorridos todo terreno, provenientes de todo Sinaloa, Sonora y parte de Estados Unidos. En comentarios hechos por el comit\u00e9 organizador de esta [&hellip;]<\/p>\n","protected":false},"author":3,"featured_media":44298,"comment_status":"open","ping_status":"open","sticky":false,"template":"","format":"gallery","meta":{"_jetpack_newsletter_access":"","_jetpack_dont_email_post_to_subs":false,"_jetpack_newsletter_tier_id":0,"_jetpack_memberships_contains_paywalled_content":false,"_jetpack_feature_clip_id":0,"_jetpack_memberships_contains_paid_content":false,"footnotes":"","jetpack_publicize_message":"","jetpack_publicize_feature_enabled":true,"jetpack_social_post_already_shared":true,"jetpack_social_options":{"image_generator_settings":{"template":"highway","default_image_id":0,"font":"","enabled":false},"version":2},"jetpack_post_was_ever_published":false},"categories":[72,85],"tags":[],"class_list":["post-44291","post","type-post","status-publish","format-gallery","has-post-thumbnail","hentry","category-portada","category-sinaloa-norte","post_format-post-format-gallery","post--single"],"jetpack_publicize_connections":[],"jetpack_featured_media_url":"https:\/\/ovelanalista.com\/wp-content\/uploads\/2022\/07\/IMG-20220715-WA0042.jpg","jetpack_sharing_enabled":true,"_links":{"self":[{"href":"https:\/\/ovelanalista.com\/index.php?rest_route=\/wp\/v2\/posts\/44291","targetHints":{"allow":["GET"]}}],"collection":[{"href":"https:\/\/ovelanalista.com\/index.php?rest_route=\/wp\/v2\/posts"}],"about":[{"href":"https:\/\/ovelanalista.com\/index.php?rest_route=\/wp\/v2\/types\/post"}],"author":[{"embeddable":true,"href":"https:\/\/ovelanalista.com\/index.php?rest_route=\/wp\/v2\/users\/3"}],"replies":[{"embeddable":true,"href":"https:\/\/ovelanalista.com\/index.php?rest_route=%2Fwp%2Fv2%2Fcomments&post=44291"}],"version-history":[{"count":1,"href":"https:\/\/ovelanalista.com\/index.php?rest_route=\/wp\/v2\/posts\/44291\/revisions"}],"predecessor-version":[{"id":44305,"href":"https:\/\/ovelanalista.com\/index.php?rest_route=\/wp\/v2\/posts\/44291\/revisions\/44305"}],"wp:featuredmedia":[{"embeddable":true,"href":"https:\/\/ovelanalista.com\/index.php?rest_route=\/wp\/v2\/media\/44298"}],"wp:attachment":[{"href":"https:\/\/ovelanalista.com\/index.php?rest_route=%2Fwp%2Fv2%2Fmedia&parent=44291"}],"wp:term":[{"taxonomy":"category","embeddable":true,"href":"https:\/\/ovelanalista.com\/index.php?rest_route=%2Fwp%2Fv2%2Fcategories&post=44291"},{"taxonomy":"post_tag","embeddable":true,"href":"https:\/\/ovelanalista.com\/index.php?rest_route=%2Fwp%2Fv2%2Ftags&post=44291"}],"curies":[{"name":"wp","href":"https:\/\/api.w.org\/{rel}","templated":true}]}}