{"id":44307,"date":"2022-07-15T17:30:27","date_gmt":"2022-07-15T23:30:27","guid":{"rendered":"https:\/\/ovelanalista.com\/?p=44307"},"modified":"2022-07-15T17:30:27","modified_gmt":"2022-07-15T23:30:27","slug":"el-dia-mundial-de-la-poblacion-obliga-a-reflexionar-sobre-nuestro-papel-en-el-congreso-del-estado-diputada-deisy-judith-ayala-valenzuela","status":"publish","type":"post","link":"https:\/\/ovelanalista.com\/?p=44307","title":{"rendered":"EL DIA MUNDIAL DE LA POBLACI\u00d3N OBLIGA A REFLEXIONAR SOBRE NUESTRO PAPEL EN EL CONGRESO DEL ESTADO: DIPUTADA DEISY JUDITH AYALA VALENZUELA"},"content":{"rendered":"<p><span style=\"font-size: 1.1429rem;\">Al hacer uso de la voz en representaci\u00f3n del Grupo Parlamentario del PRI, la Diputada Deisy Ayala enfatiz\u00f3 que m\u00e1s all\u00e1 de las cifras y los datos expuestos, el D\u00eda Mundial de la Poblaci\u00f3n es una oportunidad para reflexionar en la responsabilidad que las y los legisladores tienen frente a la realidad que enfrenta la poblaci\u00f3n en Sinaloa.<\/span><\/p>\n<p>Puso en contexto temas que parten de la desigualdad social y desigualdad econ\u00f3mica, entre los que destacan;<br \/>\nEn SALUD orientar la base legal para el acceso a un seguro universal de salud<br \/>\nEn EDUCACI\u00d3N impulsar la revisi\u00f3n de la curr\u00edcula universitaria para potencializar el esfuerzo de las y los j\u00f3venes, darle mayor \u00e9nfasis al emprendimiento y al valor de su desempe\u00f1o laboral.<br \/>\nEn VIVIENDA dar atenci\u00f3n al etiquetado de recursos para asegurar reservas territoriales y ofrecer programas sociales asequibles a las clases populares en las zonas urbanas y en las zonas rurales establecer un programa de materiales y autoconstrucci\u00f3n asistida.<br \/>\nEn AGUA y AIRE grandes temas ambientales que requieren campa\u00f1as y cuidado de conservaci\u00f3n de dos recursos b\u00e1sicos para la subsistencia humana.<br \/>\nEn ALIMENTACI\u00d3N el reto de apoyar a la poblaci\u00f3n vulnerable, en el Sinaloa ind\u00edgena y el de comunidades en ciudades, la costa, los valles y la sierra que tienen deficiencia en el aporte nutricional.<\/p>\n<p>La Diputada Ayala hizo un llamado respetuoso a los Grupos Parlamentarios para apoyar las iniciativas presentadas que tienen un prop\u00f3sito de mejora de las condiciones de vida de los y las sinaloenses. Legislar para el desarrollo, para la poblaci\u00f3n, ver por la satisfacci\u00f3n de sus necesidades, y gestionar una agenda para el desarrollo que en lo local tome nota de los temas importantes.<\/p>\n<p>Manifest\u00f3 el deseo de que se ponga primero y siempre el bienestar com\u00fan antes que el bienestar de uno mismo.<\/p>\n","protected":false},"excerpt":{"rendered":"<p>Al hacer uso de la voz en representaci\u00f3n del Grupo Parlamentario del PRI, la Diputada Deisy Ayala enfatiz\u00f3 que m\u00e1s all\u00e1 de las cifras y los datos expuestos, el D\u00eda Mundial de la Poblaci\u00f3n es una oportunidad para reflexionar en la responsabilidad que las y los legisladores tienen frente a la realidad que enfrenta la poblaci\u00f3n en Sinaloa. Puso en contexto temas que parten de la desigualdad social y desigualdad econ\u00f3mica, entre los que destacan; En SALUD orientar la base legal para el acceso a un seguro universal de salud En EDUCACI\u00d3N impulsar la revisi\u00f3n de la curr\u00edcula universitaria para [&hellip;]<\/p>\n","protected":false},"author":3,"featured_media":44308,"comment_status":"open","ping_status":"open","sticky":false,"template":"","format":"standard","meta":{"_jetpack_newsletter_access":"","_jetpack_dont_email_post_to_subs":false,"_jetpack_newsletter_tier_id":0,"_jetpack_memberships_contains_paywalled_content":false,"_jetpack_feature_clip_id":0,"_jetpack_memberships_contains_paid_content":false,"footnotes":"","jetpack_publicize_message":"","jetpack_publicize_feature_enabled":true,"jetpack_social_post_already_shared":true,"jetpack_social_options":{"image_generator_settings":{"template":"highway","default_image_id":0,"font":"","enabled":false},"version":2},"jetpack_post_was_ever_published":false},"categories":[90,72],"tags":[],"class_list":["post-44307","post","type-post","status-publish","format-standard","has-post-thumbnail","hentry","category-estatal","category-portada","post--single"],"jetpack_publicize_connections":[],"jetpack_featured_media_url":"https:\/\/ovelanalista.com\/wp-content\/uploads\/2022\/07\/IMG-20220715-WA0047.jpg","jetpack_sharing_enabled":true,"_links":{"self":[{"href":"https:\/\/ovelanalista.com\/index.php?rest_route=\/wp\/v2\/posts\/44307","targetHints":{"allow":["GET"]}}],"collection":[{"href":"https:\/\/ovelanalista.com\/index.php?rest_route=\/wp\/v2\/posts"}],"about":[{"href":"https:\/\/ovelanalista.com\/index.php?rest_route=\/wp\/v2\/types\/post"}],"author":[{"embeddable":true,"href":"https:\/\/ovelanalista.com\/index.php?rest_route=\/wp\/v2\/users\/3"}],"replies":[{"embeddable":true,"href":"https:\/\/ovelanalista.com\/index.php?rest_route=%2Fwp%2Fv2%2Fcomments&post=44307"}],"version-history":[{"count":1,"href":"https:\/\/ovelanalista.com\/index.php?rest_route=\/wp\/v2\/posts\/44307\/revisions"}],"predecessor-version":[{"id":44309,"href":"https:\/\/ovelanalista.com\/index.php?rest_route=\/wp\/v2\/posts\/44307\/revisions\/44309"}],"wp:featuredmedia":[{"embeddable":true,"href":"https:\/\/ovelanalista.com\/index.php?rest_route=\/wp\/v2\/media\/44308"}],"wp:attachment":[{"href":"https:\/\/ovelanalista.com\/index.php?rest_route=%2Fwp%2Fv2%2Fmedia&parent=44307"}],"wp:term":[{"taxonomy":"category","embeddable":true,"href":"https:\/\/ovelanalista.com\/index.php?rest_route=%2Fwp%2Fv2%2Fcategories&post=44307"},{"taxonomy":"post_tag","embeddable":true,"href":"https:\/\/ovelanalista.com\/index.php?rest_route=%2Fwp%2Fv2%2Ftags&post=44307"}],"curies":[{"name":"wp","href":"https:\/\/api.w.org\/{rel}","templated":true}]}}