{"id":44317,"date":"2022-07-15T22:17:04","date_gmt":"2022-07-16T04:17:04","guid":{"rendered":"https:\/\/ovelanalista.com\/?p=44317"},"modified":"2022-07-15T22:17:04","modified_gmt":"2022-07-16T04:17:04","slug":"video-asi-fue-detenido-el-capo-rafael-caro-quintero","status":"publish","type":"post","link":"https:\/\/ovelanalista.com\/?p=44317","title":{"rendered":"VIDEO. As\u00ed fue detenido el capo Rafael Caro Quintero"},"content":{"rendered":"<p>Rafael Caro Quintero, el llamado \u201cNarco de Narcos\u201d, fue detenido este viernes por la Semar, que difunde ahora las im\u00e1genes de la captura.<\/p>\n<p>La\u00a0<strong>Marina<\/strong>\u00a0difundi\u00f3 im\u00e1genes del momento en que fue capturado el capo\u00a0<strong>Rafael Caro Quintero<\/strong>. Fue detenido en la sierra por elementos de la Marina Armada, que se anotaron un golpe hist\u00f3rico.<\/p>\n<p>Al momento de su captura, Caro Quintero vest\u00eda de pantal\u00f3n de mezclilla y camisa azul, con una chaqueta color beige.<\/p>\n<p>Mediante un comunicado, la Secretar\u00eda de Marina (Semar) inform\u00f3 que el capo fue detenido en la comunidad de San Sim\u00f3n, municipio de Choix,Sinaloa, derivado de trabajos de campo y gabinete, realizados desde su liberaci\u00f3n en 2013 al obtener un amparo.<\/p>\n<p>La detenci\u00f3n se registr\u00f3 d\u00edas despu\u00e9s de que el presidente Andr\u00e9s Manuel L\u00f3pez Obrador realizara una reuni\u00f3n bilateral con el presidente de Estados Unidos, Joe Biden, en la Casa Blanca.<\/p>\n<blockquote class=\"twitter-tweet\" data-width=\"550\" data-dnt=\"true\">\n<p lang=\"es\" dir=\"ltr\">As\u00ed fue la detenci\u00f3n de Rafael Caro Quintero en Choix, Sinaloa, por elementos de la Marina<a href=\"https:\/\/twitter.com\/hashtag\/eluniversalmx?src=hash&amp;ref_src=twsrc%5Etfw\">#eluniversalmx<\/a> <a href=\"https:\/\/t.co\/VQfHy4b6ir\">pic.twitter.com\/VQfHy4b6ir<\/a><\/p>\n<p>&mdash; El Universal (@El_Universal_Mx) <a href=\"https:\/\/twitter.com\/El_Universal_Mx\/status\/1548086352851324928?ref_src=twsrc%5Etfw\">July 15, 2022<\/a><\/p><\/blockquote>\n<p><script async src=\"https:\/\/platform.twitter.com\/widgets.js\" charset=\"utf-8\"><\/script><\/p>\n<p>Cabe destacar que Caro Quintero\u00a0fue localizado entre matorrales por un elemento canino de la Marina, de nombre \u201cMax\u201d.<\/p>\n<p>El llamado \u201cEl Narco de Narcos\u201d, es originario de La Noria, Sinaloa, y es recordado por ser uno de los fundadores del llamado C\u00e1rtel de Guadalajara junto con Miguel \u00c1ngel F\u00e9lix Gallardo, \u201cEl jefe de jefes\u201d y Ernesto Fonseca Carrillo, \u201cDon Neto\u201d.<\/p>\n<p>&nbsp;<\/p>\n<p>Con informaci\u00f3n de El Universal<\/p>\n","protected":false},"excerpt":{"rendered":"<p>Rafael Caro Quintero, el llamado \u201cNarco de Narcos\u201d, fue detenido este viernes por la Semar, que difunde ahora las im\u00e1genes de la captura. La\u00a0Marina\u00a0difundi\u00f3 im\u00e1genes del momento en que fue capturado el capo\u00a0Rafael Caro Quintero. Fue detenido en la sierra por elementos de la Marina Armada, que se anotaron un golpe hist\u00f3rico. Al momento de su captura, Caro Quintero vest\u00eda de pantal\u00f3n de mezclilla y camisa azul, con una chaqueta color beige. Mediante un comunicado, la Secretar\u00eda de Marina (Semar) inform\u00f3 que el capo fue detenido en la comunidad de San Sim\u00f3n, municipio de Choix,Sinaloa, derivado de trabajos de campo [&hellip;]<\/p>\n","protected":false},"author":3,"featured_media":44318,"comment_status":"open","ping_status":"open","sticky":false,"template":"","format":"video","meta":{"_jetpack_newsletter_access":"","_jetpack_dont_email_post_to_subs":false,"_jetpack_newsletter_tier_id":0,"_jetpack_memberships_contains_paywalled_content":false,"_jetpack_feature_clip_id":0,"_jetpack_memberships_contains_paid_content":false,"footnotes":"","jetpack_publicize_message":"","jetpack_publicize_feature_enabled":true,"jetpack_social_post_already_shared":true,"jetpack_social_options":{"image_generator_settings":{"template":"highway","default_image_id":0,"font":"","enabled":false},"version":2},"jetpack_post_was_ever_published":false},"categories":[90,75,72],"tags":[],"class_list":["post-44317","post","type-post","status-publish","format-video","has-post-thumbnail","hentry","category-estatal","category-nacional","category-portada","post_format-post-format-video","post--single"],"jetpack_publicize_connections":[],"jetpack_featured_media_url":"https:\/\/ovelanalista.com\/wp-content\/uploads\/2022\/07\/caro-quintero.webp","jetpack_sharing_enabled":true,"_links":{"self":[{"href":"https:\/\/ovelanalista.com\/index.php?rest_route=\/wp\/v2\/posts\/44317","targetHints":{"allow":["GET"]}}],"collection":[{"href":"https:\/\/ovelanalista.com\/index.php?rest_route=\/wp\/v2\/posts"}],"about":[{"href":"https:\/\/ovelanalista.com\/index.php?rest_route=\/wp\/v2\/types\/post"}],"author":[{"embeddable":true,"href":"https:\/\/ovelanalista.com\/index.php?rest_route=\/wp\/v2\/users\/3"}],"replies":[{"embeddable":true,"href":"https:\/\/ovelanalista.com\/index.php?rest_route=%2Fwp%2Fv2%2Fcomments&post=44317"}],"version-history":[{"count":1,"href":"https:\/\/ovelanalista.com\/index.php?rest_route=\/wp\/v2\/posts\/44317\/revisions"}],"predecessor-version":[{"id":44319,"href":"https:\/\/ovelanalista.com\/index.php?rest_route=\/wp\/v2\/posts\/44317\/revisions\/44319"}],"wp:featuredmedia":[{"embeddable":true,"href":"https:\/\/ovelanalista.com\/index.php?rest_route=\/wp\/v2\/media\/44318"}],"wp:attachment":[{"href":"https:\/\/ovelanalista.com\/index.php?rest_route=%2Fwp%2Fv2%2Fmedia&parent=44317"}],"wp:term":[{"taxonomy":"category","embeddable":true,"href":"https:\/\/ovelanalista.com\/index.php?rest_route=%2Fwp%2Fv2%2Fcategories&post=44317"},{"taxonomy":"post_tag","embeddable":true,"href":"https:\/\/ovelanalista.com\/index.php?rest_route=%2Fwp%2Fv2%2Ftags&post=44317"}],"curies":[{"name":"wp","href":"https:\/\/api.w.org\/{rel}","templated":true}]}}