{"id":44335,"date":"2022-07-16T10:29:14","date_gmt":"2022-07-16T16:29:14","guid":{"rendered":"https:\/\/ovelanalista.com\/?p=44335"},"modified":"2022-07-16T10:29:14","modified_gmt":"2022-07-16T16:29:14","slug":"tu-verdad-no-la-verdad-y-ven-conmigo-a-buscarla-la-tuya-guardatela-antonio-machado-si-no-quieren-saber-no-pregunten","status":"publish","type":"post","link":"https:\/\/ovelanalista.com\/?p=44335","title":{"rendered":"\u201cTu verdad no; la verdad y ven conmigo a buscarla. La tuya, gu\u00e1rdatela\u201d Antonio Machado Si no quieren saber, no pregunten\u2026"},"content":{"rendered":"<p><strong>Entre Veredas<\/strong><\/p>\n<p><strong>Marco Antonio Liz\u00e1rraga<\/strong><\/p>\n<p>\u201cTu verdad no; la verdad<br \/>\ny ven conmigo a buscarla.<br \/>\nLa tuya, gu\u00e1rdatela\u201d Antonio Machado<br \/>\nSi no quieren saber, no pregunten\u2026<br \/>\nPARA MUESTRA\u2026<br \/>\nM\u00e1s de 198 luminarias fueron puestas en operaci\u00f3n la noche de este viernes en Mazatl\u00e1n, como parte del proyecto que tiene el alcalde de Mazatl\u00e1n, Luis Guillermo Ben\u00edtez Torres para cambiar la imagen tur\u00edstica de esta ciudad.<br \/>\nHay que recordar que este proyecto ambicioso del presidente municipal ha estado seriamente cuestionado por regidores de oposici\u00f3n y algunos organismos ciudadanos, pero, para muchos empresarios y organismo camarales, esta inversi\u00f3n es justa y necesaria.<br \/>\nAyer durante la inauguraci\u00f3n de esta zona rehabilitada que compone la primera etapa de este proyecto que incluy\u00f3 m\u00e1s de 3 kil\u00f3metros de vialidad fueron rehabilitados con trabajos de colocaci\u00f3n de pasto, balastre, \u00f3lastico, entre otros entre Rafael Buelna y Fraccionamiento Mediterr\u00e1neo.<br \/>\nHablando del proyecto de iluminaci\u00f3n en cuesti\u00f3n de los 400 millones de pesos que ser\u00e1n invertidos en alumbrado p\u00fablico, con acciones como esta queda justificada esta inversi\u00f3n que se desarrollar\u00e1 en breve.<br \/>\nComo lo comentamos, tanto habitantes, como los comerciantes del lugar sintieron la diferencia de una zona que se tornaba insegura por las noches ahora a tener una zona transformada que ofrece seguridad a este sector.<br \/>\nBen\u00edtez Torres, destac\u00f3 que es una obra, como muchas de las que ha hecho en Mazatl\u00e1n, que han logrado una transformaci\u00f3n, y esto ha puesto al municipio como un ejemplo nacional de cambio en beneficio de la poblaci\u00f3n.<br \/>\nEl tema de las luminarias est\u00e1 por concluir en la cancha de la Auditor\u00eda Superior del Estado, habr\u00e1 que ver el informe final de los fiscales para saber si existen acciones irregulares y subsanarlas, pues es por lo que se est\u00e1 revisando.<br \/>\nMientras tanto el acalde demuestra con acciones como las de este viernes, la necesidad de tener este alumbrado en Mazatl\u00e1n.<br \/>\nTiempo al tiempo.<br \/>\nCONSUETUDINARIO<br \/>\nDe visita sorpresa, el gobernador Rub\u00e9n Rocha Moya acudi\u00f3 a donde se realiza la construcci\u00f3n del nuevo puente del r\u00edo Quelite que ha estado seriamente cuestionado por la lentitud en comenzar su reposici\u00f3n.<br \/>\nEste puente fue derrumbado por la creciente del r\u00edo a causa de los estragos que trajo el hurac\u00e1n \u201cNora\u201d a inicios de septiembre del a\u00f1o pasado, y ahora, se invierten 200 millones de pesos para la construcci\u00f3n de nuevo puente de dos cuerpos, m\u00e1s elevado y con mejores especificaciones.<br \/>\nEl gobernador asegur\u00f3 que haber dividido la inversi\u00f3n para cinco empresas, le da oportunidad de hacer los trabajos en el menor tiempo posible para que esta r\u00faa nuevamente de acceso a los poblados que se quedaron sin esta v\u00eda de comunicaci\u00f3n.<br \/>\nEl secretario de Obras P\u00fablicas, Jos\u00e9 Luis Zavala Cabanillas, indic\u00f3 que la obra consiste en la construcci\u00f3n de puentes paralelos, uno de 240 metros de longitud y otro de 120 metros.<br \/>\nEl soporte de la nueva soportar\u00e1 4 mil 200 metros c\u00fabicos por segundo de afluente de agua, y record\u00f3 que el anterior puente que colaps\u00f3 ten\u00eda una especificaci\u00f3n de mil metros por segundo de capacidad.<br \/>\nEste nuevo puente, indic\u00f3 el funcionario tendr\u00e1 menos riesgo de que lo tumbe la corriente del r\u00edo, tendr\u00e1 columnas de 26 metros de profundidad.<br \/>\nEl trabajo se est\u00e1 realizando, habr\u00e1 que ver si se termina en el tiempo estipulado.<br \/>\nRESPALDO<br \/>\nCon un total de 201 aparatos funcionales recibidos, cerr\u00f3 la primera edici\u00f3n de la campa\u00f1a \u201cDonat\u00f3n moviliza su vida con amor\u201d, la cual realiz\u00f3 el Ayuntamiento de Ahome a trav\u00e9s del Instituto para la Inclusi\u00f3n y Desarrollo de las Personas con Discapacidad de Ahome.<br \/>\nEl presidente municipal de Ahome, Gerardo Vargas, estuvo acompa\u00f1ado por Carlos Mart\u00edn Valenzuela, director del IMDIS, expres\u00f3 que si bien con este programa se est\u00e1 beneficiando a la zona rural y urbana, tambi\u00e9n se implementar\u00e1 una patrulla que est\u00e9 vigilando se respeten los lugares para personas discapacitadas.<br \/>\nVargas Landeros detall\u00f3 que este tipo de acciones se est\u00e1n implementado en el municipio de Salvador Alvarado, donde les est\u00e1 funcionando muy bien, por lo que ya se tuvo una pl\u00e1tica con el alcalde Armando Camacho Aguilar, quien los est\u00e1 esperando para llevarlos con quien adapt\u00f3 la unidad y la est\u00e1 operando.<br \/>\nEl presidente municipal dijo que se est\u00e1n tomando medidas para que esta patrulla tenga facultades para multar a quienes no est\u00e9n respetando los espacios, y que dicho recurso que se est\u00e9 recuperando ir\u00e1 directamente para el Instituto para la Inclusi\u00f3n y Desarrollo de las Personas con Discapacidad de Ahome.<br \/>\nLAS DEL ESTRIBO<br \/>\nCONCORDIA<br \/>\nEl diputado local Juan Carlos Patr\u00f3n Rosales, acompa\u00f1\u00f3 al gobernador del Estado, Rub\u00e9n Rocha Moya, en su visita por el municipio de Concordia, particularmente en la comunidad de Mesillas, donde se dio el banderazo de arranque para el Inicio de Pavimentaci\u00f3n del Boulevard de Acceso a Mesillas.<br \/>\nA su arribo al lugar del evento, el Gobernador atendi\u00f3 a vecinos de las Comunidades de San Juan de Jacobo y Santa Catarina donde les adelant\u00f3 la realizaci\u00f3n de obras de alto impacto social para esa \u00e1rea de la zona serrana de Concordia.<br \/>\nLa introducci\u00f3n de agua para consumo humano a trav\u00e9s de la realizaci\u00f3n del acueducto que abastecer\u00e1 del vital l\u00edquido desde la Presa Picachos, proyecto acariciado por los concordenses desde hace d\u00e9cadas y la construcci\u00f3n de dos carreteras, la primera, que comunicar\u00e1 del entronque que va de El Verde hasta San Juan de Jacobo, la cual por la distancia que abarca, se llevar\u00e1 a cabo en dos etapas y la segunda permitir\u00e1 el acceso desde el entronque de Los Tamarindos hasta Santa Catarina.<br \/>\nSALVADOR ALVARADO<br \/>\nLa presidenta del Sistema DIF Salvador Alvarado, Lupita L\u00f3pez de Camacho, inaugur\u00f3 formalmente en esta ciudad, el primer torneo municipal de b\u00e1squetbol, que forma parte del proyecto \u201cDIF Sinaloa Incluyente\u201d, encabezado por la presidenta del Sistema DIF Sinaloa, Eneyda Rocha Ruiz.<br \/>\nAdem\u00e1s, dentro de este deporte adaptado, se galardon\u00f3 a Isabel Lara Romo, jugadora valiosa del baloncesto, por su destreza y habilidad para practicarlo.<br \/>\nH\u00e9ctor Mel\u00e9ndez Cano, coordinador del deporte adaptado de DIF Sinaloa, manifest\u00f3 que mediante este proyecto, se busca impulsar el talento deportivo de las personas con discapacidad en el estado y que gracias al apoyo que han recibido por parte de las autoridades estatales, es que ya comenzaron a practicarlo en los municipios.<br \/>\nMAZATL\u00c1N<br \/>\nPara estrechar lazos de fraternidad y uni\u00f3n entre los municipios de Mazatl\u00e1n e Hidalgo del Parral, los presidentes municipales, Luis Guillermo Ben\u00edtez Torres y C\u00e9sar Pe\u00f1a Valles, celebraron este viernes la firma del acuerdo de hermanamiento para el intercambio cultural, art\u00edstico, tur\u00edstico y econ\u00f3mico.<br \/>\nEl Qu\u00edmico Ben\u00edtez coment\u00f3 que a ra\u00edz de los grandes cambios que se han dado en este pa\u00eds, la transformaci\u00f3n verdadera qued\u00f3 en manos de los Ayuntamientos, para que las comunidades mejoren y se potencialicen en todos los sentidos.<br \/>\nEl alcalde de Hidalgo del Parral, C\u00e9sar Pe\u00f1a Valles, destac\u00f3 que la firma de hermanamiento entre ambas ciudades, permitir\u00e1 detonar el tema econ\u00f3mico en el norte del pa\u00eds, que va de la mano con el corredor tur\u00edstico Mazatl\u00e1n, Durango y Chihuahua.<br \/>\nmlizarraga1@entreveredas.com.mx<br \/>\nFacebook, Instagram y Twitter: PeriodistaMarco<\/p>\n","protected":false},"excerpt":{"rendered":"<p>Entre Veredas Marco Antonio Liz\u00e1rraga \u201cTu verdad no; la verdad y ven conmigo a buscarla. La tuya, gu\u00e1rdatela\u201d Antonio Machado Si no quieren saber, no pregunten\u2026 PARA MUESTRA\u2026 M\u00e1s de 198 luminarias fueron puestas en operaci\u00f3n la noche de este viernes en Mazatl\u00e1n, como parte del proyecto que tiene el alcalde de Mazatl\u00e1n, Luis Guillermo Ben\u00edtez Torres para cambiar la imagen tur\u00edstica de esta ciudad. Hay que recordar que este proyecto ambicioso del presidente municipal ha estado seriamente cuestionado por regidores de oposici\u00f3n y algunos organismos ciudadanos, pero, para muchos empresarios y organismo camarales, esta inversi\u00f3n es justa y necesaria. [&hellip;]<\/p>\n","protected":false},"author":3,"featured_media":34927,"comment_status":"open","ping_status":"open","sticky":false,"template":"","format":"standard","meta":{"_jetpack_newsletter_access":"","_jetpack_dont_email_post_to_subs":false,"_jetpack_newsletter_tier_id":0,"_jetpack_memberships_contains_paywalled_content":false,"_jetpack_feature_clip_id":0,"_jetpack_memberships_contains_paid_content":false,"footnotes":"","jetpack_publicize_message":"","jetpack_publicize_feature_enabled":true,"jetpack_social_post_already_shared":true,"jetpack_social_options":{"image_generator_settings":{"template":"highway","default_image_id":0,"font":"","enabled":false},"version":2},"jetpack_post_was_ever_published":false},"categories":[79],"tags":[],"class_list":["post-44335","post","type-post","status-publish","format-standard","has-post-thumbnail","hentry","category-columnistas-nacionales","post--single"],"jetpack_publicize_connections":[],"jetpack_featured_media_url":"https:\/\/ovelanalista.com\/wp-content\/uploads\/2022\/05\/ENTRE-VEREDASpng.png","jetpack_sharing_enabled":true,"_links":{"self":[{"href":"https:\/\/ovelanalista.com\/index.php?rest_route=\/wp\/v2\/posts\/44335","targetHints":{"allow":["GET"]}}],"collection":[{"href":"https:\/\/ovelanalista.com\/index.php?rest_route=\/wp\/v2\/posts"}],"about":[{"href":"https:\/\/ovelanalista.com\/index.php?rest_route=\/wp\/v2\/types\/post"}],"author":[{"embeddable":true,"href":"https:\/\/ovelanalista.com\/index.php?rest_route=\/wp\/v2\/users\/3"}],"replies":[{"embeddable":true,"href":"https:\/\/ovelanalista.com\/index.php?rest_route=%2Fwp%2Fv2%2Fcomments&post=44335"}],"version-history":[{"count":1,"href":"https:\/\/ovelanalista.com\/index.php?rest_route=\/wp\/v2\/posts\/44335\/revisions"}],"predecessor-version":[{"id":44336,"href":"https:\/\/ovelanalista.com\/index.php?rest_route=\/wp\/v2\/posts\/44335\/revisions\/44336"}],"wp:featuredmedia":[{"embeddable":true,"href":"https:\/\/ovelanalista.com\/index.php?rest_route=\/wp\/v2\/media\/34927"}],"wp:attachment":[{"href":"https:\/\/ovelanalista.com\/index.php?rest_route=%2Fwp%2Fv2%2Fmedia&parent=44335"}],"wp:term":[{"taxonomy":"category","embeddable":true,"href":"https:\/\/ovelanalista.com\/index.php?rest_route=%2Fwp%2Fv2%2Fcategories&post=44335"},{"taxonomy":"post_tag","embeddable":true,"href":"https:\/\/ovelanalista.com\/index.php?rest_route=%2Fwp%2Fv2%2Ftags&post=44335"}],"curies":[{"name":"wp","href":"https:\/\/api.w.org\/{rel}","templated":true}]}}