{"id":45057,"date":"2022-07-21T09:40:25","date_gmt":"2022-07-21T15:40:25","guid":{"rendered":"https:\/\/ovelanalista.com\/?p=45057"},"modified":"2022-07-21T08:19:55","modified_gmt":"2022-07-21T14:19:55","slug":"layda-sansores-y-su-gobierno-eliminan-audios-de-alito-de-redes-tras-amparo","status":"publish","type":"post","link":"https:\/\/ovelanalista.com\/?p=45057","title":{"rendered":"Layda Sansores y su gobierno eliminan audios de \u201cAlito\u201d de redes tras amparo"},"content":{"rendered":"<p data-t=\"{&quot;n&quot;:&quot;blueLinks&quot;}\">Este mi\u00e9rcoles el g<b>obierno de Campeche<\/b>, encabezado por la morenista<b>\u00a0Layda Sansores<\/b>, se vio obligado a eliminar toda publicaci\u00f3n en redes\u00a0<b>sociales<\/b>\u00a0referente a los\u00a0<b>audios<\/b>\u00a0atribuidos al presidente nacional del\u00a0<b>Partido Revolucionario Institucional<\/b>\u00a0(PRI),\u00a0<b>Alejandro \u201cAlito\u201d Moreno<\/b>, luego de que se le otorgara una suspensi\u00f3n de oficio para que la gobernadora y dem\u00e1s autoridades se abstengan de divulgar material en su contra en el programa<b>\u00a0\u201cMartes del Jaguar\u201d<\/b>\u00a0o cualquier otro medio.<\/p>\n<div class=\"article-image-container\" data-t=\"{&quot;n&quot;:&quot;OpenModal&quot;,&quot;t&quot;:13}\">Te puede interesar:\u00a0<a tabindex=\"0\" href=\"https:\/\/www.publimetro.com.mx\/noticias\/2022\/07\/20\/lopez-doriga-respuesta-a-alito-moreno-por-audios-denuncia-amenazas-y-lo-tacha-de-miserable\/\" target=\"_blank\" rel=\"noopener\" data-t=\"{&quot;n&quot;:&quot;destination&quot;,&quot;t&quot;:13,&quot;b&quot;:1,&quot;c.t&quot;:7}\">\u201cMiserable\u201d y \u201ccobarde\u201d, as\u00ed responde L\u00f3pez-D\u00f3riga a audios de \u2018Alito\u2019<\/a><\/p>\n<p data-t=\"{&quot;n&quot;:&quot;blueLinks&quot;}\">Ante dicho amparo de \u201cAlito\u201d Moreno, todo material en el que se hace referencia a \u00e9l fue eliminado de las redes sociales del Gobierno de Campeche, as\u00ed como de las\u00a0<b>cuentas personales<\/b>\u00a0de Layda Sansores, donde tambi\u00e9n se difund\u00edan dichos audios.<\/p>\n<p data-t=\"{&quot;n&quot;:&quot;blueLinks&quot;}\">Incluso se puede apreciar un antes y un despu\u00e9s de dichas publicaciones, en las que ahora aparecen con la leyenda\u00a0<b>\u201cEste tweet no est\u00e1 disponible\u201d.<\/b><\/p>\n<p data-t=\"{&quot;n&quot;:&quot;blueLinks&quot;}\">\u201cAlito\u201d Morena acusa a Sansores de cometer<b>\u00a0delito federa<\/b>l. El martes pasado, en su programa\u00a0<b>\u201cMartes del Jaguar\u201d<\/b>, se difundi\u00f3 un nuevo audio atribuido al presidente nacional del PRI, fue este mismo quien acus\u00f3 a la\u00a0<b>gobernadora de Campeche<\/b>, de haber cometido un delito federal al quebrantar un amparo.<\/p>\n<p class=\"continue-read-break\" data-t=\"{&quot;n&quot;:&quot;blueLinks&quot;}\">Asimismo, el l\u00edder del tricolor dijo que el audio dado a conocer por la mandataria es absolutamente falso, manipulado y editado, \u201ccon la intenci\u00f3n de\u00a0<b>da\u00f1ar a la oposici\u00f3n<\/b>\u00a0y de confrontarla con todos los sectores\u201d.<\/p>\n<\/div>\n<p data-t=\"{&quot;n&quot;:&quot;blueLinks&quot;}\">\n<p data-t=\"{&quot;n&quot;:&quot;blueLinks&quot;}\">Con informaci\u00f3n de Publimetro<\/p>\n","protected":false},"excerpt":{"rendered":"<p>Este mi\u00e9rcoles el gobierno de Campeche, encabezado por la morenista\u00a0Layda Sansores, se vio obligado a eliminar toda publicaci\u00f3n en redes\u00a0sociales\u00a0referente a los\u00a0audios\u00a0atribuidos al presidente nacional del\u00a0Partido Revolucionario Institucional\u00a0(PRI),\u00a0Alejandro \u201cAlito\u201d Moreno, luego de que se le otorgara una suspensi\u00f3n de oficio para que la gobernadora y dem\u00e1s autoridades se abstengan de divulgar material en su contra en el programa\u00a0\u201cMartes del Jaguar\u201d\u00a0o cualquier otro medio. Te puede interesar:\u00a0\u201cMiserable\u201d y \u201ccobarde\u201d, as\u00ed responde L\u00f3pez-D\u00f3riga a audios de \u2018Alito\u2019 Ante dicho amparo de \u201cAlito\u201d Moreno, todo material en el que se hace referencia a \u00e9l fue eliminado de las redes sociales del Gobierno de [&hellip;]<\/p>\n","protected":false},"author":3,"featured_media":45058,"comment_status":"open","ping_status":"open","sticky":false,"template":"","format":"standard","meta":{"_jetpack_newsletter_access":"","_jetpack_dont_email_post_to_subs":false,"_jetpack_newsletter_tier_id":0,"_jetpack_memberships_contains_paywalled_content":false,"_jetpack_feature_clip_id":0,"_jetpack_memberships_contains_paid_content":false,"footnotes":"","jetpack_publicize_message":"","jetpack_publicize_feature_enabled":true,"jetpack_social_post_already_shared":true,"jetpack_social_options":{"image_generator_settings":{"template":"highway","default_image_id":0,"font":"","enabled":false},"version":2},"jetpack_post_was_ever_published":false},"categories":[75,72],"tags":[],"class_list":["post-45057","post","type-post","status-publish","format-standard","has-post-thumbnail","hentry","category-nacional","category-portada","post--single"],"jetpack_publicize_connections":[],"jetpack_featured_media_url":"https:\/\/ovelanalista.com\/wp-content\/uploads\/2022\/07\/Alito-8.jpeg","jetpack_sharing_enabled":true,"_links":{"self":[{"href":"https:\/\/ovelanalista.com\/index.php?rest_route=\/wp\/v2\/posts\/45057","targetHints":{"allow":["GET"]}}],"collection":[{"href":"https:\/\/ovelanalista.com\/index.php?rest_route=\/wp\/v2\/posts"}],"about":[{"href":"https:\/\/ovelanalista.com\/index.php?rest_route=\/wp\/v2\/types\/post"}],"author":[{"embeddable":true,"href":"https:\/\/ovelanalista.com\/index.php?rest_route=\/wp\/v2\/users\/3"}],"replies":[{"embeddable":true,"href":"https:\/\/ovelanalista.com\/index.php?rest_route=%2Fwp%2Fv2%2Fcomments&post=45057"}],"version-history":[{"count":1,"href":"https:\/\/ovelanalista.com\/index.php?rest_route=\/wp\/v2\/posts\/45057\/revisions"}],"predecessor-version":[{"id":45059,"href":"https:\/\/ovelanalista.com\/index.php?rest_route=\/wp\/v2\/posts\/45057\/revisions\/45059"}],"wp:featuredmedia":[{"embeddable":true,"href":"https:\/\/ovelanalista.com\/index.php?rest_route=\/wp\/v2\/media\/45058"}],"wp:attachment":[{"href":"https:\/\/ovelanalista.com\/index.php?rest_route=%2Fwp%2Fv2%2Fmedia&parent=45057"}],"wp:term":[{"taxonomy":"category","embeddable":true,"href":"https:\/\/ovelanalista.com\/index.php?rest_route=%2Fwp%2Fv2%2Fcategories&post=45057"},{"taxonomy":"post_tag","embeddable":true,"href":"https:\/\/ovelanalista.com\/index.php?rest_route=%2Fwp%2Fv2%2Ftags&post=45057"}],"curies":[{"name":"wp","href":"https:\/\/api.w.org\/{rel}","templated":true}]}}