{"id":45060,"date":"2022-07-21T09:20:03","date_gmt":"2022-07-21T15:20:03","guid":{"rendered":"https:\/\/ovelanalista.com\/?p=45060"},"modified":"2022-07-21T08:18:20","modified_gmt":"2022-07-21T14:18:20","slug":"sindicato-de-telefonistas-emplaza-a-huelga-en-telmex-para-este-jueves","status":"publish","type":"post","link":"https:\/\/ovelanalista.com\/?p=45060","title":{"rendered":"Sindicato de telefonistas emplaza a huelga en Telmex para este jueves"},"content":{"rendered":"<p data-t=\"{&quot;n&quot;:&quot;blueLinks&quot;}\">El Sindicato de Telefonistas de la Rep\u00fablica Mexicana vot\u00f3 a favor del estallamiento de la huelga a partir de este jueves.<\/p>\n<p data-t=\"{&quot;n&quot;:&quot;blueLinks&quot;}\">Ya solo falta que la decisi\u00f3n se ratifique mediante voto personal, libre, directo y secreto por los trabajadores, como la Ley Laboral lo establece, afirm\u00f3 la asociaci\u00f3n sindical en comunicado.<\/p>\n<p data-t=\"{&quot;n&quot;:&quot;blueLinks&quot;}\">El sindicato acusa violaciones al contrato colectivo de trabajo y el incumplimiento de nuevas plazas laborales. En junio se logr\u00f3 aplazar la huelga y ambas partes acordaron la revisi\u00f3n del contrato colectivo, en donde se estableci\u00f3 un incremento del 4.5% al salario de las y los trabajadores activos y jubilados.<\/p>\n<p data-t=\"{&quot;n&quot;:&quot;blueLinks&quot;}\">Seg\u00fan el sindicato, hace tres a\u00f1os la empresa se comprometi\u00f3 a ofrecer casi 2 mil vacantes en todo M\u00e9xico, pero a\u00fan no ha cumplido. En consecuencia, la empresa opera con menos personal del requerido, dice un comunicado.<\/p>\n<p data-t=\"{&quot;n&quot;:&quot;blueLinks&quot;}\">Acusan a la empresa de impulsar medidas coercitivas, \u201ccomo retenci\u00f3n de salarios, y otras prestaciones, agresiones f\u00edsicas, verbales y aspectos tan precarios como el de apagar elevadores en las oficinas centrales de Telmex en Parque V\u00eda 190, en la Ciudad de M\u00e9xico\u201d.<\/p>\n<p class=\"continue-read-break\" data-t=\"{&quot;n&quot;:&quot;blueLinks&quot;}\">El sindicato dice que por la\u00a0<b>falta de acuerdos y la no voluntad pol\u00edtica de la empresa<\/b>, la Asamblea Nacional de Representantes vot\u00f3 el estallamiento a huelga.<\/p>\n<p class=\"\" data-t=\"{&quot;n&quot;:&quot;blueLinks&quot;}\">Aclaran que el voto deber\u00e1 ser ratificado este mismo jueves.<\/p>\n<p class=\"\" data-t=\"{&quot;n&quot;:&quot;blueLinks&quot;}\">\n<div class=\"article-image-slot\" data-image-href=\"https:\/\/www.msn.com\/es-mx\/noticias\/mexico\/sindicato-de-telefonistas-emplaza-a-huelga-en-telmex-para-este-jueves\/ar-AAZNH7Q?li=AAggxAT&amp;fullscreen=true#image=1\" data-doc-id=\"cms\/api\/amp\/image\/AAZN60P\" data-rendered=\"true\">\n<div class=\"article-image-container\" data-t=\"{&quot;n&quot;:&quot;OpenModal&quot;,&quot;t&quot;:13}\"><a class=\"article-image-height-wrapper\" href=\"https:\/\/www.msn.com\/es-mx\/noticias\/mexico\/sindicato-de-telefonistas-emplaza-a-huelga-en-telmex-para-este-jueves\/ar-AAZNH7Q?li=AAggxAT&amp;fullscreen=true#image=1\" target=\"_self\" data-t=\"{&quot;n&quot;:&quot;destination&quot;,&quot;t&quot;:14,&quot;b&quot;:1,&quot;c.t&quot;:14}\" rel=\"noopener\"><img decoding=\"async\" class=\"article-image\" tabindex=\"0\" title=\"Sindicato de telefonistas emplaza a huelga en Telmex para este jueves\" src=\"https:\/\/img-s-msn-com.akamaized.net\/tenant\/amp\/entityid\/AAZN60P.img?w=768&amp;h=350&amp;m=6\" alt=\"Sindicato de telefonistas emplaza a huelga en Telmex para este jueves\" \/><\/a><\/p>\n<div class=\"image-caption-container\"><span class=\"image-attribution\">\u00a9\u00a0Proporcionado por Aristegui Noticias<\/span><span class=\"image-caption\">Sindicato de telefonistas emplaza a huelga en Telmex para este jueves<\/span><\/div>\n<\/div>\n<\/div>\n<p class=\"\" data-t=\"{&quot;n&quot;:&quot;blueLinks&quot;}\">\u00bfQu\u00e9 dice la Ley Federal del Trabajo?<\/p>\n<p class=\"\" data-t=\"{&quot;n&quot;:&quot;blueLinks&quot;}\">La huelga solo puede convocarse si tiene alguno de los siguientes objetivos:<\/p>\n<ol class=\"\">\n<li data-t=\"{&quot;n&quot;:&quot;blueLinks&quot;}\">Conseguir el equilibrio entre los diversos factores de la producci\u00f3n, armonizando los derechos del trabajo con los del capital.<\/li>\n<li data-t=\"{&quot;n&quot;:&quot;blueLinks&quot;}\">Obtener del patr\u00f3n o patrones la celebraci\u00f3n del contrato colectivo de trabajo y exigir su revisi\u00f3n.<\/li>\n<li data-t=\"{&quot;n&quot;:&quot;blueLinks&quot;}\">Obtener de los patrones la celebraci\u00f3n del contrato-ley y exigir su revisi\u00f3n.<\/li>\n<li data-t=\"{&quot;n&quot;:&quot;blueLinks&quot;}\">Exigir el cumplimiento del contrato colectivo de trabajo.<\/li>\n<li data-t=\"{&quot;n&quot;:&quot;blueLinks&quot;}\">Exigir el cumplimiento de las disposiciones legales sobre participaci\u00f3n de utilidades.<\/li>\n<li data-t=\"{&quot;n&quot;:&quot;blueLinks&quot;}\">Apoyar una huelga que tenga por objeto alguno de los enumerados anteriores; y<\/li>\n<li data-t=\"{&quot;n&quot;:&quot;blueLinks&quot;}\">Exigir la revisi\u00f3n de los salarios contractuales<\/li>\n<\/ol>\n<p class=\"\" data-t=\"{&quot;n&quot;:&quot;blueLinks&quot;}\">Para suspender los trabajos se requiere:<\/p>\n<p class=\"\" data-t=\"{&quot;n&quot;:&quot;blueLinks&quot;}\"><strong>-Que la suspensi\u00f3n se realice por la mayor\u00eda de los trabajadores de la empresa o establecimiento.<\/strong><\/p>\n<p data-t=\"{&quot;n&quot;:&quot;blueLinks&quot;}\">\n<p data-t=\"{&quot;n&quot;:&quot;blueLinks&quot;}\">Con informaci\u00f3n de Aristegui Noticias<\/p>\n","protected":false},"excerpt":{"rendered":"<p>El Sindicato de Telefonistas de la Rep\u00fablica Mexicana vot\u00f3 a favor del estallamiento de la huelga a partir de este jueves. Ya solo falta que la decisi\u00f3n se ratifique mediante voto personal, libre, directo y secreto por los trabajadores, como la Ley Laboral lo establece, afirm\u00f3 la asociaci\u00f3n sindical en comunicado. El sindicato acusa violaciones al contrato colectivo de trabajo y el incumplimiento de nuevas plazas laborales. En junio se logr\u00f3 aplazar la huelga y ambas partes acordaron la revisi\u00f3n del contrato colectivo, en donde se estableci\u00f3 un incremento del 4.5% al salario de las y los trabajadores activos y [&hellip;]<\/p>\n","protected":false},"author":3,"featured_media":6286,"comment_status":"open","ping_status":"open","sticky":false,"template":"","format":"standard","meta":{"_jetpack_newsletter_access":"","_jetpack_dont_email_post_to_subs":false,"_jetpack_newsletter_tier_id":0,"_jetpack_memberships_contains_paywalled_content":false,"_jetpack_feature_clip_id":0,"_jetpack_memberships_contains_paid_content":false,"footnotes":"","jetpack_publicize_message":"","jetpack_publicize_feature_enabled":true,"jetpack_social_post_already_shared":true,"jetpack_social_options":{"image_generator_settings":{"template":"highway","default_image_id":0,"font":"","enabled":false},"version":2},"jetpack_post_was_ever_published":false},"categories":[75,72],"tags":[],"class_list":["post-45060","post","type-post","status-publish","format-standard","has-post-thumbnail","hentry","category-nacional","category-portada","post--single"],"jetpack_publicize_connections":[],"jetpack_featured_media_url":"https:\/\/ovelanalista.com\/wp-content\/uploads\/2021\/10\/Telmex.jpeg","jetpack_sharing_enabled":true,"_links":{"self":[{"href":"https:\/\/ovelanalista.com\/index.php?rest_route=\/wp\/v2\/posts\/45060","targetHints":{"allow":["GET"]}}],"collection":[{"href":"https:\/\/ovelanalista.com\/index.php?rest_route=\/wp\/v2\/posts"}],"about":[{"href":"https:\/\/ovelanalista.com\/index.php?rest_route=\/wp\/v2\/types\/post"}],"author":[{"embeddable":true,"href":"https:\/\/ovelanalista.com\/index.php?rest_route=\/wp\/v2\/users\/3"}],"replies":[{"embeddable":true,"href":"https:\/\/ovelanalista.com\/index.php?rest_route=%2Fwp%2Fv2%2Fcomments&post=45060"}],"version-history":[{"count":1,"href":"https:\/\/ovelanalista.com\/index.php?rest_route=\/wp\/v2\/posts\/45060\/revisions"}],"predecessor-version":[{"id":45061,"href":"https:\/\/ovelanalista.com\/index.php?rest_route=\/wp\/v2\/posts\/45060\/revisions\/45061"}],"wp:featuredmedia":[{"embeddable":true,"href":"https:\/\/ovelanalista.com\/index.php?rest_route=\/wp\/v2\/media\/6286"}],"wp:attachment":[{"href":"https:\/\/ovelanalista.com\/index.php?rest_route=%2Fwp%2Fv2%2Fmedia&parent=45060"}],"wp:term":[{"taxonomy":"category","embeddable":true,"href":"https:\/\/ovelanalista.com\/index.php?rest_route=%2Fwp%2Fv2%2Fcategories&post=45060"},{"taxonomy":"post_tag","embeddable":true,"href":"https:\/\/ovelanalista.com\/index.php?rest_route=%2Fwp%2Fv2%2Ftags&post=45060"}],"curies":[{"name":"wp","href":"https:\/\/api.w.org\/{rel}","templated":true}]}}