{"id":45062,"date":"2022-07-21T09:30:29","date_gmt":"2022-07-21T15:30:29","guid":{"rendered":"https:\/\/ovelanalista.com\/?p=45062"},"modified":"2022-07-21T08:19:36","modified_gmt":"2022-07-21T14:19:36","slug":"debanhi-escobar-habria-deambulado-cerca-de-un-aeropuerto-tras-su-desaparicion-aseguro-su-papa","status":"publish","type":"post","link":"https:\/\/ovelanalista.com\/?p=45062","title":{"rendered":"Debanhi Escobar habr\u00eda deambulado cerca de un aeropuerto tras su desaparici\u00f3n, asegur\u00f3 su pap\u00e1."},"content":{"rendered":"<div class=\"rtejustify\">El cuerpo de\u00a0<strong>Debanhi Escobar\u00a0<\/strong>fue exhumado y le fue practicada una\u00a0<strong>tercera autopsia.<\/strong>\u00a0El estudio forense, adem\u00e1s de revelar que\u00a0<strong>muri\u00f3 por asfixia<\/strong>, determin\u00f3 que cuando la joven fue encontrada\u00a0<strong>llevaba entre tres y cinco d\u00edas sin vida.<\/strong>\u00a0Su padre dio a conocer m\u00e1s detalles de d\u00f3nde pudo estar en los d\u00edas previos a su muerte.<\/div>\n<p>&nbsp;<\/p>\n<div class=\"rtejustify\">En entrevista con Info 7,<strong>\u00a0Mario Escobar<\/strong>\u00a0comparti\u00f3 que d\u00edas despu\u00e9s de que report\u00f3 su desaparici\u00f3n,\u00a0<strong>su hija fue vista deambulando alrededor del Aeropuerto Internacional<\/strong>\u00a0del Norte, en Apodaca, Nuevo Le\u00f3n.<\/div>\n<p>&nbsp;<\/p>\n<div class=\"rtejustify\"><em><strong>&#8221;Tentativamente hab\u00eda unas im\u00e1genes que dec\u00edan que hab\u00eda deambulado por esos rumbos despu\u00e9s de que hab\u00eda desaparecido&#8221;<\/strong><\/em>\u00a0expuso el padre de Debanhi.<\/div>\n<p>&nbsp;<\/p>\n<div class=\"rtejustify\">Durante su participaci\u00f3n en el programa, Mario Escobar reiter\u00f3 que con la tercera necropsia\u00a0<strong>confirm\u00f3 su hip\u00f3tesis\u00a0<\/strong>de que la estudiante de Derecho a\u00fan estaba con vida durante varios d\u00edas del operativo de b\u00fasqueda.<\/div>\n<p>&nbsp;<\/p>\n<div class=\"rtejustify\">Desapareci\u00f3 un<strong>\u00a09 de abril, fue encontrada el d\u00eda 21 del mismo mes\u00a0<\/strong>y seg\u00fan el m\u00e1s reciente estudio,\u00a0<strong>muri\u00f3 entre el 17 y el 18.<\/strong><\/div>\n<p>&nbsp;<\/p>\n<div class=\"rtejustify\">Es decir, que\u00a0<strong>Debanhi pudo haber deambulado por diferentes lugares antes de ser asesinada,\u00a0<\/strong>entre ellos el aeropuerto mencionado por su pap\u00e1. En ese sentido,\u00a0<strong>hubo quien asegur\u00f3 que el desenlace pudo ser diferente\u00a0<\/strong>si hubieran respondido diferentes.<\/div>\n<div><\/div>\n<div>\n<div class=\"rtejustify\"><strong>Cuatro conclusiones clave del tercer peritaje a Debanhi Escobar<\/strong><\/div>\n<div class=\"rtejustify\">Los resultados del tercer peritaje realizado al cuerpo de Debanhi Escobar se basan en cuatro conclusiones:<\/div>\n<ul>\n<li class=\"rtejustify\" data-t=\"{&quot;n&quot;:&quot;blueLinks&quot;}\">\n<div><strong>La causa de muerte fue por asfixia por sofocaci\u00f3n.<\/strong><\/div>\n<\/li>\n<li class=\"rtejustify\" data-t=\"{&quot;n&quot;:&quot;blueLinks&quot;}\">\n<div><strong>La muerte de la joven fue entre 3 y 5 d\u00edas antes del hallazgo del cuerpo.<\/strong><\/div>\n<\/li>\n<li class=\"rtejustify\" data-t=\"{&quot;n&quot;:&quot;blueLinks&quot;}\">\n<div><strong>No se encontr\u00f3 ninguna evidencia de violencia sexual.<\/strong><\/div>\n<\/li>\n<li class=\"rtejustify\" data-t=\"{&quot;n&quot;:&quot;blueLinks&quot;}\">\n<div><strong>Se descarta una asfixia por sumersi\u00f3n.<\/strong><\/div>\n<\/li>\n<\/ul>\n<div class=\"rtejustify\"><strong>El Dr. Felipe Edmundo Takajashi Medina<\/strong>, director del Instituto de<strong>\u00a0Ciencias Forenses del Tribunal Superior de Justicia\u00a0<\/strong>de la Ciudad de M\u00e9xico se\u00f1al\u00f3 que<em>\u00a0&#8221;Se tienen los elementos suficientes necesarios para establecer que la causa de muerte de Debanhi Susana Escobar Bazald\u00faa se debi\u00f3 a una asfixia por sofocaci\u00f3n en su variedad por obstrucci\u00f3n de orificios respiratorios&#8221;.<\/em><\/div>\n<\/div>\n<div><\/div>\n<div>Con informaci\u00f3n de Milenio<\/div>\n","protected":false},"excerpt":{"rendered":"<p>El cuerpo de\u00a0Debanhi Escobar\u00a0fue exhumado y le fue practicada una\u00a0tercera autopsia.\u00a0El estudio forense, adem\u00e1s de revelar que\u00a0muri\u00f3 por asfixia, determin\u00f3 que cuando la joven fue encontrada\u00a0llevaba entre tres y cinco d\u00edas sin vida.\u00a0Su padre dio a conocer m\u00e1s detalles de d\u00f3nde pudo estar en los d\u00edas previos a su muerte. &nbsp; En entrevista con Info 7,\u00a0Mario Escobar\u00a0comparti\u00f3 que d\u00edas despu\u00e9s de que report\u00f3 su desaparici\u00f3n,\u00a0su hija fue vista deambulando alrededor del Aeropuerto Internacional\u00a0del Norte, en Apodaca, Nuevo Le\u00f3n. &nbsp; &#8221;Tentativamente hab\u00eda unas im\u00e1genes que dec\u00edan que hab\u00eda deambulado por esos rumbos despu\u00e9s de que hab\u00eda desaparecido&#8221;\u00a0expuso el padre de Debanhi. [&hellip;]<\/p>\n","protected":false},"author":3,"featured_media":30552,"comment_status":"open","ping_status":"open","sticky":false,"template":"","format":"standard","meta":{"_jetpack_newsletter_access":"","_jetpack_dont_email_post_to_subs":false,"_jetpack_newsletter_tier_id":0,"_jetpack_memberships_contains_paywalled_content":false,"_jetpack_feature_clip_id":0,"_jetpack_memberships_contains_paid_content":false,"footnotes":"","jetpack_publicize_message":"","jetpack_publicize_feature_enabled":true,"jetpack_social_post_already_shared":true,"jetpack_social_options":{"image_generator_settings":{"template":"highway","default_image_id":0,"font":"","enabled":false},"version":2},"jetpack_post_was_ever_published":false},"categories":[75,72],"tags":[],"class_list":["post-45062","post","type-post","status-publish","format-standard","has-post-thumbnail","hentry","category-nacional","category-portada","post--single"],"jetpack_publicize_connections":[],"jetpack_featured_media_url":"https:\/\/ovelanalista.com\/wp-content\/uploads\/2022\/04\/2747406.jpg","jetpack_sharing_enabled":true,"_links":{"self":[{"href":"https:\/\/ovelanalista.com\/index.php?rest_route=\/wp\/v2\/posts\/45062","targetHints":{"allow":["GET"]}}],"collection":[{"href":"https:\/\/ovelanalista.com\/index.php?rest_route=\/wp\/v2\/posts"}],"about":[{"href":"https:\/\/ovelanalista.com\/index.php?rest_route=\/wp\/v2\/types\/post"}],"author":[{"embeddable":true,"href":"https:\/\/ovelanalista.com\/index.php?rest_route=\/wp\/v2\/users\/3"}],"replies":[{"embeddable":true,"href":"https:\/\/ovelanalista.com\/index.php?rest_route=%2Fwp%2Fv2%2Fcomments&post=45062"}],"version-history":[{"count":1,"href":"https:\/\/ovelanalista.com\/index.php?rest_route=\/wp\/v2\/posts\/45062\/revisions"}],"predecessor-version":[{"id":45063,"href":"https:\/\/ovelanalista.com\/index.php?rest_route=\/wp\/v2\/posts\/45062\/revisions\/45063"}],"wp:featuredmedia":[{"embeddable":true,"href":"https:\/\/ovelanalista.com\/index.php?rest_route=\/wp\/v2\/media\/30552"}],"wp:attachment":[{"href":"https:\/\/ovelanalista.com\/index.php?rest_route=%2Fwp%2Fv2%2Fmedia&parent=45062"}],"wp:term":[{"taxonomy":"category","embeddable":true,"href":"https:\/\/ovelanalista.com\/index.php?rest_route=%2Fwp%2Fv2%2Fcategories&post=45062"},{"taxonomy":"post_tag","embeddable":true,"href":"https:\/\/ovelanalista.com\/index.php?rest_route=%2Fwp%2Fv2%2Ftags&post=45062"}],"curies":[{"name":"wp","href":"https:\/\/api.w.org\/{rel}","templated":true}]}}