{"id":45067,"date":"2022-07-21T10:00:35","date_gmt":"2022-07-21T16:00:35","guid":{"rendered":"https:\/\/ovelanalista.com\/?p=45067"},"modified":"2022-07-21T08:31:29","modified_gmt":"2022-07-21T14:31:29","slug":"ya-se-van-si-no-pasa-reforma-electoral-afrontaran-consecuencias-morena-al-ine-y-pri","status":"publish","type":"post","link":"https:\/\/ovelanalista.com\/?p=45067","title":{"rendered":"Ya se van; si no pasa reforma electoral afrontar\u00e1n consecuencias: Morena al INE y PRI"},"content":{"rendered":"<p>El suplente electoral de Morena ante el Instituto Nacional Electoral, Eur\u00edpides Flores, amag\u00f3 en el Consejo General del INE que\u00a0<b>con la reforma electoral \u201cs\u00ed, ya se van, ya se va a acabar esto\u201d,\u00a0<\/b>y advirti\u00f3 al PRI que si no se aprueba, tendr\u00e1n que \u201cafrontar las consecuencias\u201d.<\/p>\n<p data-t=\"{&quot;n&quot;:&quot;blueLinks&quot;}\">Ante la advertencia de Morena, el consejero presidente del INE, Lorenzo C\u00f3rdova, pidi\u00f3 dejar las vulgaridades y\u00a0<b>respetar al instituto que es el s\u00edmbolo de la transici\u00f3n de la democracia mexicana.<\/b><\/p>\n<p data-t=\"{&quot;n&quot;:&quot;blueLinks&quot;}\">Este martes, en Aguascalientes, el secretario de Gobernaci\u00f3n, Ad\u00e1n Augusto L\u00f3pez, dijo que: \u201csi me corre el INE no importa, porque ya lo van a desaparecer los diputados\u201d, al referirse a la reforma electoral del gobierno federal que propone sustituir al \u00e1rbitro electoral, lo cual respald\u00f3 el suplente morenista en el \u00f3rgano electoral.<\/p>\n<blockquote><p>\u201cY s\u00ed, reiteramos, ya se van, ya se va a acabar esto, va a haber una reforma electoral, eso que no le quepa duda, compa\u00f1ero diputado, y se van a tener que poner a trabajar porque la gente quiere una reforma electoral y si no pasa esa reforma electoral, pues ya ustedes,\u00a0<b>cada quien y cada partido pol\u00edtico afrontar\u00e1 las consecuencias de sus determinaciones legislativas\u201d<\/b>, amag\u00f3.<\/p><\/blockquote>\n<h2 class=\"article-sub-heading\"><b>C\u00f3rdova pide dejar vulgaridad\u00a0<\/b><\/h2>\n<p data-t=\"{&quot;n&quot;:&quot;blueLinks&quot;}\"><b>El consejero presidente replic\u00f3 pidiendo altura de miras<\/b>, pues se\u00f1al\u00f3 que si bien \u201c entiendo que aqu\u00ed se quiera hacer pol\u00edtica, para eso est\u00e1n los partidos, hay pol\u00edtica buena, pol\u00edtica mala, pol\u00edtica de m\u00e1s altura, otra pol\u00edtica de menos altura, la pol\u00edtica es lo que es.<\/p>\n<blockquote><p>\u201cQuiero hacer un llamado, y si se puede tomar qu\u00e9 bueno y si no, pues qu\u00e9 malo.<b>\u00a0Esta herradura ha sido el s\u00edmbolo de la transici\u00f3n de la democracia<\/b>, mucha gente muri\u00f3 para lograr que las elecciones no fueran fraudulentas y que ganaran quienes libre y aut\u00f3nomamente elige la ciudadan\u00eda sin presi\u00f3n, quienes ganan es en las urnas, por la ciudadan\u00eda.\u201cYo como presidente del consejo por nueve meses m\u00e1s, s\u00ed los invitar\u00eda a que respet\u00e1ramos esta mesa, todas y todos, entiendo las pasiones, pero dejemos de lado, si es posible y si no, ni modo, estamos para aguantar hasta eso, la vulgaridad, compa\u00f1eros.<b>\u00a0Intentemos respetar esta mesa como lo hemos hecho desde que nos empezamos a sentar ac\u00e1,<\/b>\u00a0eso no implica pensamiento \u00fanico, bienvenidas las diferencias, pero si podemos que no sea vulgar, c<b>r\u00e9anme que le vamos a hacer un favor a la democracia, si se puede, y si no, pues no y ya\u201d<\/b>, se\u00f1al\u00f3 C\u00f3rdova Vianello.<\/p><\/blockquote>\n<p class=\"continue-read-break\" data-t=\"{&quot;n&quot;:&quot;blueLinks&quot;}\">La respuesta del suplente morenista se dio luego de que varios integrantes del consejo llevaran el tema a la mesa. El \u00faltimo y a quien decidi\u00f3 responderle, Hiram Hern\u00e1ndez, el representante priista, quien calific\u00f3 los comentarios del secretario de Gobernaci\u00f3n como una verg\u00fcenza.<\/p>\n<blockquote class=\"\"><p>\u201cLamentable el mensaje que emiti\u00f3 el secretario de Gobernaci\u00f3n, Ad\u00e1n Augusto, al decir que si lo corre el INE no importa, porque &#8216;ya lo van a desaparecer sus diputados de Morena&#8217;, una verg\u00fcenza y una barbaridad. Desde el PRI enfatizamos que lejos de intentar minimizar al \u00e1rbitro electoral,\u00a0<b>nosotros somos de la firme convicci\u00f3n de que \u00e9ste se debe fortalecer para que cuente con facultades,<\/b>\u00a0recursos y personal necesario para investigar y sancionar irregularidades electorales\u201d.<\/p><\/blockquote>\n<p class=\"\" data-t=\"{&quot;n&quot;:&quot;blueLinks&quot;}\">Ante la respuesta del morenista, el priista Jorge Carlos Ram\u00edrez Mar\u00edn lament\u00f3 este tipo de amenazas que, dijo, no llevan a nada.<\/p>\n<blockquote class=\"\"><p>\u201cMe preocupa mucho el decir \u2018at\u00e9nganse a las consecuencias\u2019, \u00bfde que estamos hablando? Este es un \u00f3rgano independiente, este es el centro de la democracia de este pa\u00eds<b>, aqu\u00ed no caben esas amenazas hoy verba, pero ya hemos visto que a otro tipo s\u00ed lo pueden escalar.<\/b>\u201cNo vamos a ganar nada amenaz\u00e1ndonos, para eso est\u00e1 el Congreso, para votar, para eso la gente eligi\u00f3 y hace muy poco la proporci\u00f3n favorec\u00eda ampliamente a su partido y la proporci\u00f3n ya cambi\u00f3 en la elecci\u00f3n intermedia,\u00a0<b>lo que demuestra que la democracia es real, que en la democracia no se gana todo y lo que se gana nunca es para siempre<\/b>\u201d.<\/p><\/blockquote>\n<p class=\"\" data-t=\"{&quot;n&quot;:&quot;blueLinks&quot;}\">Antes, el primero en poner el tema sobre la mesa fue el consejero Uuc-kib Espadas, quien destac\u00f3:<\/p>\n<blockquote class=\"blockquote-text\"><p>\u201cLas crisis coyunturales que. no son menores y que hoy tienen bajo amenaza permanente a este Instituto, como con gran groser\u00eda se encarg\u00f3 de record\u00e1rnoslo el secretario de Gobernaci\u00f3n\u201d.<\/p><\/blockquote>\n<p class=\"\">\u201cLas crisis coyunturales que. no son menores y que hoy tienen bajo amenaza permanente a este Instituto, como con gran groser\u00eda se encarg\u00f3 de record\u00e1rnoslo el secretario de Gobernaci\u00f3n\u201d.<\/p>\n<p class=\"\" data-t=\"{&quot;n&quot;:&quot;blueLinks&quot;}\">El suplente de Morena tambi\u00e9n acus\u00f3 al PRI de no tener verg\u00fcenza y atreverse a criticar a otros partidos, mientras su dirigente, A<b>lejandro Moreno, est\u00e1 en medio de esc\u00e1ndalos por varios audios en los que se exhiben presuntos il\u00edcitos.<\/b><\/p>\n<p class=\"\" data-t=\"{&quot;n&quot;:&quot;blueLinks&quot;}\">A lo que nuevamente tuvo respuesta por parte de Ram\u00edrez Mar\u00edn, quien le se\u00f1al\u00f3 que mientras el morenista habla de audios,<b>\u00a0se le olvidan \u201clos videos donde hab\u00eda carruseles para hacer dep\u00f3sitos en efectivo\u201d<\/b>, adem\u00e1s de las actuales acciones del gobierno federal \u201cdonde no se respetan los amparos y se viola la ley electoral\u201d una y otra vez.<\/p>\n<div class=\"videocard3PP\" data-t=\"{&quot;n&quot;:&quot;VideoCardWC&quot;,&quot;t&quot;:8,&quot;ext&quot;:{}}\"><\/div>\n<div data-t=\"{&quot;n&quot;:&quot;VideoCardWC&quot;,&quot;t&quot;:8,&quot;ext&quot;:{}}\">Con informaci\u00f3n de Milenio<\/div>\n","protected":false},"excerpt":{"rendered":"<p>El suplente electoral de Morena ante el Instituto Nacional Electoral, Eur\u00edpides Flores, amag\u00f3 en el Consejo General del INE que\u00a0con la reforma electoral \u201cs\u00ed, ya se van, ya se va a acabar esto\u201d,\u00a0y advirti\u00f3 al PRI que si no se aprueba, tendr\u00e1n que \u201cafrontar las consecuencias\u201d. Ante la advertencia de Morena, el consejero presidente del INE, Lorenzo C\u00f3rdova, pidi\u00f3 dejar las vulgaridades y\u00a0respetar al instituto que es el s\u00edmbolo de la transici\u00f3n de la democracia mexicana. Este martes, en Aguascalientes, el secretario de Gobernaci\u00f3n, Ad\u00e1n Augusto L\u00f3pez, dijo que: \u201csi me corre el INE no importa, porque ya lo van [&hellip;]<\/p>\n","protected":false},"author":3,"featured_media":31054,"comment_status":"open","ping_status":"open","sticky":false,"template":"","format":"standard","meta":{"_jetpack_newsletter_access":"","_jetpack_dont_email_post_to_subs":false,"_jetpack_newsletter_tier_id":0,"_jetpack_memberships_contains_paywalled_content":false,"_jetpack_feature_clip_id":0,"_jetpack_memberships_contains_paid_content":false,"footnotes":"","jetpack_publicize_message":"","jetpack_publicize_feature_enabled":true,"jetpack_social_post_already_shared":true,"jetpack_social_options":{"image_generator_settings":{"template":"highway","default_image_id":0,"font":"","enabled":false},"version":2},"jetpack_post_was_ever_published":false},"categories":[75,72],"tags":[],"class_list":["post-45067","post","type-post","status-publish","format-standard","has-post-thumbnail","hentry","category-nacional","category-portada","post--single"],"jetpack_publicize_connections":[],"jetpack_featured_media_url":"https:\/\/ovelanalista.com\/wp-content\/uploads\/2022\/04\/INE.webp","jetpack_sharing_enabled":true,"_links":{"self":[{"href":"https:\/\/ovelanalista.com\/index.php?rest_route=\/wp\/v2\/posts\/45067","targetHints":{"allow":["GET"]}}],"collection":[{"href":"https:\/\/ovelanalista.com\/index.php?rest_route=\/wp\/v2\/posts"}],"about":[{"href":"https:\/\/ovelanalista.com\/index.php?rest_route=\/wp\/v2\/types\/post"}],"author":[{"embeddable":true,"href":"https:\/\/ovelanalista.com\/index.php?rest_route=\/wp\/v2\/users\/3"}],"replies":[{"embeddable":true,"href":"https:\/\/ovelanalista.com\/index.php?rest_route=%2Fwp%2Fv2%2Fcomments&post=45067"}],"version-history":[{"count":1,"href":"https:\/\/ovelanalista.com\/index.php?rest_route=\/wp\/v2\/posts\/45067\/revisions"}],"predecessor-version":[{"id":45068,"href":"https:\/\/ovelanalista.com\/index.php?rest_route=\/wp\/v2\/posts\/45067\/revisions\/45068"}],"wp:featuredmedia":[{"embeddable":true,"href":"https:\/\/ovelanalista.com\/index.php?rest_route=\/wp\/v2\/media\/31054"}],"wp:attachment":[{"href":"https:\/\/ovelanalista.com\/index.php?rest_route=%2Fwp%2Fv2%2Fmedia&parent=45067"}],"wp:term":[{"taxonomy":"category","embeddable":true,"href":"https:\/\/ovelanalista.com\/index.php?rest_route=%2Fwp%2Fv2%2Fcategories&post=45067"},{"taxonomy":"post_tag","embeddable":true,"href":"https:\/\/ovelanalista.com\/index.php?rest_route=%2Fwp%2Fv2%2Ftags&post=45067"}],"curies":[{"name":"wp","href":"https:\/\/api.w.org\/{rel}","templated":true}]}}