{"id":45073,"date":"2022-07-21T10:20:25","date_gmt":"2022-07-21T16:20:25","guid":{"rendered":"https:\/\/ovelanalista.com\/?p=45073"},"modified":"2022-07-21T08:39:30","modified_gmt":"2022-07-21T14:39:30","slug":"alcaldia-de-coyoacan-dice-que-la-suspension-temporal-a-3-servidoras-publicas-por-incumplimiento-normativo-no-es-idonea","status":"publish","type":"post","link":"https:\/\/ovelanalista.com\/?p=45073","title":{"rendered":"Alcald\u00eda de Coyoac\u00e1n dice que la suspensi\u00f3n temporal a 3 servidoras p\u00fablicas por incumplimiento normativo no es id\u00f3nea"},"content":{"rendered":"<p>Alcald\u00eda de Coyoac\u00e1n dice que la suspensi\u00f3n temporal a 3 servidoras p\u00fablicas por incumplimiento normativo no es id\u00f3nea La alcald\u00eda de <strong>Coyoac\u00e1n\u00a0<\/strong>inform\u00f3 que la suspensi\u00f3n temporal a tres de sus funcionarios, hecha por la Contralor\u00eda capitalina por supuestamente realizar err\u00f3neamente un procedimiento de verificaci\u00f3n en el Centro Comercial Oasis, no es id\u00f3nea ni proporcional a la supuesta conducta denunciada.<\/p>\n<p data-t=\"{&quot;n&quot;:&quot;blueLinks&quot;}\">De igual forma, se defendi\u00f3 esta verificaci\u00f3n y suspensi\u00f3n de actividades a tres establecimientos de mencionada plaza.<\/p>\n<p data-t=\"{&quot;n&quot;:&quot;blueLinks&quot;}\">A trav\u00e9s de una tarjeta informativa, la alcald\u00eda detall\u00f3 que el oficio de suspensi\u00f3n notificado a los tres funcionarios p\u00fablicos de la demarcaci\u00f3n, es totalmente distinto a los argumentos que se entregaron a los medios de comunicaci\u00f3n por parte de la Contralor\u00eda, lo cual viola la presunci\u00f3n de inocencia y los derechos humanos y garant\u00edas de los propios<strong>\u00a0servidores p\u00fablicos<\/strong>\u00a0se\u00f1alados.<\/p>\n<p data-t=\"{&quot;n&quot;:&quot;blueLinks&quot;}\">De igual forma, se detall\u00f3 que una de las observaciones a las que se da seguimiento en la\u00a0<strong>Plaza Oasis<\/strong>\u00a0es a la operaci\u00f3n de giros comerciales diversos en un s\u00f3tano, el cual se manifest\u00f3 ante la autoridad que ser\u00eda s\u00f3lo estacionamiento y no establecimientos mercantiles.<\/p>\n<p class=\"continue-read-break\" data-t=\"{&quot;n&quot;:&quot;blueLinks&quot;}\">\u201cEn Coyoac\u00e1n se aplica la ley sin distingos de ninguna \u00edndole y se<strong>\u00a0combate la corrupci\u00f3n.\u00a0<\/strong>Es por ello que, derivado de los procedimientos administrativos realizados en la Plaza Oasis, la cual es sujeta de revisiones por el probable funcionamiento ilegal, uso y ocupaci\u00f3n indebida, se emprendieron acciones para la suspensi\u00f3n de tres establecimientos mercantiles, quienes no acreditaron documentalmente su legal funcionamiento al momento de visita\u201d, se inform\u00f3.<\/p>\n<p data-t=\"{&quot;n&quot;:&quot;blueLinks&quot;}\">Recordaron que la ley prev\u00e9 que la plaza comercial debe contar con la autorizaci\u00f3n de uso y ocupaci\u00f3n de la obra, y sus establecimientos mercantiles deben contar con el aviso o permiso de funcionamiento y su programa interno de\u00a0<strong>protecci\u00f3n civil,\u00a0<\/strong>seg\u00fan sea el caso.<\/p>\n<p data-t=\"{&quot;n&quot;:&quot;blueLinks&quot;}\">\u201cA la fecha de verificaci\u00f3n estos documentos no fueron exhibidos por parte de los establecimientos, lo que motiv\u00f3 la imposici\u00f3n de medidas de seguridad\u201d, indic\u00f3 la alcald\u00eda.<\/p>\n<p data-t=\"{&quot;n&quot;:&quot;blueLinks&quot;}\">\n<p data-t=\"{&quot;n&quot;:&quot;blueLinks&quot;}\">Con informaci\u00f3n de El Universal<\/p>\n","protected":false},"excerpt":{"rendered":"<p>Alcald\u00eda de Coyoac\u00e1n dice que la suspensi\u00f3n temporal a 3 servidoras p\u00fablicas por incumplimiento normativo no es id\u00f3nea La alcald\u00eda de Coyoac\u00e1n\u00a0inform\u00f3 que la suspensi\u00f3n temporal a tres de sus funcionarios, hecha por la Contralor\u00eda capitalina por supuestamente realizar err\u00f3neamente un procedimiento de verificaci\u00f3n en el Centro Comercial Oasis, no es id\u00f3nea ni proporcional a la supuesta conducta denunciada. De igual forma, se defendi\u00f3 esta verificaci\u00f3n y suspensi\u00f3n de actividades a tres establecimientos de mencionada plaza. A trav\u00e9s de una tarjeta informativa, la alcald\u00eda detall\u00f3 que el oficio de suspensi\u00f3n notificado a los tres funcionarios p\u00fablicos de la demarcaci\u00f3n, es [&hellip;]<\/p>\n","protected":false},"author":3,"featured_media":45074,"comment_status":"open","ping_status":"open","sticky":false,"template":"","format":"standard","meta":{"_jetpack_newsletter_access":"","_jetpack_dont_email_post_to_subs":false,"_jetpack_newsletter_tier_id":0,"_jetpack_memberships_contains_paywalled_content":false,"_jetpack_feature_clip_id":0,"_jetpack_memberships_contains_paid_content":false,"footnotes":"","jetpack_publicize_message":"","jetpack_publicize_feature_enabled":true,"jetpack_social_post_already_shared":true,"jetpack_social_options":{"image_generator_settings":{"template":"highway","default_image_id":0,"font":"","enabled":false},"version":2},"jetpack_post_was_ever_published":false},"categories":[75,72],"tags":[],"class_list":["post-45073","post","type-post","status-publish","format-standard","has-post-thumbnail","hentry","category-nacional","category-portada","post--single"],"jetpack_publicize_connections":[],"jetpack_featured_media_url":"https:\/\/ovelanalista.com\/wp-content\/uploads\/2022\/07\/Coyoaca\u0301n.jpeg","jetpack_sharing_enabled":true,"_links":{"self":[{"href":"https:\/\/ovelanalista.com\/index.php?rest_route=\/wp\/v2\/posts\/45073","targetHints":{"allow":["GET"]}}],"collection":[{"href":"https:\/\/ovelanalista.com\/index.php?rest_route=\/wp\/v2\/posts"}],"about":[{"href":"https:\/\/ovelanalista.com\/index.php?rest_route=\/wp\/v2\/types\/post"}],"author":[{"embeddable":true,"href":"https:\/\/ovelanalista.com\/index.php?rest_route=\/wp\/v2\/users\/3"}],"replies":[{"embeddable":true,"href":"https:\/\/ovelanalista.com\/index.php?rest_route=%2Fwp%2Fv2%2Fcomments&post=45073"}],"version-history":[{"count":1,"href":"https:\/\/ovelanalista.com\/index.php?rest_route=\/wp\/v2\/posts\/45073\/revisions"}],"predecessor-version":[{"id":45075,"href":"https:\/\/ovelanalista.com\/index.php?rest_route=\/wp\/v2\/posts\/45073\/revisions\/45075"}],"wp:featuredmedia":[{"embeddable":true,"href":"https:\/\/ovelanalista.com\/index.php?rest_route=\/wp\/v2\/media\/45074"}],"wp:attachment":[{"href":"https:\/\/ovelanalista.com\/index.php?rest_route=%2Fwp%2Fv2%2Fmedia&parent=45073"}],"wp:term":[{"taxonomy":"category","embeddable":true,"href":"https:\/\/ovelanalista.com\/index.php?rest_route=%2Fwp%2Fv2%2Fcategories&post=45073"},{"taxonomy":"post_tag","embeddable":true,"href":"https:\/\/ovelanalista.com\/index.php?rest_route=%2Fwp%2Fv2%2Ftags&post=45073"}],"curies":[{"name":"wp","href":"https:\/\/api.w.org\/{rel}","templated":true}]}}