{"id":45079,"date":"2022-07-21T10:40:44","date_gmt":"2022-07-21T16:40:44","guid":{"rendered":"https:\/\/ovelanalista.com\/?p=45079"},"modified":"2022-07-21T08:42:36","modified_gmt":"2022-07-21T14:42:36","slug":"lopez-obrador-revira-a-reclamo-con-uy-que-miedo-de-chico-che","status":"publish","type":"post","link":"https:\/\/ovelanalista.com\/?p=45079","title":{"rendered":"L\u00f3pez Obrador revira a reclamo con \u2018Uy qu\u00e9 miedo\u2019, de Chico Che"},"content":{"rendered":"<p data-t=\"{&quot;n&quot;:&quot;blueLinks&quot;}\">El presidente Andr\u00e9s Manuel L\u00f3pez Obrador afirm\u00f3 que \u201cno va a pasar nada\u201d con la solicitud de consultas de Estados Unidos al amparo del T-MEC en contra de la pol\u00edtica energ\u00e9tica de M\u00e9xico e incluso ironiz\u00f3 al respecto, proyectando un video de la canci\u00f3n Uy qu\u00e9 miedo, de Chico Che.<\/p>\n<p data-t=\"{&quot;n&quot;:&quot;blueLinks&quot;}\">En su conferencia matutina, dijo que ahora sus adversarios ya se est\u00e1n frotando las manos hablando de que ahora s\u00ed llamar\u00e1n a cuentas a su gobierno.<\/p>\n<p data-t=\"{&quot;n&quot;:&quot;blueLinks&quot;}\">Hay una inconformidad promovida por algunos empresarios, m\u00e1s que nada \u201cde nuestro pa\u00eds\u201d, dijo, m\u00e1s que estadounidenses y canadienses, sobre la pol\u00edtica energ\u00e9tica del gobierno federal.<\/p>\n<p data-t=\"{&quot;n&quot;:&quot;blueLinks&quot;}\">Los calific\u00f3 como m\u00e1s conservadores que el mismo exmandatario estadounidense Donald Trump, aunque parezca incre\u00edble.<\/p>\n<p data-t=\"{&quot;n&quot;:&quot;blueLinks&quot;}\">Asegur\u00f3 que esto es \u201cuna consulta, nada m\u00e1s\u201d y \u201cno hay ning\u00fan problema\u201d, porque todo lo que su gobierno est\u00e1 haciendo en materia energ\u00e9tica es de conformidad con la Constituci\u00f3n<\/p>\n<p data-t=\"{&quot;n&quot;:&quot;blueLinks&quot;}\">\u201cVamos a recibir la propuesta, se va a analizar. Esto lo tiene que ver la Secretar\u00eda de Econom\u00eda. No hay ning\u00fan problema\u201d, recalc\u00f3.<\/p>\n<p class=\"continue-read-break\" data-t=\"{&quot;n&quot;:&quot;blueLinks&quot;}\">Asimismo, arremeti\u00f3 contra Ildefonso Guajardo, secretario de Econom\u00eda durante el sexenio anterior, argumentando que, cuando se negociaba el Tratado entre M\u00e9xico, Estados Unidos y Canad\u00e1 (T-MEC), se comprometi\u00f3 en un cap\u00edtulo la pol\u00edtica energ\u00e9tica, violando la soberan\u00eda del pa\u00eds.<\/p>\n<p data-t=\"{&quot;n&quot;:&quot;blueLinks&quot;}\">\u201cRedactamos el cap\u00edtulo, y fueron dos p\u00e1rrafos que tienen que ver con el dominio de la naci\u00f3n sobre nuestra pol\u00edtica energ\u00e9tica\u201d, afirm\u00f3.<\/p>\n<p data-t=\"{&quot;n&quot;:&quot;blueLinks&quot;}\">M\u00e1s tarde, Tatiana Clou- thier, secretaria de Econom\u00eda, se reuni\u00f3 con L\u00f3pez Obrador en Palacio Nacional, luego de que el gobierno de Canad\u00e1 inform\u00f3 que tambi\u00e9n iniciar\u00e1 consultas contra las pol\u00edticas energ\u00e9ticas de M\u00e9xico, v\u00eda el T-MEC.<\/p>\n<p data-t=\"{&quot;n&quot;:&quot;blueLinks&quot;}\">A su salida, la funcionaria declin\u00f3 hacer declaraciones a la prensa.<\/p>\n<p data-t=\"{&quot;n&quot;:&quot;blueLinks&quot;}\">\n<p data-t=\"{&quot;n&quot;:&quot;blueLinks&quot;}\">Con informaci\u00f3n de El Universal<\/p>\n","protected":false},"excerpt":{"rendered":"<p>El presidente Andr\u00e9s Manuel L\u00f3pez Obrador afirm\u00f3 que \u201cno va a pasar nada\u201d con la solicitud de consultas de Estados Unidos al amparo del T-MEC en contra de la pol\u00edtica energ\u00e9tica de M\u00e9xico e incluso ironiz\u00f3 al respecto, proyectando un video de la canci\u00f3n Uy qu\u00e9 miedo, de Chico Che. En su conferencia matutina, dijo que ahora sus adversarios ya se est\u00e1n frotando las manos hablando de que ahora s\u00ed llamar\u00e1n a cuentas a su gobierno. Hay una inconformidad promovida por algunos empresarios, m\u00e1s que nada \u201cde nuestro pa\u00eds\u201d, dijo, m\u00e1s que estadounidenses y canadienses, sobre la pol\u00edtica energ\u00e9tica del [&hellip;]<\/p>\n","protected":false},"author":3,"featured_media":44829,"comment_status":"open","ping_status":"open","sticky":false,"template":"","format":"standard","meta":{"_jetpack_newsletter_access":"","_jetpack_dont_email_post_to_subs":false,"_jetpack_newsletter_tier_id":0,"_jetpack_memberships_contains_paywalled_content":false,"_jetpack_feature_clip_id":0,"_jetpack_memberships_contains_paid_content":false,"footnotes":"","jetpack_publicize_message":"","jetpack_publicize_feature_enabled":true,"jetpack_social_post_already_shared":true,"jetpack_social_options":{"image_generator_settings":{"template":"highway","default_image_id":0,"font":"","enabled":false},"version":2},"jetpack_post_was_ever_published":false},"categories":[75,72],"tags":[],"class_list":["post-45079","post","type-post","status-publish","format-standard","has-post-thumbnail","hentry","category-nacional","category-portada","post--single"],"jetpack_publicize_connections":[],"jetpack_featured_media_url":"https:\/\/ovelanalista.com\/wp-content\/uploads\/2022\/07\/AMLO-20.jpeg","jetpack_sharing_enabled":true,"_links":{"self":[{"href":"https:\/\/ovelanalista.com\/index.php?rest_route=\/wp\/v2\/posts\/45079","targetHints":{"allow":["GET"]}}],"collection":[{"href":"https:\/\/ovelanalista.com\/index.php?rest_route=\/wp\/v2\/posts"}],"about":[{"href":"https:\/\/ovelanalista.com\/index.php?rest_route=\/wp\/v2\/types\/post"}],"author":[{"embeddable":true,"href":"https:\/\/ovelanalista.com\/index.php?rest_route=\/wp\/v2\/users\/3"}],"replies":[{"embeddable":true,"href":"https:\/\/ovelanalista.com\/index.php?rest_route=%2Fwp%2Fv2%2Fcomments&post=45079"}],"version-history":[{"count":1,"href":"https:\/\/ovelanalista.com\/index.php?rest_route=\/wp\/v2\/posts\/45079\/revisions"}],"predecessor-version":[{"id":45080,"href":"https:\/\/ovelanalista.com\/index.php?rest_route=\/wp\/v2\/posts\/45079\/revisions\/45080"}],"wp:featuredmedia":[{"embeddable":true,"href":"https:\/\/ovelanalista.com\/index.php?rest_route=\/wp\/v2\/media\/44829"}],"wp:attachment":[{"href":"https:\/\/ovelanalista.com\/index.php?rest_route=%2Fwp%2Fv2%2Fmedia&parent=45079"}],"wp:term":[{"taxonomy":"category","embeddable":true,"href":"https:\/\/ovelanalista.com\/index.php?rest_route=%2Fwp%2Fv2%2Fcategories&post=45079"},{"taxonomy":"post_tag","embeddable":true,"href":"https:\/\/ovelanalista.com\/index.php?rest_route=%2Fwp%2Fv2%2Ftags&post=45079"}],"curies":[{"name":"wp","href":"https:\/\/api.w.org\/{rel}","templated":true}]}}