{"id":45081,"date":"2022-07-21T10:50:47","date_gmt":"2022-07-21T16:50:47","guid":{"rendered":"https:\/\/ovelanalista.com\/?p=45081"},"modified":"2022-07-21T08:45:05","modified_gmt":"2022-07-21T14:45:05","slug":"el-primer-video-de-pena-contra-amlo","status":"publish","type":"post","link":"https:\/\/ovelanalista.com\/?p=45081","title":{"rendered":"El primer video de Pe\u00f1a contra AMLO"},"content":{"rendered":"<p>El primer video de Pe\u00f1a contra AMLO De acuerdo a fuentes cercanas al expresidente Enrique Pe\u00f1a Nieto (ubicadas en el pa\u00eds ib\u00e9rico), a finales de este a\u00f1o revelar\u00e1 uno de los doce videos que AMLO ha buscado evitar salgan a la luz p\u00fablica, m\u00e1s a\u00fan cuando sus \u201ccorcholatas\u201d se muestran con singular alegr\u00eda rumbo al 2024.<\/p>\n<p>Por su alto contenido pol\u00e9mico y degradante para la 4T, la videoteca personal de EPN ha sido, en realidad, aquello que sostiene el pacto de caballeros signado en julio del 2018. Si Pe\u00f1a ha llegado hasta este a\u00f1o sin ser requerido (de manera contundente) por las autoridades, es debido a esas cintas cuidadosamente resguardadas.<\/p>\n<p data-t=\"{&quot;n&quot;:&quot;blueLinks&quot;}\">El pacto AMLO-EPN iba bien hasta que el presidente, desesperado por desviar la atenci\u00f3n p\u00fablica, decidi\u00f3 permitirle a Pablo G\u00f3mez anunciar la investigaci\u00f3n contra su antecesor. \u201cEso fue lo que dio al traste con todo, y a menos que le ofrezcan algo bueno a Enrique, podr\u00edamos tener un video entre nosotros para noviembre o diciembre\u201d, afirman.<\/p>\n<p data-t=\"{&quot;n&quot;:&quot;blueLinks&quot;}\">El video que se viene involucra a uno de los personajes m\u00e1s cercanos al tabasque\u00f1o, (con fuerte y longevo pasado pri\u00edsta), uno de los sujetos m\u00e1s pol\u00e9micos y defendidos por el Ejecutivo; un hombre que tutea al presidente (por la cercan\u00eda que se profesan), e inmiscuido en el financiamiento de su campa\u00f1a rumbo al 2018.<\/p>\n<p class=\"continue-read-break\" data-t=\"{&quot;n&quot;:&quot;blueLinks&quot;}\">En dicho video, este experimentado pol\u00edtico ser\u00eda captado recibiendo, de manera clara y contundente (pues me dicen que cuenta con audio n\u00edtido), sendos apoyos en efectivo para la campa\u00f1a presidencial del tabasque\u00f1o. En ese material, el personaje comenta que su intervenci\u00f3n como \u201ccabildero\u201d ser\u00e1 \u201ccorrespondida\u201d con buenas posiciones durante el sexenio.<\/p>\n<p data-t=\"{&quot;n&quot;:&quot;blueLinks&quot;}\">Tal como lo revel\u00e9 hace una semana, AMLO y EPN sostuvieron comunicaci\u00f3n con el af\u00e1n de buscar \u201cparchar\u201d el pacto de caballeros. No surti\u00f3 efecto: al mexiquense no le parecieron suficientes las razones del presidente para \u201csalirse\u201d del gui\u00f3n acordado, y por ello, ventilar en una ma\u00f1anera la denuncia de la UIF en su contra. Tan desconcertado estuvo Pe\u00f1a que us\u00f3 sus redes sociales para otra cosa que no fuera ofrecer p\u00e9sames.<\/p>\n<p data-t=\"{&quot;n&quot;:&quot;blueLinks&quot;}\">Sin embargo, los cercanos a EPN saben de un video donde el protagonista es AMLO, uno al que su propio \u201ccuidador\u201d considera como \u201cla joya de la corona\u201d. Pe\u00f1a tiene (y de verdad que tiene), un aut\u00e9ntico \u201c\u00e1brase en caso de emergencia\u201d. \u00bfLo usar\u00e1 en alg\u00fan momento? Veremos qu\u00e9 ocurre.<\/p>\n<p data-t=\"{&quot;n&quot;:&quot;blueLinks&quot;}\">\n<p data-t=\"{&quot;n&quot;:&quot;blueLinks&quot;}\">Con informaci\u00f3n de El Universal<\/p>\n","protected":false},"excerpt":{"rendered":"<p>El primer video de Pe\u00f1a contra AMLO De acuerdo a fuentes cercanas al expresidente Enrique Pe\u00f1a Nieto (ubicadas en el pa\u00eds ib\u00e9rico), a finales de este a\u00f1o revelar\u00e1 uno de los doce videos que AMLO ha buscado evitar salgan a la luz p\u00fablica, m\u00e1s a\u00fan cuando sus \u201ccorcholatas\u201d se muestran con singular alegr\u00eda rumbo al 2024. Por su alto contenido pol\u00e9mico y degradante para la 4T, la videoteca personal de EPN ha sido, en realidad, aquello que sostiene el pacto de caballeros signado en julio del 2018. Si Pe\u00f1a ha llegado hasta este a\u00f1o sin ser requerido (de manera contundente) [&hellip;]<\/p>\n","protected":false},"author":3,"featured_media":42055,"comment_status":"open","ping_status":"open","sticky":false,"template":"","format":"standard","meta":{"_jetpack_newsletter_access":"","_jetpack_dont_email_post_to_subs":false,"_jetpack_newsletter_tier_id":0,"_jetpack_memberships_contains_paywalled_content":false,"_jetpack_feature_clip_id":0,"_jetpack_memberships_contains_paid_content":false,"footnotes":"","jetpack_publicize_message":"","jetpack_publicize_feature_enabled":true,"jetpack_social_post_already_shared":true,"jetpack_social_options":{"image_generator_settings":{"template":"highway","default_image_id":0,"font":"","enabled":false},"version":2},"jetpack_post_was_ever_published":false},"categories":[75,72],"tags":[],"class_list":["post-45081","post","type-post","status-publish","format-standard","has-post-thumbnail","hentry","category-nacional","category-portada","post--single"],"jetpack_publicize_connections":[],"jetpack_featured_media_url":"https:\/\/ovelanalista.com\/wp-content\/uploads\/2022\/07\/amlo.jpeg","jetpack_sharing_enabled":true,"_links":{"self":[{"href":"https:\/\/ovelanalista.com\/index.php?rest_route=\/wp\/v2\/posts\/45081","targetHints":{"allow":["GET"]}}],"collection":[{"href":"https:\/\/ovelanalista.com\/index.php?rest_route=\/wp\/v2\/posts"}],"about":[{"href":"https:\/\/ovelanalista.com\/index.php?rest_route=\/wp\/v2\/types\/post"}],"author":[{"embeddable":true,"href":"https:\/\/ovelanalista.com\/index.php?rest_route=\/wp\/v2\/users\/3"}],"replies":[{"embeddable":true,"href":"https:\/\/ovelanalista.com\/index.php?rest_route=%2Fwp%2Fv2%2Fcomments&post=45081"}],"version-history":[{"count":1,"href":"https:\/\/ovelanalista.com\/index.php?rest_route=\/wp\/v2\/posts\/45081\/revisions"}],"predecessor-version":[{"id":45082,"href":"https:\/\/ovelanalista.com\/index.php?rest_route=\/wp\/v2\/posts\/45081\/revisions\/45082"}],"wp:featuredmedia":[{"embeddable":true,"href":"https:\/\/ovelanalista.com\/index.php?rest_route=\/wp\/v2\/media\/42055"}],"wp:attachment":[{"href":"https:\/\/ovelanalista.com\/index.php?rest_route=%2Fwp%2Fv2%2Fmedia&parent=45081"}],"wp:term":[{"taxonomy":"category","embeddable":true,"href":"https:\/\/ovelanalista.com\/index.php?rest_route=%2Fwp%2Fv2%2Fcategories&post=45081"},{"taxonomy":"post_tag","embeddable":true,"href":"https:\/\/ovelanalista.com\/index.php?rest_route=%2Fwp%2Fv2%2Ftags&post=45081"}],"curies":[{"name":"wp","href":"https:\/\/api.w.org\/{rel}","templated":true}]}}