{"id":45083,"date":"2022-07-21T11:00:14","date_gmt":"2022-07-21T17:00:14","guid":{"rendered":"https:\/\/ovelanalista.com\/?p=45083"},"modified":"2022-07-21T08:46:21","modified_gmt":"2022-07-21T14:46:21","slug":"especialistas-escandalos-de-alito-obligan-a-rectificar-la-alianza-pan-pri-prd","status":"publish","type":"post","link":"https:\/\/ovelanalista.com\/?p=45083","title":{"rendered":"Especialistas: esc\u00e1ndalos de &#8220;Alito&#8221; obligan a rectificar la alianza PAN-PRI-PRD"},"content":{"rendered":"<p data-t=\"{&quot;n&quot;:&quot;blueLinks&quot;}\">La reducci\u00f3n de 5% de apoyo ciudadano al bloque opositor en tres meses, como mostr\u00f3 esta semana la encuesta de julio de El Financiero, muestra que ya es un problema para la alianza opositora la imagen del l\u00edder priista Alejandro Moreno C\u00e1rdenas, y podr\u00eda afectar toda posibilidad de triunfo en las elecciones de 2024, consideran analistas. Para el Partido Acci\u00f3n Nacional (PAN) \u201clleg\u00f3 la hora de repensar su alianza con el Partido Revolucionario Institucional (PRI) y el de la Revoluci\u00f3n Democr\u00e1tica (PRD) y analizar si realmente le aportan algo\u201d, consider\u00f3 Leonardo Curzio Guti\u00e9rrez, analista pol\u00edtico.<\/p>\n<div class=\"article-image-container\" data-t=\"{&quot;n&quot;:&quot;OpenModal&quot;,&quot;t&quot;:13}\">\n<p class=\"continue-read-break\" data-t=\"{&quot;n&quot;:&quot;blueLinks&quot;}\">&#8216;El blanquiazul trae a dos socios que no le aportan nada\u201d, agrega el tambi\u00e9n historiador y miembro del Sistema Nacional de Investigadores de la Universidad Nacional Aut\u00f3noma de M\u00e9xico. Alberto Aziz Nassif, del Centro de Investigaciones y Estudios Superiores en Antropolog\u00eda Social (CIESAS), coincide en que Moreno C\u00e1rdenas ha reflejado una \u201cpersonalidad muy problem\u00e1tica\u201d y ligada a presuntos casos de corrupci\u00f3n que, sean o no reales, tendr\u00e1n impacto. Aunque el dirigente del PRI se defiende, \u201clo que se refleja en las encuestas es que no hay dudas respecto a si es real o no, para una parte de la gente es verdad y eso est\u00e1 afectando cada vez m\u00e1s al partido y al conjunto de la oposici\u00f3n\u201d. Ambos analistas fueron consultados sobre la encuesta del peri\u00f3dico El Financiero que muestra que la alianza opositora de Va por M\u00e9xico, que forman PAN, PRI y PRD, cay\u00f3 cinco puntos en el apoyo ciudadano de abril a julio, pues de 41% de intenci\u00f3n del voto baj\u00f3 a 36%. En ese mismo periodo, el puntaje de Morena y aliados, el Partido del Trabajo (PT) y Verde (PVEM) aumentaron cinco puntos, de 46 a 51%. El sondeo se public\u00f3 el lunes 18 y refleja la opini\u00f3n ciudadana expresada en encuesta nacional realizada v\u00eda telef\u00f3nica (fija y celular) del 8-10 de julio, con margen de error +\/-4.0%.<\/p>\n<p>\u201cUn problema insostenible&#8217;<\/p><\/div>\n<div data-t=\"{&quot;n&quot;:&quot;OpenModal&quot;,&quot;t&quot;:13}\">\n<p class=\"\" data-t=\"{&quot;n&quot;:&quot;blueLinks&quot;}\">La ca\u00edda opositora, seg\u00fan la encuesta del diario, comenz\u00f3 en abril. En tanto, la serie de audios difundidos por la gobernadora de Campeche, Layda Sansores, con la presunta voz de \u201cAlito\u201d Moreno que lo involucrar\u00edan con casos de supuesto lavado de dinero, financiamiento ilegal de campa\u00f1as, apropiaci\u00f3n de terrenos, irregularidades fiscales y electorales, al menos, se inici\u00f3 el 3 de mayo. Hasta el levantamiento de la encuesta, se hab\u00edan emitido audios en ocho programas de El Martes del Jaguar, pero van nueve hasta el 12 de julio y el pasado d\u00eda 19, la mandataria difundi\u00f3 otra grabaci\u00f3n v\u00eda redes sociales. De acuerdo con el sondeo, Moreno cuenta con 13% de opini\u00f3n positiva y m\u00e1s del doble de opini\u00f3n negativa, con 33%. El nivel de conocimiento del priista entre la poblaci\u00f3n es de 56%. Aziz Nassif establece que la disminuci\u00f3n del apoyo al bloque opositor es multifactorial y puede ser consecuencia de los audios, el reclamo interno en el PRI para la salida anticipada de Moreno C\u00e1rdenas y su resistencia a dialogar, o bien la ausencia de figuras opositoras, en contraste con el activismo de los aspirantes de Morena a contender en 2024. \u201cPuede ser consecuencia de que Morena tiene un conjunto de precandidaturas que ha promocionado en diferentes eventos y esto podr\u00eda ser percibido como que tiene una propuesta m\u00e1s armada frente a la oposici\u00f3n, que todav\u00eda no resuelve y no hay ninguna figura que llame la atenci\u00f3n y no ha decidido a mostrarse como una alternativa\u201d, expresa. Nassif hace hincapi\u00e9 en que en la escena donde la oposici\u00f3n no figura, es m\u00e1s visible la crisis del PRI por las acusaciones que enfrenta su dirigente y es una problem\u00e1tica que se vuelve cada vez &#8216;m\u00e1s insostenible\u201d frente a voces que reclaman la salida de Moreno.<\/p>\n<p>Los audios, el punto de quiebre<\/p>\n<p class=\"\" data-t=\"{&quot;n&quot;:&quot;blueLinks&quot;}\">Considera que el l\u00edder del PRI \u201cest\u00e1 haciendo m\u00e1s da\u00f1o que los beneficios que pudiera tener su liderazgo&#8217;. La atenci\u00f3n no est\u00e1 centrada en la propuesta de la oposici\u00f3n, sino en Moreno C\u00e1rdenas, en los presuntos actos de desv\u00edo de recursos, de corrupci\u00f3n, entonces eso genera problemas de mala imagen y como es de forma sistem\u00e1tica s\u00ed tendr\u00e1 efectos, recalca. \u201cS\u00ed creo que ser\u00e1 dif\u00edcil salvarle el prestigio de un l\u00edder que ha sido muy cuestionado y eso de alguna manera queda\u201d, plantea al recordar el caso del exabanderado presidencial del PAN en 2018, Ricardo Anaya, en campa\u00f1a, acusado de presuntos actos de corrupci\u00f3n. \u201cY despu\u00e9s se supo que todo era falso, pero durante la campa\u00f1a le afect\u00f3. Dej\u00f3 de crecer o decreci\u00f3 incluso en alg\u00fan momento. Ese tipo de campa\u00f1as s\u00ed afecta a los personajes en primer lugar y a las instituciones pol\u00edticas en segundo lugar y s\u00ed creo que le est\u00e1 mermando al PRI y se ver\u00e1 en las campa\u00f1as para el Estado de M\u00e9xico y Coahuila&#8217;, vaticina. En cambio, respecto a Morena dice: &#8216;Se aprecia que va fuerte, unido, salvo las declaraciones del l\u00edder de los senadores, Ricardo Monreal, que se opone al m\u00e9todo de selecci\u00f3n de candidatos, pero no hay ruptura a\u00fan\u201d. Para el catedr\u00e1tico Curzio Guti\u00e9rrez los audios s\u00ed son cre\u00edbles para la gente pues confirman la percepci\u00f3n que tienen del PRI.<\/p>\n<p class=\"\" data-t=\"{&quot;n&quot;:&quot;blueLinks&quot;}\">&#8216;Moreno es un individuo deshonesto, profundamente agresivo y poco confiable. La peor imagen que se tenia el PRI, con los audios qued\u00f3 confirmada\u2026muestra esa faceta profundamente repelente\u201d, dice. Plantea: \u201cLa idea de que esto de la alianza opositora podr\u00eda ser el camino para que el pa\u00eds est\u00e9 mejor, pues la gente dice \u00b4pues si esto es lo mejor, mejor qued\u00e9monos con los malos \u00bfno?&#8217;\u201d. Por otro lado, Morena tiene en \u201cAlito\u201d al frente del PRI la mejor garant\u00eda para \u201cseguir hundiendo al pa\u00eds\u201d y en ese sentido le conviene que siga ah\u00ed mientras sus prospectos pol\u00edticos siguen, en contraste, ganando puntos, abunda. Adem\u00e1s plantea que la alianza debe analizar si la inclusi\u00f3n del tricolor es conveniente. A su juicio, el PAN debe mantener la alianza legislativa con el PRI y PRD para tener una contenci\u00f3n constitucional en el Congreso, pero de cara a las elecciones de 2024, ambos son dos socios que \u201cno le aportan nada\u201d. El catedr\u00e1tico considera que los audios s\u00ed generan credibilidad, pues reconfirman lo que se piensa del PRI, \u201cson una forma sucia de jugar s\u00ed, pero finalmente lo han exhibido y lo han puesto en un perfil de desgaste a mi juicio insostenible\u201d. Expresa: \u201cEl que a hierro mata, a hierro termina. Fue el PRI el que utiliz\u00f3 el aparato del Estado para espiar. De esto sabe muy bien Osorio Chong. Ahora est\u00e1n matando a su dirigente con uso del aparato de Estado\u201d.<\/p>\n<\/div>\n<p data-t=\"{&quot;n&quot;:&quot;blueLinks&quot;}\">\n<p data-t=\"{&quot;n&quot;:&quot;blueLinks&quot;}\">Con informaci\u00f3n de Expansi\u00f3n<\/p>\n","protected":false},"excerpt":{"rendered":"<p>La reducci\u00f3n de 5% de apoyo ciudadano al bloque opositor en tres meses, como mostr\u00f3 esta semana la encuesta de julio de El Financiero, muestra que ya es un problema para la alianza opositora la imagen del l\u00edder priista Alejandro Moreno C\u00e1rdenas, y podr\u00eda afectar toda posibilidad de triunfo en las elecciones de 2024, consideran analistas. Para el Partido Acci\u00f3n Nacional (PAN) \u201clleg\u00f3 la hora de repensar su alianza con el Partido Revolucionario Institucional (PRI) y el de la Revoluci\u00f3n Democr\u00e1tica (PRD) y analizar si realmente le aportan algo\u201d, consider\u00f3 Leonardo Curzio Guti\u00e9rrez, analista pol\u00edtico. &#8216;El blanquiazul trae a dos [&hellip;]<\/p>\n","protected":false},"author":3,"featured_media":45084,"comment_status":"open","ping_status":"open","sticky":false,"template":"","format":"standard","meta":{"_jetpack_newsletter_access":"","_jetpack_dont_email_post_to_subs":false,"_jetpack_newsletter_tier_id":0,"_jetpack_memberships_contains_paywalled_content":false,"_jetpack_feature_clip_id":0,"_jetpack_memberships_contains_paid_content":false,"footnotes":"","jetpack_publicize_message":"","jetpack_publicize_feature_enabled":true,"jetpack_social_post_already_shared":true,"jetpack_social_options":{"image_generator_settings":{"template":"highway","default_image_id":0,"font":"","enabled":false},"version":2},"jetpack_post_was_ever_published":false},"categories":[75,72],"tags":[],"class_list":["post-45083","post","type-post","status-publish","format-standard","has-post-thumbnail","hentry","category-nacional","category-portada","post--single"],"jetpack_publicize_connections":[],"jetpack_featured_media_url":"https:\/\/ovelanalista.com\/wp-content\/uploads\/2022\/07\/Alito-9.jpeg","jetpack_sharing_enabled":true,"_links":{"self":[{"href":"https:\/\/ovelanalista.com\/index.php?rest_route=\/wp\/v2\/posts\/45083","targetHints":{"allow":["GET"]}}],"collection":[{"href":"https:\/\/ovelanalista.com\/index.php?rest_route=\/wp\/v2\/posts"}],"about":[{"href":"https:\/\/ovelanalista.com\/index.php?rest_route=\/wp\/v2\/types\/post"}],"author":[{"embeddable":true,"href":"https:\/\/ovelanalista.com\/index.php?rest_route=\/wp\/v2\/users\/3"}],"replies":[{"embeddable":true,"href":"https:\/\/ovelanalista.com\/index.php?rest_route=%2Fwp%2Fv2%2Fcomments&post=45083"}],"version-history":[{"count":1,"href":"https:\/\/ovelanalista.com\/index.php?rest_route=\/wp\/v2\/posts\/45083\/revisions"}],"predecessor-version":[{"id":45085,"href":"https:\/\/ovelanalista.com\/index.php?rest_route=\/wp\/v2\/posts\/45083\/revisions\/45085"}],"wp:featuredmedia":[{"embeddable":true,"href":"https:\/\/ovelanalista.com\/index.php?rest_route=\/wp\/v2\/media\/45084"}],"wp:attachment":[{"href":"https:\/\/ovelanalista.com\/index.php?rest_route=%2Fwp%2Fv2%2Fmedia&parent=45083"}],"wp:term":[{"taxonomy":"category","embeddable":true,"href":"https:\/\/ovelanalista.com\/index.php?rest_route=%2Fwp%2Fv2%2Fcategories&post=45083"},{"taxonomy":"post_tag","embeddable":true,"href":"https:\/\/ovelanalista.com\/index.php?rest_route=%2Fwp%2Fv2%2Ftags&post=45083"}],"curies":[{"name":"wp","href":"https:\/\/api.w.org\/{rel}","templated":true}]}}