{"id":45086,"date":"2022-07-21T11:10:31","date_gmt":"2022-07-21T17:10:31","guid":{"rendered":"https:\/\/ovelanalista.com\/?p=45086"},"modified":"2022-07-21T08:47:11","modified_gmt":"2022-07-21T14:47:11","slug":"bancadas-chocan-por-respuesta-de-amlo","status":"publish","type":"post","link":"https:\/\/ovelanalista.com\/?p=45086","title":{"rendered":"Bancadas chocan por respuesta de AMLO"},"content":{"rendered":"<p data-t=\"{&quot;n&quot;:&quot;blueLinks&quot;}\">La bancada de Movimiento Ciudadano y del PAN en la Comisi\u00f3n Permanente del Congreso de la Uni\u00f3n lamentaron la respuesta y el desd\u00e9n presidencial luego de que Estados Unidos y Canad\u00e1 iniciaran consultas contra M\u00e9xico v\u00eda el T-MEC, argumentando pol\u00edticas discriminatorias en materia de electricidad y petr\u00f3leo.<\/p>\n<p data-t=\"{&quot;n&quot;:&quot;blueLinks&quot;}\">El coordinador parlamentario de Movimiento Ciudadano, Clemente Casta\u00f1eda, dijo que al presidente Andr\u00e9s Manuel L\u00f3pez Obrador lo menos que se le puede exigir es seriedad ante acusaciones tan relevantes.<\/p>\n<p data-t=\"{&quot;n&quot;:&quot;blueLinks&quot;}\">\u201cAunque el Presidente quisiera que la controversia fuera sobre qui\u00e9n es mejor, Chico Che o Rigo Tovar, lo cierto es que el Senado, instancia que ratific\u00f3 el T-MEC, debe abordar la controversia de la consulta que solicit\u00f3 EU para revisar las pol\u00edticas energ\u00e9ticas de M\u00e9xico\u201d, dijo.<\/p>\n<p data-t=\"{&quot;n&quot;:&quot;blueLinks&quot;}\">\u201cLamentamos que el presidente L\u00f3pez Obrador haya minimizado de forma por dem\u00e1s rid\u00edcula un hecho que puede tener repercusiones comerciales muy adversas\u201d, se\u00f1al\u00f3 la presidenta de la Comisi\u00f3n de Relaciones Exteriores para Am\u00e9rica del Norte del Senado, Gina Andrea Cruz (PAN).<\/p>\n<p class=\"continue-read-break\" data-t=\"{&quot;n&quot;:&quot;blueLinks&quot;}\">\u201cVamos a hacer un panel minero y un panel de concesiones, y vamos a hacer un panel de los recursos naturales que ellos est\u00e1n aprovechando&#8230; se llevan nuestra riqueza, contaminan los mantos fre\u00e1ticos y enferman a trabajadores. M\u00e9xico tiene raz\u00f3n, tiene l\u00f3gica\u201d, advirti\u00f3 el presidente de la Comisi\u00f3n de Hacienda del Senado, Alejandro Armenta (Morena).<\/p>\n","protected":false},"excerpt":{"rendered":"<p>La bancada de Movimiento Ciudadano y del PAN en la Comisi\u00f3n Permanente del Congreso de la Uni\u00f3n lamentaron la respuesta y el desd\u00e9n presidencial luego de que Estados Unidos y Canad\u00e1 iniciaran consultas contra M\u00e9xico v\u00eda el T-MEC, argumentando pol\u00edticas discriminatorias en materia de electricidad y petr\u00f3leo. El coordinador parlamentario de Movimiento Ciudadano, Clemente Casta\u00f1eda, dijo que al presidente Andr\u00e9s Manuel L\u00f3pez Obrador lo menos que se le puede exigir es seriedad ante acusaciones tan relevantes. \u201cAunque el Presidente quisiera que la controversia fuera sobre qui\u00e9n es mejor, Chico Che o Rigo Tovar, lo cierto es que el Senado, instancia [&hellip;]<\/p>\n","protected":false},"author":3,"featured_media":44548,"comment_status":"open","ping_status":"open","sticky":false,"template":"","format":"standard","meta":{"_jetpack_newsletter_access":"","_jetpack_dont_email_post_to_subs":false,"_jetpack_newsletter_tier_id":0,"_jetpack_memberships_contains_paywalled_content":false,"_jetpack_feature_clip_id":0,"_jetpack_memberships_contains_paid_content":false,"footnotes":"","jetpack_publicize_message":"","jetpack_publicize_feature_enabled":true,"jetpack_social_post_already_shared":true,"jetpack_social_options":{"image_generator_settings":{"template":"highway","default_image_id":0,"font":"","enabled":false},"version":2},"jetpack_post_was_ever_published":false},"categories":[75,72],"tags":[],"class_list":["post-45086","post","type-post","status-publish","format-standard","has-post-thumbnail","hentry","category-nacional","category-portada","post--single"],"jetpack_publicize_connections":[],"jetpack_featured_media_url":"https:\/\/ovelanalista.com\/wp-content\/uploads\/2022\/07\/AMLO-18.jpeg","jetpack_sharing_enabled":true,"_links":{"self":[{"href":"https:\/\/ovelanalista.com\/index.php?rest_route=\/wp\/v2\/posts\/45086","targetHints":{"allow":["GET"]}}],"collection":[{"href":"https:\/\/ovelanalista.com\/index.php?rest_route=\/wp\/v2\/posts"}],"about":[{"href":"https:\/\/ovelanalista.com\/index.php?rest_route=\/wp\/v2\/types\/post"}],"author":[{"embeddable":true,"href":"https:\/\/ovelanalista.com\/index.php?rest_route=\/wp\/v2\/users\/3"}],"replies":[{"embeddable":true,"href":"https:\/\/ovelanalista.com\/index.php?rest_route=%2Fwp%2Fv2%2Fcomments&post=45086"}],"version-history":[{"count":1,"href":"https:\/\/ovelanalista.com\/index.php?rest_route=\/wp\/v2\/posts\/45086\/revisions"}],"predecessor-version":[{"id":45087,"href":"https:\/\/ovelanalista.com\/index.php?rest_route=\/wp\/v2\/posts\/45086\/revisions\/45087"}],"wp:featuredmedia":[{"embeddable":true,"href":"https:\/\/ovelanalista.com\/index.php?rest_route=\/wp\/v2\/media\/44548"}],"wp:attachment":[{"href":"https:\/\/ovelanalista.com\/index.php?rest_route=%2Fwp%2Fv2%2Fmedia&parent=45086"}],"wp:term":[{"taxonomy":"category","embeddable":true,"href":"https:\/\/ovelanalista.com\/index.php?rest_route=%2Fwp%2Fv2%2Fcategories&post=45086"},{"taxonomy":"post_tag","embeddable":true,"href":"https:\/\/ovelanalista.com\/index.php?rest_route=%2Fwp%2Fv2%2Ftags&post=45086"}],"curies":[{"name":"wp","href":"https:\/\/api.w.org\/{rel}","templated":true}]}}