{"id":45088,"date":"2022-07-21T11:20:20","date_gmt":"2022-07-21T17:20:20","guid":{"rendered":"https:\/\/ovelanalista.com\/?p=45088"},"modified":"2022-07-21T08:48:18","modified_gmt":"2022-07-21T14:48:18","slug":"asegura-amlo-que-en-mexico-hay-un-autentico-estado-de-derecho","status":"publish","type":"post","link":"https:\/\/ovelanalista.com\/?p=45088","title":{"rendered":"Asegura AMLO que en M\u00e9xico hay un aut\u00e9ntico Estado de Derecho"},"content":{"rendered":"<p>El <a tabindex=\"0\" href=\"https:\/\/www.eluniversal.com.mx\/nacion\/la-mananera-de-amlo-21-de-julio-minuto-minuto-0\" target=\"_blank\" rel=\"noopener\" data-t=\"{&quot;n&quot;:&quot;destination&quot;,&quot;t&quot;:13,&quot;b&quot;:1,&quot;c.t&quot;:7}\"><strong>presidente Andr\u00e9s Manuel L\u00f3pez Obrador<\/strong><\/a>\u00a0asegur\u00f3 este jueves que bajo su gobierno\u00a0<strong>no hay nada ni nadie por encima de la ley<\/strong>\u00a0por lo que en\u00a0<strong>M\u00e9xico se vive un aut\u00e9ntico estado de Derecho<\/strong>, a diferencia de se<strong>xenios pasados<\/strong>\u00a0en que hab\u00eda un\u00a0<strong>estado \u201cde chueco y de cohecho\u201d.<\/strong><\/p>\n<p data-t=\"{&quot;n&quot;:&quot;blueLinks&quot;}\">En conferencia de prensa matutina en Palacio Nacional, el jefe del Ejecutivo federal afirm\u00f3 que en su administraci\u00f3n nadie es &#8220;intocable&#8221; y no hay nadie ni nada al margen de la ley.<\/p>\n<p data-t=\"{&quot;n&quot;:&quot;blueLinks&quot;}\">\u201cHoy jueves vamos a informar sobre la manera en que se est\u00e1n atendiendo los delitos que se cometen en la semana, con la premisa de cero impunidad, el que no se d\u00e9 protecci\u00f3n , que nadie tenga privilegios y menos si se cometen un delito, que no haya influyentismo que valga.<\/p>\n<p data-t=\"{&quot;n&quot;:&quot;blueLinks&quot;}\"><strong>Lee m\u00e1s:\u00a0<\/strong><a tabindex=\"0\" href=\"https:\/\/www.eluniversal.com.mx\/cartera\/lopez-obrador-revira-reclamo-con-uy-que-miedo-de-chico-che\" target=\"_blank\" rel=\"noopener\" data-t=\"{&quot;n&quot;:&quot;destination&quot;,&quot;t&quot;:13,&quot;b&quot;:1,&quot;c.t&quot;:7}\"><strong>L\u00f3pez Obrador revira a reclamo con \u2018Uy qu\u00e9 miedo\u2019, de Chico Che<\/strong><\/a><\/p>\n<p data-t=\"{&quot;n&quot;:&quot;blueLinks&quot;}\">\u201cEsto ha ayudado mucho para que nadie se sienta intocable. Antes no se pod\u00eda tocar al intocable, ahora nada al margen de la ley y nada ni nadie por encima de la ley. Hay un autentico estado de Derecho, antes lo que hab\u00eda un estado de chueco, de cohecho\u201d, declar\u00f3.<\/p>\n<p data-t=\"{&quot;n&quot;:&quot;blueLinks&quot;}\">\n<p data-t=\"{&quot;n&quot;:&quot;blueLinks&quot;}\">Con informaci\u00f3n de El Universal<\/p>\n","protected":false},"excerpt":{"rendered":"<p>El presidente Andr\u00e9s Manuel L\u00f3pez Obrador\u00a0asegur\u00f3 este jueves que bajo su gobierno\u00a0no hay nada ni nadie por encima de la ley\u00a0por lo que en\u00a0M\u00e9xico se vive un aut\u00e9ntico estado de Derecho, a diferencia de sexenios pasados\u00a0en que hab\u00eda un\u00a0estado \u201cde chueco y de cohecho\u201d. En conferencia de prensa matutina en Palacio Nacional, el jefe del Ejecutivo federal afirm\u00f3 que en su administraci\u00f3n nadie es &#8220;intocable&#8221; y no hay nadie ni nada al margen de la ley. \u201cHoy jueves vamos a informar sobre la manera en que se est\u00e1n atendiendo los delitos que se cometen en la semana, con la premisa [&hellip;]<\/p>\n","protected":false},"author":3,"featured_media":39502,"comment_status":"open","ping_status":"open","sticky":false,"template":"","format":"standard","meta":{"_jetpack_newsletter_access":"","_jetpack_dont_email_post_to_subs":false,"_jetpack_newsletter_tier_id":0,"_jetpack_memberships_contains_paywalled_content":false,"_jetpack_feature_clip_id":0,"_jetpack_memberships_contains_paid_content":false,"footnotes":"","jetpack_publicize_message":"","jetpack_publicize_feature_enabled":true,"jetpack_social_post_already_shared":true,"jetpack_social_options":{"image_generator_settings":{"template":"highway","default_image_id":0,"font":"","enabled":false},"version":2},"jetpack_post_was_ever_published":false},"categories":[75,72],"tags":[],"class_list":["post-45088","post","type-post","status-publish","format-standard","has-post-thumbnail","hentry","category-nacional","category-portada","post--single"],"jetpack_publicize_connections":[],"jetpack_featured_media_url":"https:\/\/ovelanalista.com\/wp-content\/uploads\/2022\/06\/AMLO-14.jpeg","jetpack_sharing_enabled":true,"_links":{"self":[{"href":"https:\/\/ovelanalista.com\/index.php?rest_route=\/wp\/v2\/posts\/45088","targetHints":{"allow":["GET"]}}],"collection":[{"href":"https:\/\/ovelanalista.com\/index.php?rest_route=\/wp\/v2\/posts"}],"about":[{"href":"https:\/\/ovelanalista.com\/index.php?rest_route=\/wp\/v2\/types\/post"}],"author":[{"embeddable":true,"href":"https:\/\/ovelanalista.com\/index.php?rest_route=\/wp\/v2\/users\/3"}],"replies":[{"embeddable":true,"href":"https:\/\/ovelanalista.com\/index.php?rest_route=%2Fwp%2Fv2%2Fcomments&post=45088"}],"version-history":[{"count":1,"href":"https:\/\/ovelanalista.com\/index.php?rest_route=\/wp\/v2\/posts\/45088\/revisions"}],"predecessor-version":[{"id":45089,"href":"https:\/\/ovelanalista.com\/index.php?rest_route=\/wp\/v2\/posts\/45088\/revisions\/45089"}],"wp:featuredmedia":[{"embeddable":true,"href":"https:\/\/ovelanalista.com\/index.php?rest_route=\/wp\/v2\/media\/39502"}],"wp:attachment":[{"href":"https:\/\/ovelanalista.com\/index.php?rest_route=%2Fwp%2Fv2%2Fmedia&parent=45088"}],"wp:term":[{"taxonomy":"category","embeddable":true,"href":"https:\/\/ovelanalista.com\/index.php?rest_route=%2Fwp%2Fv2%2Fcategories&post=45088"},{"taxonomy":"post_tag","embeddable":true,"href":"https:\/\/ovelanalista.com\/index.php?rest_route=%2Fwp%2Fv2%2Ftags&post=45088"}],"curies":[{"name":"wp","href":"https:\/\/api.w.org\/{rel}","templated":true}]}}