{"id":45092,"date":"2022-07-21T11:40:47","date_gmt":"2022-07-21T17:40:47","guid":{"rendered":"https:\/\/ovelanalista.com\/?p=45092"},"modified":"2022-07-21T08:50:51","modified_gmt":"2022-07-21T14:50:51","slug":"presume-sspc-detencion-de-caro-quintero-objetivo-prioritario-para-eu-y-mexico","status":"publish","type":"post","link":"https:\/\/ovelanalista.com\/?p=45092","title":{"rendered":"Presume SSPC detenci\u00f3n de Caro Quintero, objetivo prioritario para EU y M\u00e9xico"},"content":{"rendered":"<p>Presume SSPC detenci\u00f3n de Caro Quintero, objetivo prioritario para EU y M\u00e9xico Al presentar el <strong>informe \u201ccero impunidad\u201d<\/strong>, el subsecretario de\u00a0<strong>Seguridad, Ricardo Mej\u00eda Berdeja<\/strong>, presumi\u00f3 la\u00a0<strong>detenci\u00f3n<\/strong>\u00a0del\u00a0<strong>narcotraficante\u00a0<a tabindex=\"0\" href=\"https:\/\/www.eluniversal.com.mx\/tag\/rafael-caro-quintero\" target=\"_blank\" rel=\"noopener\" data-t=\"{&quot;n&quot;:&quot;destination&quot;,&quot;t&quot;:13,&quot;b&quot;:1,&quot;c.t&quot;:7}\">Rafael Caro Quintero<\/a>,<\/strong>\u00a0\u201cNarco de Narcos\u201d, gracias al trabajo de inteligencia de la<strong>\u00a0Secretar\u00eda de Marina,<\/strong>\u00a0un binomio canino, la\u00a0<strong>FGR<\/strong>\u00a0y la\u00a0<strong>Unidad Interpol.<\/strong><\/p>\n<p data-t=\"{&quot;n&quot;:&quot;blueLinks&quot;}\">En la conferencia de\u00a0<a tabindex=\"0\" href=\"https:\/\/www.eluniversal.com.mx\/nacion\/la-mananera-de-amlo-21-de-julio-minuto-minuto-0\" target=\"_blank\" rel=\"noopener\" data-t=\"{&quot;n&quot;:&quot;destination&quot;,&quot;t&quot;:13,&quot;b&quot;:1,&quot;c.t&quot;:7}\"><strong>presidente Andr\u00e9s Manuel L\u00f3pez Obrador,<\/strong><\/a>\u00a0el funcionario de la Secretar\u00eda de Seguridad y Protecci\u00f3n Ciudadana (SSPC), dijo que Quintero fue detenido al cumplimentar una orden de aprehensi\u00f3n con fines de extradici\u00f3n a Estados Unidos.<\/p>\n<p data-t=\"{&quot;n&quot;:&quot;blueLinks&quot;}\">Explic\u00f3 que gracias a los trabajos de investigaci\u00f3n, desde 2013, el narcotraficante fue ubicado en San Sim\u00f3n Choix, Sinaloa.<\/p>\n<p data-t=\"{&quot;n&quot;:&quot;blueLinks&quot;}\">Dijo que el fundador del Cartel de Guadalajara, uno de los objetivos prioritarios del gobierno de M\u00e9xico y de Estados Unidos, fue localizado entre matorrales por un binomio canino llamad Max, entrenado en localizaci\u00f3n y b\u00fasqueda de personas.<\/p>\n<p data-t=\"{&quot;n&quot;:&quot;blueLinks&quot;}\">Rafael Caro Quinto fue internado en el Centro de Readaptaci\u00f3n Social N\u00famero 1 del Altiplano donde seguir\u00e1 su proceso de extradici\u00f3n a Estados Unidos.<\/p>\n<p data-t=\"{&quot;n&quot;:&quot;blueLinks&quot;}\">\n<p data-t=\"{&quot;n&quot;:&quot;blueLinks&quot;}\">Con informaci\u00f3n de El Universal<\/p>\n","protected":false},"excerpt":{"rendered":"<p>Presume SSPC detenci\u00f3n de Caro Quintero, objetivo prioritario para EU y M\u00e9xico Al presentar el informe \u201ccero impunidad\u201d, el subsecretario de\u00a0Seguridad, Ricardo Mej\u00eda Berdeja, presumi\u00f3 la\u00a0detenci\u00f3n\u00a0del\u00a0narcotraficante\u00a0Rafael Caro Quintero,\u00a0\u201cNarco de Narcos\u201d, gracias al trabajo de inteligencia de la\u00a0Secretar\u00eda de Marina,\u00a0un binomio canino, la\u00a0FGR\u00a0y la\u00a0Unidad Interpol. En la conferencia de\u00a0presidente Andr\u00e9s Manuel L\u00f3pez Obrador,\u00a0el funcionario de la Secretar\u00eda de Seguridad y Protecci\u00f3n Ciudadana (SSPC), dijo que Quintero fue detenido al cumplimentar una orden de aprehensi\u00f3n con fines de extradici\u00f3n a Estados Unidos. Explic\u00f3 que gracias a los trabajos de investigaci\u00f3n, desde 2013, el narcotraficante fue ubicado en San Sim\u00f3n Choix, Sinaloa. Dijo [&hellip;]<\/p>\n","protected":false},"author":3,"featured_media":45093,"comment_status":"open","ping_status":"open","sticky":false,"template":"","format":"standard","meta":{"_jetpack_newsletter_access":"","_jetpack_dont_email_post_to_subs":false,"_jetpack_newsletter_tier_id":0,"_jetpack_memberships_contains_paywalled_content":false,"_jetpack_feature_clip_id":0,"_jetpack_memberships_contains_paid_content":false,"footnotes":"","jetpack_publicize_message":"","jetpack_publicize_feature_enabled":true,"jetpack_social_post_already_shared":true,"jetpack_social_options":{"image_generator_settings":{"template":"highway","default_image_id":0,"font":"","enabled":false},"version":2},"jetpack_post_was_ever_published":false},"categories":[90,75,72],"tags":[],"class_list":["post-45092","post","type-post","status-publish","format-standard","has-post-thumbnail","hentry","category-estatal","category-nacional","category-portada","post--single"],"jetpack_publicize_connections":[],"jetpack_featured_media_url":"https:\/\/ovelanalista.com\/wp-content\/uploads\/2022\/07\/caroquinter_amlo.jpeg","jetpack_sharing_enabled":true,"_links":{"self":[{"href":"https:\/\/ovelanalista.com\/index.php?rest_route=\/wp\/v2\/posts\/45092","targetHints":{"allow":["GET"]}}],"collection":[{"href":"https:\/\/ovelanalista.com\/index.php?rest_route=\/wp\/v2\/posts"}],"about":[{"href":"https:\/\/ovelanalista.com\/index.php?rest_route=\/wp\/v2\/types\/post"}],"author":[{"embeddable":true,"href":"https:\/\/ovelanalista.com\/index.php?rest_route=\/wp\/v2\/users\/3"}],"replies":[{"embeddable":true,"href":"https:\/\/ovelanalista.com\/index.php?rest_route=%2Fwp%2Fv2%2Fcomments&post=45092"}],"version-history":[{"count":2,"href":"https:\/\/ovelanalista.com\/index.php?rest_route=\/wp\/v2\/posts\/45092\/revisions"}],"predecessor-version":[{"id":45095,"href":"https:\/\/ovelanalista.com\/index.php?rest_route=\/wp\/v2\/posts\/45092\/revisions\/45095"}],"wp:featuredmedia":[{"embeddable":true,"href":"https:\/\/ovelanalista.com\/index.php?rest_route=\/wp\/v2\/media\/45093"}],"wp:attachment":[{"href":"https:\/\/ovelanalista.com\/index.php?rest_route=%2Fwp%2Fv2%2Fmedia&parent=45092"}],"wp:term":[{"taxonomy":"category","embeddable":true,"href":"https:\/\/ovelanalista.com\/index.php?rest_route=%2Fwp%2Fv2%2Fcategories&post=45092"},{"taxonomy":"post_tag","embeddable":true,"href":"https:\/\/ovelanalista.com\/index.php?rest_route=%2Fwp%2Fv2%2Ftags&post=45092"}],"curies":[{"name":"wp","href":"https:\/\/api.w.org\/{rel}","templated":true}]}}