{"id":45096,"date":"2022-07-21T11:50:01","date_gmt":"2022-07-21T17:50:01","guid":{"rendered":"https:\/\/ovelanalista.com\/?p=45096"},"modified":"2022-07-21T08:52:02","modified_gmt":"2022-07-21T14:52:02","slug":"ante-crisis-hidrica-adan-augusto-lopez-plantea-mandar-agua-a-sonora-desde-tabasco","status":"publish","type":"post","link":"https:\/\/ovelanalista.com\/?p=45096","title":{"rendered":"Ante crisis h\u00eddrica, Ad\u00e1n Augusto L\u00f3pez plantea mandar agua a Sonora desde Tabasco"},"content":{"rendered":"<p>Ante crisis h\u00eddrica, Ad\u00e1n Augusto L\u00f3pez plantea mandar agua a Sonora desde Tabasco Frente a la crisis h\u00eddrica que viven varios estados del norte del pa\u00eds, <strong><a tabindex=\"0\" href=\"https:\/\/www.eluniversal.com.mx\/nacion\" target=\"_blank\" rel=\"noopener\" data-t=\"{&quot;n&quot;:&quot;destination&quot;,&quot;t&quot;:13,&quot;b&quot;:1,&quot;c.t&quot;:7}\">Ad\u00e1n Augusto L\u00f3pez<\/a><\/strong>, titular de Gobernaci\u00f3n, plante\u00f3 en Sonora traer agua desde Tabasco a esa entidad.<\/p>\n<p data-t=\"{&quot;n&quot;:&quot;blueLinks&quot;}\">&#8220;Yo creo que ese va a ser; tenemos que ingeni\u00e1rnosla para sacar el agua hasta\u00a0debajo de las piedras, pero\u00a0<strong>que no le falte agua<\/strong>\u00a0a los sonorenses y si no podemos\u00a0de esa manera, pues vamos trayendo un ducto desde Tabasco y les mandamos el\u00a0agua, que por all\u00e1 abunda&#8221;, subray\u00f3.<\/p>\n<p data-t=\"{&quot;n&quot;:&quot;blueLinks&quot;}\">En el marco de su gira por Sonora, reconoci\u00f3 que el gobierno federal tiene que dise\u00f1ar y hay que iniciar, por ejemplo, &#8220;el gran proyecto para garantizar ahora la seguridad acu\u00edfera le llamo yo, al estado de Sonora&#8221;.<\/p>\n<p data-t=\"{&quot;n&quot;:&quot;blueLinks&quot;}\">\n<p data-t=\"{&quot;n&quot;:&quot;blueLinks&quot;}\">Con informaci\u00f3n de El Universal<\/p>\n<div class=\"article-image-container\" data-t=\"{&quot;n&quot;:&quot;OpenModal&quot;,&quot;t&quot;:13}\"><\/div>\n","protected":false},"excerpt":{"rendered":"<p>Ante crisis h\u00eddrica, Ad\u00e1n Augusto L\u00f3pez plantea mandar agua a Sonora desde Tabasco Frente a la crisis h\u00eddrica que viven varios estados del norte del pa\u00eds, Ad\u00e1n Augusto L\u00f3pez, titular de Gobernaci\u00f3n, plante\u00f3 en Sonora traer agua desde Tabasco a esa entidad. &#8220;Yo creo que ese va a ser; tenemos que ingeni\u00e1rnosla para sacar el agua hasta\u00a0debajo de las piedras, pero\u00a0que no le falte agua\u00a0a los sonorenses y si no podemos\u00a0de esa manera, pues vamos trayendo un ducto desde Tabasco y les mandamos el\u00a0agua, que por all\u00e1 abunda&#8221;, subray\u00f3. En el marco de su gira por Sonora, reconoci\u00f3 que el [&hellip;]<\/p>\n","protected":false},"author":3,"featured_media":45097,"comment_status":"open","ping_status":"open","sticky":false,"template":"","format":"standard","meta":{"_jetpack_newsletter_access":"","_jetpack_dont_email_post_to_subs":false,"_jetpack_newsletter_tier_id":0,"_jetpack_memberships_contains_paywalled_content":false,"_jetpack_feature_clip_id":0,"_jetpack_memberships_contains_paid_content":false,"footnotes":"","jetpack_publicize_message":"","jetpack_publicize_feature_enabled":true,"jetpack_social_post_already_shared":true,"jetpack_social_options":{"image_generator_settings":{"template":"highway","default_image_id":0,"font":"","enabled":false},"version":2},"jetpack_post_was_ever_published":false},"categories":[75,72],"tags":[],"class_list":["post-45096","post","type-post","status-publish","format-standard","has-post-thumbnail","hentry","category-nacional","category-portada","post--single"],"jetpack_publicize_connections":[],"jetpack_featured_media_url":"https:\/\/ovelanalista.com\/wp-content\/uploads\/2022\/07\/Ada\u0301n-Augusto-Lo\u0301pez-.jpeg","jetpack_sharing_enabled":true,"_links":{"self":[{"href":"https:\/\/ovelanalista.com\/index.php?rest_route=\/wp\/v2\/posts\/45096","targetHints":{"allow":["GET"]}}],"collection":[{"href":"https:\/\/ovelanalista.com\/index.php?rest_route=\/wp\/v2\/posts"}],"about":[{"href":"https:\/\/ovelanalista.com\/index.php?rest_route=\/wp\/v2\/types\/post"}],"author":[{"embeddable":true,"href":"https:\/\/ovelanalista.com\/index.php?rest_route=\/wp\/v2\/users\/3"}],"replies":[{"embeddable":true,"href":"https:\/\/ovelanalista.com\/index.php?rest_route=%2Fwp%2Fv2%2Fcomments&post=45096"}],"version-history":[{"count":1,"href":"https:\/\/ovelanalista.com\/index.php?rest_route=\/wp\/v2\/posts\/45096\/revisions"}],"predecessor-version":[{"id":45098,"href":"https:\/\/ovelanalista.com\/index.php?rest_route=\/wp\/v2\/posts\/45096\/revisions\/45098"}],"wp:featuredmedia":[{"embeddable":true,"href":"https:\/\/ovelanalista.com\/index.php?rest_route=\/wp\/v2\/media\/45097"}],"wp:attachment":[{"href":"https:\/\/ovelanalista.com\/index.php?rest_route=%2Fwp%2Fv2%2Fmedia&parent=45096"}],"wp:term":[{"taxonomy":"category","embeddable":true,"href":"https:\/\/ovelanalista.com\/index.php?rest_route=%2Fwp%2Fv2%2Fcategories&post=45096"},{"taxonomy":"post_tag","embeddable":true,"href":"https:\/\/ovelanalista.com\/index.php?rest_route=%2Fwp%2Fv2%2Ftags&post=45096"}],"curies":[{"name":"wp","href":"https:\/\/api.w.org\/{rel}","templated":true}]}}