{"id":45099,"date":"2022-07-21T12:00:11","date_gmt":"2022-07-21T18:00:11","guid":{"rendered":"https:\/\/ovelanalista.com\/?p=45099"},"modified":"2022-07-21T08:53:03","modified_gmt":"2022-07-21T14:53:03","slug":"asegura-amlo-que-no-hay-ninguna-violacion-al-t-mec-respecto-a-la-politica-energetica","status":"publish","type":"post","link":"https:\/\/ovelanalista.com\/?p=45099","title":{"rendered":"Asegura AMLO que no hay ninguna violaci\u00f3n al T-MEC respecto a la pol\u00edtica energ\u00e9tica"},"content":{"rendered":"<p>Asegura AMLO que no hay ninguna violaci\u00f3n al T-MEC respecto a la pol\u00edtica energ\u00e9tica Luego que ayer, <strong>Canad\u00e1<\/strong>\u00a0inform\u00f3 que se unir\u00e1 a<strong>\u00a0Estados Unidos<\/strong>\u00a0en la<strong>\u00a0controversia<\/strong>\u00a0interpuesta en contra de M\u00e9xico\u00a0al considerar que la\u00a0<a tabindex=\"0\" href=\"https:\/\/www.eluniversal.com.mx\/tag\/politica-energetica\" target=\"_blank\" rel=\"noopener\" data-t=\"{&quot;n&quot;:&quot;destination&quot;,&quot;t&quot;:13,&quot;b&quot;:1,&quot;c.t&quot;:7}\"><strong>pol\u00edtica energ\u00e9tica<\/strong><\/a>\u00a0es violatoria del Tratado entre M\u00e9xico, Estados Unidos y Canad\u00e1 (<a tabindex=\"0\" href=\"https:\/\/www.eluniversal.com.mx\/tag\/t-mec\" target=\"_blank\" rel=\"noopener\" data-t=\"{&quot;n&quot;:&quot;destination&quot;,&quot;t&quot;:13,&quot;b&quot;:1,&quot;c.t&quot;:7}\"><strong>T-MEC<\/strong><\/a>), el\u00a0<a tabindex=\"0\" href=\"https:\/\/www.eluniversal.com.mx\/nacion\/la-mananera-de-amlo-21-de-julio-minuto-minuto-0\" target=\"_blank\" rel=\"noopener\" data-t=\"{&quot;n&quot;:&quot;destination&quot;,&quot;t&quot;:13,&quot;b&quot;:1,&quot;c.t&quot;:7}\"><strong>presidente Andr\u00e9s Manuel L\u00f3pez Obrador\u00a0<\/strong><\/a>asegur\u00f3 que\u00a0<strong>no hay ninguna violaci\u00f3n al acuerdo comercial\u00a0<\/strong>entre los tres pa\u00edses.<\/p>\n<p data-t=\"{&quot;n&quot;:&quot;blueLinks&quot;}\">En conferencia de prensa matutina en Palacio Nacional, el jefe del Ejecutivo federal reiter\u00f3 que estas consultas es un proceso y asegur\u00f3 que su gobierno llevar\u00e1 a cabo las pr\u00e1cticas que corresponden.<\/p>\n<p data-t=\"{&quot;n&quot;:&quot;blueLinks&quot;}\">\u201cEs una consulta acerca de pol\u00edticas que se presumen contraviene lo establecido en el Tratado. Hay un plazo para darle respuesta a estas consultas, de un poco m\u00e1s de 70 d\u00edas y luego si no hay acuerdos, se va a penales internacionales para que se diriman sobre el caso, quien tiene la raz\u00f3n, es un proceso.<\/p>\n<p data-t=\"{&quot;n&quot;:&quot;blueLinks&quot;}\">\u201cNosotros vamos llevar a cabo lo que nos corresponde, y dejar de manifiesto que no hay ninguna violaci\u00f3n al tratado\u201d, dijo.<\/p>\n<p class=\"continue-read-break\" data-t=\"{&quot;n&quot;:&quot;blueLinks&quot;}\">En el sal\u00f3n Tesorer\u00eda de Palacio Nacional, el Mandatario federal se\u00f1al\u00f3 que estas consultas ya se han hecho en al menos cinco ocasiones.<\/p>\n<p data-t=\"{&quot;n&quot;:&quot;blueLinks&quot;}\">\u201cLo ha hecho Estados Unidos en contra de Canad\u00e1, Canad\u00e1 en contra Estados Unidos, M\u00e9xico y ahora Estados Unidos y Canad\u00e1 en contra de M\u00e9xico, es un procedimiento que se contempla en el Tratado\u201d, record\u00f3.<\/p>\n<p data-t=\"{&quot;n&quot;:&quot;blueLinks&quot;}\">\n<p data-t=\"{&quot;n&quot;:&quot;blueLinks&quot;}\">\n<p data-t=\"{&quot;n&quot;:&quot;blueLinks&quot;}\">Con informaci\u00f3n de El Universal<\/p>\n","protected":false},"excerpt":{"rendered":"<p>Asegura AMLO que no hay ninguna violaci\u00f3n al T-MEC respecto a la pol\u00edtica energ\u00e9tica Luego que ayer, Canad\u00e1\u00a0inform\u00f3 que se unir\u00e1 a\u00a0Estados Unidos\u00a0en la\u00a0controversia\u00a0interpuesta en contra de M\u00e9xico\u00a0al considerar que la\u00a0pol\u00edtica energ\u00e9tica\u00a0es violatoria del Tratado entre M\u00e9xico, Estados Unidos y Canad\u00e1 (T-MEC), el\u00a0presidente Andr\u00e9s Manuel L\u00f3pez Obrador\u00a0asegur\u00f3 que\u00a0no hay ninguna violaci\u00f3n al acuerdo comercial\u00a0entre los tres pa\u00edses. En conferencia de prensa matutina en Palacio Nacional, el jefe del Ejecutivo federal reiter\u00f3 que estas consultas es un proceso y asegur\u00f3 que su gobierno llevar\u00e1 a cabo las pr\u00e1cticas que corresponden. \u201cEs una consulta acerca de pol\u00edticas que se presumen contraviene lo [&hellip;]<\/p>\n","protected":false},"author":3,"featured_media":44851,"comment_status":"open","ping_status":"open","sticky":false,"template":"","format":"standard","meta":{"_jetpack_newsletter_access":"","_jetpack_dont_email_post_to_subs":false,"_jetpack_newsletter_tier_id":0,"_jetpack_memberships_contains_paywalled_content":false,"_jetpack_feature_clip_id":0,"_jetpack_memberships_contains_paid_content":false,"footnotes":"","jetpack_publicize_message":"","jetpack_publicize_feature_enabled":true,"jetpack_social_post_already_shared":true,"jetpack_social_options":{"image_generator_settings":{"template":"highway","default_image_id":0,"font":"","enabled":false},"version":2},"jetpack_post_was_ever_published":false},"categories":[75,72],"tags":[],"class_list":["post-45099","post","type-post","status-publish","format-standard","has-post-thumbnail","hentry","category-nacional","category-portada","post--single"],"jetpack_publicize_connections":[],"jetpack_featured_media_url":"https:\/\/ovelanalista.com\/wp-content\/uploads\/2022\/07\/ANDRES-MANUEL-3.jpeg","jetpack_sharing_enabled":true,"_links":{"self":[{"href":"https:\/\/ovelanalista.com\/index.php?rest_route=\/wp\/v2\/posts\/45099","targetHints":{"allow":["GET"]}}],"collection":[{"href":"https:\/\/ovelanalista.com\/index.php?rest_route=\/wp\/v2\/posts"}],"about":[{"href":"https:\/\/ovelanalista.com\/index.php?rest_route=\/wp\/v2\/types\/post"}],"author":[{"embeddable":true,"href":"https:\/\/ovelanalista.com\/index.php?rest_route=\/wp\/v2\/users\/3"}],"replies":[{"embeddable":true,"href":"https:\/\/ovelanalista.com\/index.php?rest_route=%2Fwp%2Fv2%2Fcomments&post=45099"}],"version-history":[{"count":1,"href":"https:\/\/ovelanalista.com\/index.php?rest_route=\/wp\/v2\/posts\/45099\/revisions"}],"predecessor-version":[{"id":45100,"href":"https:\/\/ovelanalista.com\/index.php?rest_route=\/wp\/v2\/posts\/45099\/revisions\/45100"}],"wp:featuredmedia":[{"embeddable":true,"href":"https:\/\/ovelanalista.com\/index.php?rest_route=\/wp\/v2\/media\/44851"}],"wp:attachment":[{"href":"https:\/\/ovelanalista.com\/index.php?rest_route=%2Fwp%2Fv2%2Fmedia&parent=45099"}],"wp:term":[{"taxonomy":"category","embeddable":true,"href":"https:\/\/ovelanalista.com\/index.php?rest_route=%2Fwp%2Fv2%2Fcategories&post=45099"},{"taxonomy":"post_tag","embeddable":true,"href":"https:\/\/ovelanalista.com\/index.php?rest_route=%2Fwp%2Fv2%2Ftags&post=45099"}],"curies":[{"name":"wp","href":"https:\/\/api.w.org\/{rel}","templated":true}]}}