{"id":45116,"date":"2022-07-21T12:19:52","date_gmt":"2022-07-21T18:19:52","guid":{"rendered":"https:\/\/ovelanalista.com\/?p=45116"},"modified":"2022-07-21T12:19:52","modified_gmt":"2022-07-21T18:19:52","slug":"gobierno-y-comerciantes-limpian-malecon-en-el-rio-sinaloa","status":"publish","type":"post","link":"https:\/\/ovelanalista.com\/?p=45116","title":{"rendered":"Gobierno y comerciantes limpian malec\u00f3n en el r\u00edo Sinaloa"},"content":{"rendered":"<p><span style=\"font-size: 1.1429rem;\">Juan Luis de Anda Mata, oficial mayor del Ayuntamiento, destaca la participaci\u00f3n de los comerciantes y piden a la sociedad sumarse para no contaminar el r\u00edo<\/span><\/p>\n<p>En un esfuerzo en conjunto con personal de v\u00eda p\u00fablica, Parques y Jardines, Ecolog\u00eda y Sustentabilidad Ambiental; a quienes se le unieron comerciantes ambulantes y permisionarios del malec\u00f3n Mar\u00eda del Rosario Espinoza, se realiz\u00f3 una jornada de limpieza en la zona del talud del r\u00edo Sinaloa.<br \/>\nEstas acciones son parte de un programa permanente de limpieza que se implementar\u00e1 de manera semanal desde el puente vado, hasta el punto de la carretera internacional y en la que tambi\u00e9n se hace un llamado a la sociedad para que no tire la basura en esa zona y la deposite en los contenedores.<br \/>\nJuan Luis de Anda Mata, oficial mayor del Ayuntamiento, se\u00f1al\u00f3 que la instrucci\u00f3n del presidente Mart\u00edn Ahumada Quintero, es hacer sinergia entre poblaci\u00f3n y gobierno, para no tirar la basura hacia el r\u00edo y conservar limpia la zona para el disfrute de los paseantes.<br \/>\n\u201cEstamos contentos con la participaci\u00f3n de los comerciantes y vendedores que respondieron a la convocatoria\u201d, coment\u00f3 el oficial mayor, quien asegur\u00f3 que este es un reflejo de la organizaci\u00f3n que la direcci\u00f3n de V\u00eda P\u00fablica ha generado en esta administraci\u00f3n.<br \/>\nPor su parte, Arely Lara, comerciante del malec\u00f3n, manifest\u00f3 su compromiso para colaborar con la causa y contribuir con eso al crecimiento del comercio en el malec\u00f3n y se dijo muy contenta con la actual administraci\u00f3n pues se les toma en cuenta.<br \/>\nPara ma\u00f1ana se sumar\u00e1 a esta actividad, el personal de Ecolog\u00eda y Sustentabilidad Ambiental, como parte del programa permanente de limpieza del malec\u00f3n.<\/p>\n","protected":false},"excerpt":{"rendered":"<p>Juan Luis de Anda Mata, oficial mayor del Ayuntamiento, destaca la participaci\u00f3n de los comerciantes y piden a la sociedad sumarse para no contaminar el r\u00edo En un esfuerzo en conjunto con personal de v\u00eda p\u00fablica, Parques y Jardines, Ecolog\u00eda y Sustentabilidad Ambiental; a quienes se le unieron comerciantes ambulantes y permisionarios del malec\u00f3n Mar\u00eda del Rosario Espinoza, se realiz\u00f3 una jornada de limpieza en la zona del talud del r\u00edo Sinaloa. Estas acciones son parte de un programa permanente de limpieza que se implementar\u00e1 de manera semanal desde el puente vado, hasta el punto de la carretera internacional y [&hellip;]<\/p>\n","protected":false},"author":3,"featured_media":45119,"comment_status":"open","ping_status":"open","sticky":false,"template":"","format":"gallery","meta":{"_jetpack_newsletter_access":"","_jetpack_dont_email_post_to_subs":false,"_jetpack_newsletter_tier_id":0,"_jetpack_memberships_contains_paywalled_content":false,"_jetpack_feature_clip_id":0,"_jetpack_memberships_contains_paid_content":false,"footnotes":"","jetpack_publicize_message":"","jetpack_publicize_feature_enabled":true,"jetpack_social_post_already_shared":true,"jetpack_social_options":{"image_generator_settings":{"template":"highway","default_image_id":0,"font":"","enabled":false},"version":2},"jetpack_post_was_ever_published":false},"categories":[72,85],"tags":[],"class_list":["post-45116","post","type-post","status-publish","format-gallery","has-post-thumbnail","hentry","category-portada","category-sinaloa-norte","post_format-post-format-gallery","post--single"],"jetpack_publicize_connections":[],"jetpack_featured_media_url":"https:\/\/ovelanalista.com\/wp-content\/uploads\/2022\/07\/IMG-20220721-WA0007.jpg","jetpack_sharing_enabled":true,"_links":{"self":[{"href":"https:\/\/ovelanalista.com\/index.php?rest_route=\/wp\/v2\/posts\/45116","targetHints":{"allow":["GET"]}}],"collection":[{"href":"https:\/\/ovelanalista.com\/index.php?rest_route=\/wp\/v2\/posts"}],"about":[{"href":"https:\/\/ovelanalista.com\/index.php?rest_route=\/wp\/v2\/types\/post"}],"author":[{"embeddable":true,"href":"https:\/\/ovelanalista.com\/index.php?rest_route=\/wp\/v2\/users\/3"}],"replies":[{"embeddable":true,"href":"https:\/\/ovelanalista.com\/index.php?rest_route=%2Fwp%2Fv2%2Fcomments&post=45116"}],"version-history":[{"count":1,"href":"https:\/\/ovelanalista.com\/index.php?rest_route=\/wp\/v2\/posts\/45116\/revisions"}],"predecessor-version":[{"id":45121,"href":"https:\/\/ovelanalista.com\/index.php?rest_route=\/wp\/v2\/posts\/45116\/revisions\/45121"}],"wp:featuredmedia":[{"embeddable":true,"href":"https:\/\/ovelanalista.com\/index.php?rest_route=\/wp\/v2\/media\/45119"}],"wp:attachment":[{"href":"https:\/\/ovelanalista.com\/index.php?rest_route=%2Fwp%2Fv2%2Fmedia&parent=45116"}],"wp:term":[{"taxonomy":"category","embeddable":true,"href":"https:\/\/ovelanalista.com\/index.php?rest_route=%2Fwp%2Fv2%2Fcategories&post=45116"},{"taxonomy":"post_tag","embeddable":true,"href":"https:\/\/ovelanalista.com\/index.php?rest_route=%2Fwp%2Fv2%2Ftags&post=45116"}],"curies":[{"name":"wp","href":"https:\/\/api.w.org\/{rel}","templated":true}]}}