{"id":45596,"date":"2022-07-26T13:00:45","date_gmt":"2022-07-26T19:00:45","guid":{"rendered":"https:\/\/ovelanalista.com\/?p=45596"},"modified":"2022-07-26T12:16:08","modified_gmt":"2022-07-26T18:16:08","slug":"amlo-apura-a-hacienda-para-restablecer-compranet-dependencia-dice-que-la-plataforma-regresara-a-mediados-de-agosto","status":"publish","type":"post","link":"https:\/\/ovelanalista.com\/?p=45596","title":{"rendered":"AMLO apura a Hacienda para restablecer Compranet; dependencia dice que la plataforma regresar\u00e1 a mediados de agosto"},"content":{"rendered":"<p data-t=\"{&quot;n&quot;:&quot;blueLinks&quot;}\">Tras\u00a0<strong>11 d\u00edas de interrupci\u00f3n del Sistema CompraNet<\/strong>, el presidente\u00a0<strong>Andr\u00e9s Manuel L\u00f3pez Obrador<\/strong>\u00a0urgi\u00f3 a la Secretar\u00eda de Hacienda que resuelva las fallas; le organismo inform\u00f3 a su vez, que los servicios\u00a0<strong>se restaurar\u00e1n en dos semanas.<\/strong><\/p>\n<div class=\"article-image-slot\" data-image-href=\"https:\/\/www.msn.com\/es-mx\/noticias\/mexico\/amlo-apura-a-hacienda-para-restablecer-compranet-dependencia-dice-que-la-plataforma-regresar%C3%A1-a-mediados-de-agosto\/ar-AAZZURT?ocid=EMMX&amp;cvid=01a8f9d61c9c498d9e9b7f70aff63e3c&amp;fullscreen=true#image=1\" data-doc-id=\"cms\/api\/amp\/image\/AA1007mV\" data-rendered=\"true\">\n<div class=\"article-image-container\" data-t=\"{&quot;n&quot;:&quot;OpenModal&quot;,&quot;t&quot;:13}\">\n<p data-t=\"{&quot;n&quot;:&quot;blueLinks&quot;}\">Durante la conferencia de prensa matutina en el Palacio Nacional, el mandatario detall\u00f3 que la suspensi\u00f3n se debe a un\u00a0<strong>problema t\u00e9cnico<\/strong>\u00a0y detall\u00f3 que urgi\u00f3 a la Secretar\u00eda para que se resuelva.<\/p>\n<p data-t=\"{&quot;n&quot;:&quot;blueLinks&quot;}\">\u201cAyer habl\u00e9 con el secretario de Hacienda para que nos dieran una explicaci\u00f3n. Han tenido un problema t\u00e9cnico y ya le urg\u00ed que se resuelva\u201d, afirm\u00f3.<\/p>\n<blockquote><p>\u201cEl le\u00f3n cree que todos son peludos. Vamos a informar, pero fue un problema t\u00e9cnico. Desde luego que no se oculta absolutamente nada. \u00bfQu\u00e9 caso tendr\u00eda tirar una p\u00e1gina si luego se tiene que volver a establecer?\u201d, a\u00f1adi\u00f3.<\/p><\/blockquote>\n<p data-t=\"{&quot;n&quot;:&quot;blueLinks&quot;}\">Por su parte, la Secretar\u00eda de Hacienda inform\u00f3 este martes que la empresa Bravo Solution, encargada de desarrollar la infraestructura f\u00edsica del sistema en 2010, se encargar\u00e1 de atender el problema.<\/p>\n<p data-t=\"{&quot;n&quot;:&quot;blueLinks&quot;}\">Sin embargo, detall\u00f3 que, debido a que<strong>\u00a0los servicios<\/strong>\u00a0cuentan con \u201ccaracter\u00edsticas que\u00a0<strong>ya no se est\u00e1n disponibles en el mercado<\/strong>\u201d, los\u00a0<strong>equipos<\/strong>\u00a0que se requieren<strong>\u00a0llegar\u00e1n a M\u00e9xico en los primeros tres d\u00edas de agosto.<\/strong><\/p>\n<blockquote class=\"twitter-tweet\" data-width=\"550\" data-dnt=\"true\">\n<p lang=\"es\" dir=\"ltr\">Hacienda informa sobre la situaci\u00f3n del sistema Compranet.<a href=\"https:\/\/t.co\/HNjdxNzk1H\">https:\/\/t.co\/HNjdxNzk1H<\/a> <a href=\"https:\/\/t.co\/RLsYMVJ6G7\">pic.twitter.com\/RLsYMVJ6G7<\/a><\/p>\n<p>&mdash; Hacienda (@Hacienda_Mexico) <a href=\"https:\/\/twitter.com\/Hacienda_Mexico\/status\/1551946870221684738?ref_src=twsrc%5Etfw\">July 26, 2022<\/a><\/p><\/blockquote>\n<p><script async src=\"https:\/\/platform.twitter.com\/widgets.js\" charset=\"utf-8\"><\/script><\/p>\n<p>\u201cUna vez que se reciban los equipos necesarios para el respaldo de la informaci\u00f3n, se pongan a punto y se realicen las pruebas necesarias, se estima que el sistema\u00a0<strong>vuelva a la normalidad en dos semanas<\/strong>\u201d, puntaliz\u00f3.<\/p>\n<p data-t=\"{&quot;n&quot;:&quot;blueLinks&quot;}\">Mientras tanto, afirm\u00f3 que\u00a0<strong>los tr\u00e1mites se seguir\u00e1n realizando de manera presencial.<\/strong><\/p>\n<p class=\"continue-read-break\" data-t=\"{&quot;n&quot;:&quot;blueLinks&quot;}\">El pasado 18 de julio, la Secretar\u00eda de Hacienda declar\u00f3 la suspensi\u00f3n temporal del sistema Compranet debido a<strong>\u00a0\u201cfallas t\u00e9cnicas\u201d<\/strong>\u00a0que hab\u00eda registrado\u00a0<strong>desde el viernes 15 de julio.<\/strong>\u00a0Con ello se interrumpieron todos los actos de procedimientos de contrataci\u00f3n, as\u00ed como la carga de informaci\u00f3n.<\/p>\n<p data-t=\"{&quot;n&quot;:&quot;blueLinks&quot;}\">De acuerdo con la dependencia, las fallas se debieron a un \u201c<strong>problema de espacio de almacenamiento de datos en la infraestructura<\/strong>\u201d, lo que ocasion\u00f3 que se pudiera cargar la informaci\u00f3n al sistema.<\/p>\n<p data-t=\"{&quot;n&quot;:&quot;blueLinks&quot;}\">Ante esto, el Instituto Nacional de Transparencia, Acceso a la Informaci\u00f3n y Protecci\u00f3n de Datos Personales (<strong>INAI<\/strong>) hizo un llamado a la Secretar\u00eda para que\u00a0<strong>reanude su funcionamiento<\/strong>, porque afirm\u00f3 que es una herramienta fundamental para\u00a0<strong>garantizar que la informaci\u00f3n<\/strong>\u00a0relacionada con los\u00a0procesos de<strong>\u00a0contrataci\u00f3n sea accesible, confiable, verificable, veraz y oportuna.<\/strong><\/p>\n<p data-t=\"{&quot;n&quot;:&quot;blueLinks&quot;}\">Recalc\u00f3 que la plataforma constituye una de las fuentes m\u00e1s importantes de<strong>\u00a0rendici\u00f3n de cuentas\u00a0<\/strong>en el pa\u00eds\u00a0y advirti\u00f3 que la suspensi\u00f3n definitiva<strong>\u00a0restringe \u201cel derecho de acceso a la informaci\u00f3n\u201d.<\/strong><\/p>\n<p data-t=\"{&quot;n&quot;:&quot;blueLinks&quot;}\">Por su parte, la Confederaci\u00f3n Patronal de la Rep\u00fablica Mexicana (Coparmex),\u00a0llam\u00f3 al gobierno federal a restablecer el sistema porque se\u00f1al\u00f3 que \u201cuna falla t\u00e9cnica no debe ser justificaci\u00f3n para\u00a0<strong>incumplir con la transparencia gubernamental\u201d.<\/strong><\/p>\n<p data-t=\"{&quot;n&quot;:&quot;blueLinks&quot;}\">Compranet es un sistema electr\u00f3nico de informaci\u00f3n p\u00fablica gubernamental donde la<strong>\u00a0ciudadan\u00eda y autoridades puede conocer las adquisiciones de todas las dependencias de gobierno,<\/strong>\u00a0a nivel nacional, con datos de proveedores, costos, tiempos y contratos. Desde este sexenio, Compranet pas\u00f3 de la Secretar\u00eda de la Funci\u00f3n P\u00fablica a Hacienda.<\/p>\n<\/div>\n<\/div>\n<p data-t=\"{&quot;n&quot;:&quot;blueLinks&quot;}\">\n<p data-t=\"{&quot;n&quot;:&quot;blueLinks&quot;}\">Con informai\u00f3n de Aristegui Noticias<\/p>\n","protected":false},"excerpt":{"rendered":"<p>Tras\u00a011 d\u00edas de interrupci\u00f3n del Sistema CompraNet, el presidente\u00a0Andr\u00e9s Manuel L\u00f3pez Obrador\u00a0urgi\u00f3 a la Secretar\u00eda de Hacienda que resuelva las fallas; le organismo inform\u00f3 a su vez, que los servicios\u00a0se restaurar\u00e1n en dos semanas. Durante la conferencia de prensa matutina en el Palacio Nacional, el mandatario detall\u00f3 que la suspensi\u00f3n se debe a un\u00a0problema t\u00e9cnico\u00a0y detall\u00f3 que urgi\u00f3 a la Secretar\u00eda para que se resuelva. \u201cAyer habl\u00e9 con el secretario de Hacienda para que nos dieran una explicaci\u00f3n. Han tenido un problema t\u00e9cnico y ya le urg\u00ed que se resuelva\u201d, afirm\u00f3. \u201cEl le\u00f3n cree que todos son peludos. Vamos a [&hellip;]<\/p>\n","protected":false},"author":3,"featured_media":45597,"comment_status":"open","ping_status":"open","sticky":false,"template":"","format":"standard","meta":{"_jetpack_newsletter_access":"","_jetpack_dont_email_post_to_subs":false,"_jetpack_newsletter_tier_id":0,"_jetpack_memberships_contains_paywalled_content":false,"_jetpack_feature_clip_id":0,"_jetpack_memberships_contains_paid_content":false,"footnotes":"","jetpack_publicize_message":"","jetpack_publicize_feature_enabled":true,"jetpack_social_post_already_shared":true,"jetpack_social_options":{"image_generator_settings":{"template":"highway","default_image_id":0,"font":"","enabled":false},"version":2},"jetpack_post_was_ever_published":false},"categories":[75,72],"tags":[],"class_list":["post-45596","post","type-post","status-publish","format-standard","has-post-thumbnail","hentry","category-nacional","category-portada","post--single"],"jetpack_publicize_connections":[],"jetpack_featured_media_url":"https:\/\/ovelanalista.com\/wp-content\/uploads\/2022\/07\/Compranet.jpeg","jetpack_sharing_enabled":true,"_links":{"self":[{"href":"https:\/\/ovelanalista.com\/index.php?rest_route=\/wp\/v2\/posts\/45596","targetHints":{"allow":["GET"]}}],"collection":[{"href":"https:\/\/ovelanalista.com\/index.php?rest_route=\/wp\/v2\/posts"}],"about":[{"href":"https:\/\/ovelanalista.com\/index.php?rest_route=\/wp\/v2\/types\/post"}],"author":[{"embeddable":true,"href":"https:\/\/ovelanalista.com\/index.php?rest_route=\/wp\/v2\/users\/3"}],"replies":[{"embeddable":true,"href":"https:\/\/ovelanalista.com\/index.php?rest_route=%2Fwp%2Fv2%2Fcomments&post=45596"}],"version-history":[{"count":1,"href":"https:\/\/ovelanalista.com\/index.php?rest_route=\/wp\/v2\/posts\/45596\/revisions"}],"predecessor-version":[{"id":45598,"href":"https:\/\/ovelanalista.com\/index.php?rest_route=\/wp\/v2\/posts\/45596\/revisions\/45598"}],"wp:featuredmedia":[{"embeddable":true,"href":"https:\/\/ovelanalista.com\/index.php?rest_route=\/wp\/v2\/media\/45597"}],"wp:attachment":[{"href":"https:\/\/ovelanalista.com\/index.php?rest_route=%2Fwp%2Fv2%2Fmedia&parent=45596"}],"wp:term":[{"taxonomy":"category","embeddable":true,"href":"https:\/\/ovelanalista.com\/index.php?rest_route=%2Fwp%2Fv2%2Fcategories&post=45596"},{"taxonomy":"post_tag","embeddable":true,"href":"https:\/\/ovelanalista.com\/index.php?rest_route=%2Fwp%2Fv2%2Ftags&post=45596"}],"curies":[{"name":"wp","href":"https:\/\/api.w.org\/{rel}","templated":true}]}}