{"id":45599,"date":"2022-07-26T13:10:19","date_gmt":"2022-07-26T19:10:19","guid":{"rendered":"https:\/\/ovelanalista.com\/?p=45599"},"modified":"2022-07-26T12:18:05","modified_gmt":"2022-07-26T18:18:05","slug":"acusar-que-en-morena-no-hay-piso-parejo-para-2024-es-menospreciar-a-la-gente-amlo","status":"publish","type":"post","link":"https:\/\/ovelanalista.com\/?p=45599","title":{"rendered":"Acusar que en Morena no hay piso parejo para 2024 es menospreciar a la gente: AMLO"},"content":{"rendered":"<p>Acusar que en Morena no hay piso parejo para 2024 es menospreciar a la gente: AMLO El presidente <strong>Andr\u00e9s Manuel L\u00f3pez Obrador\u00a0<\/strong>se\u00f1al\u00f3 que aquellas voces dentro de\u00a0<a tabindex=\"0\" href=\"https:\/\/www.eluniversal.com.mx\/tag\/morena\" target=\"_blank\" rel=\"noopener\" data-t=\"{&quot;n&quot;:&quot;destination&quot;,&quot;t&quot;:13,&quot;b&quot;:1,&quot;c.t&quot;:7}\"><strong>Morena\u00a0<\/strong><\/a>que aseguran que no hay piso parejo para la candidatura presidencial para 2024 hacen \u201cun menosprecio a la gente\u201d y \u00a0asegur\u00f3 que en el partido s\u00ed existe igualdad de condiciones y que no hay \u201cdados cargados ni cartas marcadas\u201d.<\/p>\n<p data-t=\"{&quot;n&quot;:&quot;blueLinks&quot;}\">En conferencia de prensa matutina y al reiterar que el mejor m\u00e9todo para la elecci\u00f3n del candidato a las\u00a0<strong>elecci\u00f3n de 2024\u00a0<\/strong>es la encuesta,\u00a0<a tabindex=\"0\" href=\"https:\/\/www.eluniversal.com.mx\/tag\/amlo\" target=\"_blank\" rel=\"noopener\" data-t=\"{&quot;n&quot;:&quot;destination&quot;,&quot;t&quot;:13,&quot;b&quot;:1,&quot;c.t&quot;:7}\"><strong>el jefe del Ejecutivo<\/strong><\/a>\u00a0federal acus\u00f3 que quienes apuestan a las trampas \u201cles va mal\u201d.<\/p>\n<p data-t=\"{&quot;n&quot;:&quot;blueLinks&quot;}\">Afirm\u00f3 que si la gente ve que el Presidente de la Rep\u00fablica o los dirigentes del partido se est\u00e1n inclinando a favor de alg\u00fan aspirantes \u201ceso lo rechaza la gente y conlleva a la idea de que no se tiene confianza a la gente y que\u00a0<strong>el pueblo es manipulable<\/strong>&#8220;.<\/p>\n<p class=\"continue-read-break\" data-t=\"{&quot;n&quot;:&quot;blueLinks&quot;}\">\u201cCuando se habla de que no hay\u00a0<strong>piso parejo\u00a0<\/strong>eso es un menosprecio a la gente, porque ya nadie se deja manipular, que no se use eso como excusa. \u00bfC\u00f3mo va haber piso parejo si va a ser el pueblo el que va a decidir? Y si la gente ve de que el presidente se est\u00e1 inclinando a favor de alguien o los dirigentes del partido de est\u00e1n inclinando a favor de alguien, eso lo rechaza la gente. Eso tiene efecto de bumer\u00e1n pero eso tambi\u00e9n conlleva la idea de que no le tiene\u00a0<strong>confianza\u00a0<\/strong>al\u00a0<strong>pueblo\u00a0<\/strong>de que piensa que el pueblo es manipulable, pues no, ya esto cambi\u00f3.<\/p>\n<p class=\"\" data-t=\"{&quot;n&quot;:&quot;blueLinks&quot;}\">\u201cQue tengan confianza, de que no hay dados cargados no hay cartas marcadas\u201d, dijo el presidente L\u00f3pez Obrador.<\/p>\n<p class=\"\" data-t=\"{&quot;n&quot;:&quot;blueLinks&quot;}\">En Palacio Nacional, el Mandatario federal se\u00f1al\u00f3 que quienes apuestan a las trampas \u201cles va mal, ya lo del fraude, lo del querer manipular la pueblo, lo de la\u00a0<strong>demagogia<\/strong>, eso no funcionan\u201d.<\/p>\n<p class=\"\" data-t=\"{&quot;n&quot;:&quot;blueLinks&quot;}\">El pasado domingo, ante los presuntos actos\u00a0<strong>anticipados de campa\u00f1a\u00a0<\/strong>en los que pudieran estar incurriendo algunos de las y los aspirantes a la\u00a0<strong>candidatura presidencial de<\/strong>\u00a0<strong>2024\u00a0<\/strong>en\u00a0Morena, la organizaci\u00f3n \u201cProgresistas por la unidad y piso parejo\u201d, que encabeza la senadora Martha Luc\u00eda \u201cMal\u00fa\u201d M\u00edcher Camarena junto con otros militantes que apoyan las aspiraciones del canciller\u00a0<strong>Marcelo Ebrard<\/strong>, pidi\u00f3 a la dirigencia del partido que fije reglas claras y piso parejo para que la competencia sea democr\u00e1tica y se abandonen pr\u00e1cticas del viejo r\u00e9gimen.<\/p>\n<p class=\"\" data-t=\"{&quot;n&quot;:&quot;blueLinks&quot;}\">En conferencia de prensa, la legisladora por Guanajuato exigi\u00f3 al presidente de Morena,\u00a0<strong>Mario Delgado<\/strong>, que se tomen las medidas necesarias para evitar la\u00a0promoci\u00f3n de aspiraciones personales, se establezcan mecanismos y l\u00edmites precisos que construyan bases equitativas para la realizaci\u00f3n de actividades con los militantes y simpatizantes, y se convoque a una reuni\u00f3n con representantes de las y los interesados en participar en este proceso interno \u201cpara acordar mecanismos ordenados, equitativos y justos que pongan la muestra a las dem\u00e1s fuerzas pol\u00edticas de la calidad democr\u00e1tica de nuestro proceder\u201d.<\/p>\n<p data-t=\"{&quot;n&quot;:&quot;blueLinks&quot;}\">\n<p data-t=\"{&quot;n&quot;:&quot;blueLinks&quot;}\">Con informaci\u00f3n de El Universal<\/p>\n","protected":false},"excerpt":{"rendered":"<p>Acusar que en Morena no hay piso parejo para 2024 es menospreciar a la gente: AMLO El presidente Andr\u00e9s Manuel L\u00f3pez Obrador\u00a0se\u00f1al\u00f3 que aquellas voces dentro de\u00a0Morena\u00a0que aseguran que no hay piso parejo para la candidatura presidencial para 2024 hacen \u201cun menosprecio a la gente\u201d y \u00a0asegur\u00f3 que en el partido s\u00ed existe igualdad de condiciones y que no hay \u201cdados cargados ni cartas marcadas\u201d. En conferencia de prensa matutina y al reiterar que el mejor m\u00e9todo para la elecci\u00f3n del candidato a las\u00a0elecci\u00f3n de 2024\u00a0es la encuesta,\u00a0el jefe del Ejecutivo\u00a0federal acus\u00f3 que quienes apuestan a las trampas \u201cles va [&hellip;]<\/p>\n","protected":false},"author":3,"featured_media":45600,"comment_status":"open","ping_status":"open","sticky":false,"template":"","format":"standard","meta":{"_jetpack_newsletter_access":"","_jetpack_dont_email_post_to_subs":false,"_jetpack_newsletter_tier_id":0,"_jetpack_memberships_contains_paywalled_content":false,"_jetpack_feature_clip_id":0,"_jetpack_memberships_contains_paid_content":false,"footnotes":"","jetpack_publicize_message":"","jetpack_publicize_feature_enabled":true,"jetpack_social_post_already_shared":true,"jetpack_social_options":{"image_generator_settings":{"template":"highway","default_image_id":0,"font":"","enabled":false},"version":2},"jetpack_post_was_ever_published":false},"categories":[75,72],"tags":[],"class_list":["post-45599","post","type-post","status-publish","format-standard","has-post-thumbnail","hentry","category-nacional","category-portada","post--single"],"jetpack_publicize_connections":[],"jetpack_featured_media_url":"https:\/\/ovelanalista.com\/wp-content\/uploads\/2022\/07\/AMLO-26.jpeg","jetpack_sharing_enabled":true,"_links":{"self":[{"href":"https:\/\/ovelanalista.com\/index.php?rest_route=\/wp\/v2\/posts\/45599","targetHints":{"allow":["GET"]}}],"collection":[{"href":"https:\/\/ovelanalista.com\/index.php?rest_route=\/wp\/v2\/posts"}],"about":[{"href":"https:\/\/ovelanalista.com\/index.php?rest_route=\/wp\/v2\/types\/post"}],"author":[{"embeddable":true,"href":"https:\/\/ovelanalista.com\/index.php?rest_route=\/wp\/v2\/users\/3"}],"replies":[{"embeddable":true,"href":"https:\/\/ovelanalista.com\/index.php?rest_route=%2Fwp%2Fv2%2Fcomments&post=45599"}],"version-history":[{"count":1,"href":"https:\/\/ovelanalista.com\/index.php?rest_route=\/wp\/v2\/posts\/45599\/revisions"}],"predecessor-version":[{"id":45601,"href":"https:\/\/ovelanalista.com\/index.php?rest_route=\/wp\/v2\/posts\/45599\/revisions\/45601"}],"wp:featuredmedia":[{"embeddable":true,"href":"https:\/\/ovelanalista.com\/index.php?rest_route=\/wp\/v2\/media\/45600"}],"wp:attachment":[{"href":"https:\/\/ovelanalista.com\/index.php?rest_route=%2Fwp%2Fv2%2Fmedia&parent=45599"}],"wp:term":[{"taxonomy":"category","embeddable":true,"href":"https:\/\/ovelanalista.com\/index.php?rest_route=%2Fwp%2Fv2%2Fcategories&post=45599"},{"taxonomy":"post_tag","embeddable":true,"href":"https:\/\/ovelanalista.com\/index.php?rest_route=%2Fwp%2Fv2%2Ftags&post=45599"}],"curies":[{"name":"wp","href":"https:\/\/api.w.org\/{rel}","templated":true}]}}