{"id":45604,"date":"2022-07-26T14:00:04","date_gmt":"2022-07-26T20:00:04","guid":{"rendered":"https:\/\/ovelanalista.com\/?p=45604"},"modified":"2022-07-26T12:33:06","modified_gmt":"2022-07-26T18:33:06","slug":"traviesos-adversarios-van-a-terminar-subiendose-al-tren-maya-dice-amlo","status":"publish","type":"post","link":"https:\/\/ovelanalista.com\/?p=45604","title":{"rendered":"\u201cTraviesos\u201d adversarios van a terminar subi\u00e9ndose al Tren Maya, dice AMLO"},"content":{"rendered":"<p>\u201cTraviesos\u201d adversarios van a terminar subi\u00e9ndose al Tren Maya, dice AMLO El presidente <strong>Andr\u00e9s Manuel L\u00f3pez Obrador<\/strong>\u00a0se\u00f1al\u00f3 que las obras que se construyen en su gobierno van \u201ca su tiempo\u201d, pero admiti\u00f3 que en donde \u201cmenos posibilidad de operaci\u00f3n\u201d van a tener es con el\u00a0<strong>Tren Maya<\/strong>.<\/p>\n<p data-t=\"{&quot;n&quot;:&quot;blueLinks&quot;}\">En su conferencia\u00a0<a tabindex=\"0\" href=\"https:\/\/www.eluniversal.com.mx\/nacion\/la-mananera-de-amlo-26-de-julio-minuto-minuto-0\" target=\"_blank\" rel=\"noopener\" data-t=\"{&quot;n&quot;:&quot;destination&quot;,&quot;t&quot;:13,&quot;b&quot;:1,&quot;c.t&quot;:7}\"><strong>ma\u00f1anera de este martes<\/strong><\/a>\u00a0en Palacio Nacional, L\u00f3pez Obrador acus\u00f3 que sus adversarios como<strong>\u00a0Claudio X. Gonz\u00e1lez,<\/strong>\u00a0\u201cy todos estos que no nos quieren\u201d, quieren retrasar la construcci\u00f3n del Tren Maya.<\/p>\n<p data-t=\"{&quot;n&quot;:&quot;blueLinks&quot;}\">\u201cPorque tendr\u00edamos menos tiempo para la operaci\u00f3n. Por ejemplo, con el Aeropuerto, tendr\u00edamos dos a\u00f1os por delante; la Refiner\u00eda, dos a\u00f1os, pero el Tren, estamos pensando inaugurarlo en diciembre del a\u00f1o pr\u00f3ximo.<\/p>\n<p data-t=\"{&quot;n&quot;:&quot;blueLinks&quot;}\">\u201cYa tenemos el tiempo medido, por eso la desesperaci\u00f3n de frenarnos, son\u00a0<strong>traviesos<\/strong>, nada m\u00e1s que no pueden porque no act\u00faan de buena fe\u201d, expres\u00f3 L\u00f3pez Obrador.<\/p>\n<p data-t=\"{&quot;n&quot;:&quot;blueLinks&quot;}\">\u201cY repito: Solo siendo buenos podemos ser felices, todo el que es perverso, el que no act\u00faa con honestidad, el que tiene malas entra\u00f1as no sale adelante; hay que ser generosos, hay que ser buenos\u201d, a\u00f1adi\u00f3.<\/p>\n<p data-t=\"{&quot;n&quot;:&quot;blueLinks&quot;}\">Record\u00f3 en el Sal\u00f3n Tesorer\u00eda que el Tren Maya fue declarado como\u00a0<strong>obra de seguridad nacional<\/strong>.<\/p>\n<p data-t=\"{&quot;n&quot;:&quot;blueLinks&quot;}\">\u201cY la verdad qu\u00e9 ganas tienen de parar el Tren, y van a terminar subi\u00e9ndose al Tren\u201d, expres\u00f3 entre risas el presidente L\u00f3pez Obrador.<\/p>\n<p data-t=\"{&quot;n&quot;:&quot;blueLinks&quot;}\">\n<p data-t=\"{&quot;n&quot;:&quot;blueLinks&quot;}\">Con informaci\u00f3n de El Universal<\/p>\n","protected":false},"excerpt":{"rendered":"<p>\u201cTraviesos\u201d adversarios van a terminar subi\u00e9ndose al Tren Maya, dice AMLO El presidente Andr\u00e9s Manuel L\u00f3pez Obrador\u00a0se\u00f1al\u00f3 que las obras que se construyen en su gobierno van \u201ca su tiempo\u201d, pero admiti\u00f3 que en donde \u201cmenos posibilidad de operaci\u00f3n\u201d van a tener es con el\u00a0Tren Maya. En su conferencia\u00a0ma\u00f1anera de este martes\u00a0en Palacio Nacional, L\u00f3pez Obrador acus\u00f3 que sus adversarios como\u00a0Claudio X. Gonz\u00e1lez,\u00a0\u201cy todos estos que no nos quieren\u201d, quieren retrasar la construcci\u00f3n del Tren Maya. \u201cPorque tendr\u00edamos menos tiempo para la operaci\u00f3n. Por ejemplo, con el Aeropuerto, tendr\u00edamos dos a\u00f1os por delante; la Refiner\u00eda, dos a\u00f1os, pero el Tren, [&hellip;]<\/p>\n","protected":false},"author":3,"featured_media":45605,"comment_status":"open","ping_status":"open","sticky":false,"template":"","format":"standard","meta":{"_jetpack_newsletter_access":"","_jetpack_dont_email_post_to_subs":false,"_jetpack_newsletter_tier_id":0,"_jetpack_memberships_contains_paywalled_content":false,"_jetpack_feature_clip_id":0,"_jetpack_memberships_contains_paid_content":false,"footnotes":"","jetpack_publicize_message":"","jetpack_publicize_feature_enabled":true,"jetpack_social_post_already_shared":true,"jetpack_social_options":{"image_generator_settings":{"template":"highway","default_image_id":0,"font":"","enabled":false},"version":2},"jetpack_post_was_ever_published":false},"categories":[75,72],"tags":[],"class_list":["post-45604","post","type-post","status-publish","format-standard","has-post-thumbnail","hentry","category-nacional","category-portada","post--single"],"jetpack_publicize_connections":[],"jetpack_featured_media_url":"https:\/\/ovelanalista.com\/wp-content\/uploads\/2022\/07\/AMLO-27.jpeg","jetpack_sharing_enabled":true,"_links":{"self":[{"href":"https:\/\/ovelanalista.com\/index.php?rest_route=\/wp\/v2\/posts\/45604","targetHints":{"allow":["GET"]}}],"collection":[{"href":"https:\/\/ovelanalista.com\/index.php?rest_route=\/wp\/v2\/posts"}],"about":[{"href":"https:\/\/ovelanalista.com\/index.php?rest_route=\/wp\/v2\/types\/post"}],"author":[{"embeddable":true,"href":"https:\/\/ovelanalista.com\/index.php?rest_route=\/wp\/v2\/users\/3"}],"replies":[{"embeddable":true,"href":"https:\/\/ovelanalista.com\/index.php?rest_route=%2Fwp%2Fv2%2Fcomments&post=45604"}],"version-history":[{"count":1,"href":"https:\/\/ovelanalista.com\/index.php?rest_route=\/wp\/v2\/posts\/45604\/revisions"}],"predecessor-version":[{"id":45606,"href":"https:\/\/ovelanalista.com\/index.php?rest_route=\/wp\/v2\/posts\/45604\/revisions\/45606"}],"wp:featuredmedia":[{"embeddable":true,"href":"https:\/\/ovelanalista.com\/index.php?rest_route=\/wp\/v2\/media\/45605"}],"wp:attachment":[{"href":"https:\/\/ovelanalista.com\/index.php?rest_route=%2Fwp%2Fv2%2Fmedia&parent=45604"}],"wp:term":[{"taxonomy":"category","embeddable":true,"href":"https:\/\/ovelanalista.com\/index.php?rest_route=%2Fwp%2Fv2%2Fcategories&post=45604"},{"taxonomy":"post_tag","embeddable":true,"href":"https:\/\/ovelanalista.com\/index.php?rest_route=%2Fwp%2Fv2%2Ftags&post=45604"}],"curies":[{"name":"wp","href":"https:\/\/api.w.org\/{rel}","templated":true}]}}