{"id":45607,"date":"2022-07-26T13:30:19","date_gmt":"2022-07-26T19:30:19","guid":{"rendered":"https:\/\/ovelanalista.com\/?p=45607"},"modified":"2022-07-26T12:26:53","modified_gmt":"2022-07-26T18:26:53","slug":"gabriel-quadri-presenta-denuncia-ante-la-fgr-por-construccion-del-tramo-5-del-tren-maya","status":"publish","type":"post","link":"https:\/\/ovelanalista.com\/?p=45607","title":{"rendered":"Gabriel Quadri presenta denuncia ante la FGR por construcci\u00f3n del Tramo 5 del Tren Maya"},"content":{"rendered":"<p data-t=\"{&quot;n&quot;:&quot;blueLinks&quot;}\">El diputado federal del Partido Acci\u00f3n Nacional (PAN), Gabriel Quadri, present\u00f3 una denuncia en la Fiscal\u00eda General de la Rep\u00fablica (FGR)\u00a0<b>por delitos federales a la continuaci\u00f3n del Tramo 5 del Tren Maya.\u00a0<\/b><\/p>\n<div class=\"article-image-slot\" data-image-href=\"https:\/\/www.msn.com\/es-mx\/noticias\/mexico\/gabriel-quadri-presenta-denuncia-ante-la-fgr-por-construcci%C3%B3n-del-tramo-5-del-tren-maya\/ar-AAZZAHz?ocid=EMMX&amp;cvid=01a8f9d61c9c498d9e9b7f70aff63e3c&amp;fullscreen=true#image=1\" data-doc-id=\"cms\/api\/amp\/image\/AA1002c1\" data-rendered=\"true\">\n<div class=\"article-image-container\" data-t=\"{&quot;n&quot;:&quot;OpenModal&quot;,&quot;t&quot;:13}\">\n<p data-t=\"{&quot;n&quot;:&quot;blueLinks&quot;}\">El diputado panista coment\u00f3 a\u00a0<b>MILENIO<\/b>\u00a0que la denuncia se presenta por delitos ambientales, por desacato en t\u00e9rminos de la ley de amparo,<b>\u00a0por delitos ambientales en t\u00e9rminos de c\u00f3digo penal,<\/b>\u00a0por desacato en t\u00e9rminos de la ley de amparo y por violaciones a la ley general del equilibrio ecol\u00f3gico y la producci\u00f3n del ambiente, &#8220;la ley prev\u00e9 hasta penas de nueve a 10 a\u00f1os de c\u00e1rcel por estos delitos, por este desacato y es algo grav\u00edsimo&#8221;.<\/p>\n<p data-t=\"{&quot;n&quot;:&quot;blueLinks&quot;}\">Gabriel Quadri coment\u00f3 que\u00a0<b>la demanda es para quien resulte responsable,<\/b>\u00a0empezando por Javier May, director del Fondo Nacional de Fomento al Turismo (Fonatur) y altos mandos militares que est\u00e1n a cargo de la construcci\u00f3n del Tren Maya<\/p>\n<p data-t=\"{&quot;n&quot;:&quot;blueLinks&quot;}\">A la salida de la FGR mostr\u00f3 el acuse de la demanda que present\u00f3 de manera personal y en una conferencia improvisada, hizo un exhorto a las autoridades de seguridad para que\u00a0<b>no permitan que el Ej\u00e9rcito mexicano sea utilizado para encubrir los actos de opacidad y corrupci\u00f3n.<\/b><\/p>\n<p class=\"continue-read-break\" data-t=\"{&quot;n&quot;:&quot;blueLinks&quot;}\">Quadri advirti\u00f3 que de no tener una respuesta, acudir\u00e1 a la Comisi\u00f3n Interamericana de Derechos Humanos &#8220;porque el\u00a0<b>derecho al medio ambiente<\/b>\u00a0esta plasmado en el art\u00edculo cuarto constitucional y es un derecho humano&#8221;, se\u00f1al\u00f3.<\/p>\n<\/div>\n<\/div>\n<p data-t=\"{&quot;n&quot;:&quot;blueLinks&quot;}\">\n<p data-t=\"{&quot;n&quot;:&quot;blueLinks&quot;}\">Con informaci\u00f3n de Milenio<\/p>\n","protected":false},"excerpt":{"rendered":"<p>El diputado federal del Partido Acci\u00f3n Nacional (PAN), Gabriel Quadri, present\u00f3 una denuncia en la Fiscal\u00eda General de la Rep\u00fablica (FGR)\u00a0por delitos federales a la continuaci\u00f3n del Tramo 5 del Tren Maya.\u00a0 El diputado panista coment\u00f3 a\u00a0MILENIO\u00a0que la denuncia se presenta por delitos ambientales, por desacato en t\u00e9rminos de la ley de amparo,\u00a0por delitos ambientales en t\u00e9rminos de c\u00f3digo penal,\u00a0por desacato en t\u00e9rminos de la ley de amparo y por violaciones a la ley general del equilibrio ecol\u00f3gico y la producci\u00f3n del ambiente, &#8220;la ley prev\u00e9 hasta penas de nueve a 10 a\u00f1os de c\u00e1rcel por estos delitos, por este [&hellip;]<\/p>\n","protected":false},"author":3,"featured_media":45608,"comment_status":"open","ping_status":"open","sticky":false,"template":"","format":"standard","meta":{"_jetpack_newsletter_access":"","_jetpack_dont_email_post_to_subs":false,"_jetpack_newsletter_tier_id":0,"_jetpack_memberships_contains_paywalled_content":false,"_jetpack_feature_clip_id":0,"_jetpack_memberships_contains_paid_content":false,"footnotes":"","jetpack_publicize_message":"","jetpack_publicize_feature_enabled":true,"jetpack_social_post_already_shared":true,"jetpack_social_options":{"image_generator_settings":{"template":"highway","default_image_id":0,"font":"","enabled":false},"version":2},"jetpack_post_was_ever_published":false},"categories":[75,72],"tags":[],"class_list":["post-45607","post","type-post","status-publish","format-standard","has-post-thumbnail","hentry","category-nacional","category-portada","post--single"],"jetpack_publicize_connections":[],"jetpack_featured_media_url":"https:\/\/ovelanalista.com\/wp-content\/uploads\/2022\/07\/Gabriel-Quadri-.jpeg","jetpack_sharing_enabled":true,"_links":{"self":[{"href":"https:\/\/ovelanalista.com\/index.php?rest_route=\/wp\/v2\/posts\/45607","targetHints":{"allow":["GET"]}}],"collection":[{"href":"https:\/\/ovelanalista.com\/index.php?rest_route=\/wp\/v2\/posts"}],"about":[{"href":"https:\/\/ovelanalista.com\/index.php?rest_route=\/wp\/v2\/types\/post"}],"author":[{"embeddable":true,"href":"https:\/\/ovelanalista.com\/index.php?rest_route=\/wp\/v2\/users\/3"}],"replies":[{"embeddable":true,"href":"https:\/\/ovelanalista.com\/index.php?rest_route=%2Fwp%2Fv2%2Fcomments&post=45607"}],"version-history":[{"count":1,"href":"https:\/\/ovelanalista.com\/index.php?rest_route=\/wp\/v2\/posts\/45607\/revisions"}],"predecessor-version":[{"id":45609,"href":"https:\/\/ovelanalista.com\/index.php?rest_route=\/wp\/v2\/posts\/45607\/revisions\/45609"}],"wp:featuredmedia":[{"embeddable":true,"href":"https:\/\/ovelanalista.com\/index.php?rest_route=\/wp\/v2\/media\/45608"}],"wp:attachment":[{"href":"https:\/\/ovelanalista.com\/index.php?rest_route=%2Fwp%2Fv2%2Fmedia&parent=45607"}],"wp:term":[{"taxonomy":"category","embeddable":true,"href":"https:\/\/ovelanalista.com\/index.php?rest_route=%2Fwp%2Fv2%2Fcategories&post=45607"},{"taxonomy":"post_tag","embeddable":true,"href":"https:\/\/ovelanalista.com\/index.php?rest_route=%2Fwp%2Fv2%2Ftags&post=45607"}],"curies":[{"name":"wp","href":"https:\/\/api.w.org\/{rel}","templated":true}]}}