{"id":45610,"date":"2022-07-26T13:40:44","date_gmt":"2022-07-26T19:40:44","guid":{"rendered":"https:\/\/ovelanalista.com\/?p=45610"},"modified":"2022-07-26T12:29:36","modified_gmt":"2022-07-26T18:29:36","slug":"amlo-califica-a-americo-villarreal-como-lo-mejor-que-le-pudo-pasar-a-tamaulipas","status":"publish","type":"post","link":"https:\/\/ovelanalista.com\/?p=45610","title":{"rendered":"AMLO califica a Am\u00e9rico Villarreal como, &#8220;lo mejor que le pudo pasar a Tamaulipas&#8221;"},"content":{"rendered":"<p>El presidente de M\u00e9xico, Andr\u00e9s Manuel L\u00f3pez Obrador se\u00f1al\u00f3 que el triunfo de Am\u00e9rico Villarreal, \u201ces lo mejor que le pudo pasar a Tamaulipas\u201d.<\/p>\n<p data-t=\"{&quot;n&quot;:&quot;blueLinks&quot;}\">Durante la conferencia ma\u00f1anera de este martes, el mandatario federal fue cuestionado sobre supuestas irregularidades durante los comicios pasados en Tamaulipas. Ante esto, L\u00f3pez Obrador calific\u00f3 nuevamente como una elecci\u00f3n ejemplar la ejercida el 5 de junio.<\/p>\n<blockquote class=\"blockquote-text\"><p>\u201cDe todos los estados donde hubo elecciones fue (Tamaulipas) donde hubo m\u00e1s participaci\u00f3n. Siempre he sostenido que se hacen los fraudes cuando la gente no sale a votar.\u201d<\/p><\/blockquote>\n<p>\u201cDe todos los estados donde hubo elecciones fue (Tamaulipas) donde hubo m\u00e1s participaci\u00f3n. Siempre he sostenido que se hacen los fraudes cuando la gente no sale a votar.\u201d<\/p>\n<p data-t=\"{&quot;n&quot;:&quot;blueLinks&quot;}\">Reconoci\u00f3 al estado por las miles de personas que salieron a emitir su derecho al voto, \u201cpor eso, mi reconocimiento al pueblo de Tamaulipas, votaron m\u00e1s en Tamaulipas que en Oaxaca, que en Quintana Roo, que en Hidalgo, en una circunstancia muy complicada y estar ah\u00ed haciendo fila de manera estoica. Celebro el que la gente haya decidido de manera democr\u00e1tica, y que no ha habido violencia\u201d.<\/p>\n<p data-t=\"{&quot;n&quot;:&quot;blueLinks&quot;}\">As\u00ed mismo, calific\u00f3 al estado como el m\u00e1s democr\u00e1tico del pa\u00eds: \u201cSi me dicen qui\u00e9nes son los m\u00e1s dem\u00f3cratas de los \u00faltimos meses en M\u00e9xico, los tamaulipecos. Me quito el sombrero\u201d.<\/p>\n<p class=\"continue-read-break\" data-t=\"{&quot;n&quot;:&quot;blueLinks&quot;}\">Por otro lado, dio a conocer p\u00fablicamente su postura respecto al gobernador electo de Tamaulipas, \u201cconozco al doctor Am\u00e9rico yo creo que eso tambi\u00e9n ayud\u00f3, lo considero un hombre honesto, \u00edntegro, limpio. Es lo mejor que le pudo pasar a Tamaulipas, es gente buena de muy buen coraz\u00f3n. El que es bueno sale adelante solo siendo buenos podemos ser felices\u201d.<\/p>\n<h2 class=\"article-sub-heading\">Gobernador electo responde<\/h2>\n<p data-t=\"{&quot;n&quot;:&quot;blueLinks&quot;}\">A trav\u00e9s de sus redes sociales, Am\u00e9rico Villarreal agradecio al presidente de la Republica su posicionamiento respecto a \u00e9l durante la ma\u00f1anera.<\/p>\n<blockquote><p>&#8220;Agradezco al presidente de #M\u00e9xico Andr\u00e9s Manuel L\u00f3pez Obrador, por la menci\u00f3n que hizo esta ma\u00f1ana sobre mi persona.\u00a0Reitero a todo el pueblo tamaulipeco, mi compromiso de servir con honestidad, bajo los principios de la #CuartaTransformaci\u00f3n, no mentir, no robar y no traicionar.&#8221;<\/p><\/blockquote>\n<p data-t=\"{&quot;n&quot;:&quot;blueLinks&quot;}\">&#8220;\u00a1Gracias presidente!&#8221;, concluye en su posteo.<\/p>\n<p data-t=\"{&quot;n&quot;:&quot;blueLinks&quot;}\">\n<p data-t=\"{&quot;n&quot;:&quot;blueLinks&quot;}\">Con informaci\u00f3n de Milenio<\/p>\n","protected":false},"excerpt":{"rendered":"<p>El presidente de M\u00e9xico, Andr\u00e9s Manuel L\u00f3pez Obrador se\u00f1al\u00f3 que el triunfo de Am\u00e9rico Villarreal, \u201ces lo mejor que le pudo pasar a Tamaulipas\u201d. Durante la conferencia ma\u00f1anera de este martes, el mandatario federal fue cuestionado sobre supuestas irregularidades durante los comicios pasados en Tamaulipas. Ante esto, L\u00f3pez Obrador calific\u00f3 nuevamente como una elecci\u00f3n ejemplar la ejercida el 5 de junio. \u201cDe todos los estados donde hubo elecciones fue (Tamaulipas) donde hubo m\u00e1s participaci\u00f3n. Siempre he sostenido que se hacen los fraudes cuando la gente no sale a votar.\u201d \u201cDe todos los estados donde hubo elecciones fue (Tamaulipas) donde hubo [&hellip;]<\/p>\n","protected":false},"author":3,"featured_media":45611,"comment_status":"open","ping_status":"open","sticky":false,"template":"","format":"standard","meta":{"_jetpack_newsletter_access":"","_jetpack_dont_email_post_to_subs":false,"_jetpack_newsletter_tier_id":0,"_jetpack_memberships_contains_paywalled_content":false,"_jetpack_feature_clip_id":0,"_jetpack_memberships_contains_paid_content":false,"footnotes":"","jetpack_publicize_message":"","jetpack_publicize_feature_enabled":true,"jetpack_social_post_already_shared":true,"jetpack_social_options":{"image_generator_settings":{"template":"highway","default_image_id":0,"font":"","enabled":false},"version":2},"jetpack_post_was_ever_published":false},"categories":[75,72],"tags":[],"class_list":["post-45610","post","type-post","status-publish","format-standard","has-post-thumbnail","hentry","category-nacional","category-portada","post--single"],"jetpack_publicize_connections":[],"jetpack_featured_media_url":"https:\/\/ovelanalista.com\/wp-content\/uploads\/2022\/07\/AMLO-28.jpeg","jetpack_sharing_enabled":true,"_links":{"self":[{"href":"https:\/\/ovelanalista.com\/index.php?rest_route=\/wp\/v2\/posts\/45610","targetHints":{"allow":["GET"]}}],"collection":[{"href":"https:\/\/ovelanalista.com\/index.php?rest_route=\/wp\/v2\/posts"}],"about":[{"href":"https:\/\/ovelanalista.com\/index.php?rest_route=\/wp\/v2\/types\/post"}],"author":[{"embeddable":true,"href":"https:\/\/ovelanalista.com\/index.php?rest_route=\/wp\/v2\/users\/3"}],"replies":[{"embeddable":true,"href":"https:\/\/ovelanalista.com\/index.php?rest_route=%2Fwp%2Fv2%2Fcomments&post=45610"}],"version-history":[{"count":1,"href":"https:\/\/ovelanalista.com\/index.php?rest_route=\/wp\/v2\/posts\/45610\/revisions"}],"predecessor-version":[{"id":45612,"href":"https:\/\/ovelanalista.com\/index.php?rest_route=\/wp\/v2\/posts\/45610\/revisions\/45612"}],"wp:featuredmedia":[{"embeddable":true,"href":"https:\/\/ovelanalista.com\/index.php?rest_route=\/wp\/v2\/media\/45611"}],"wp:attachment":[{"href":"https:\/\/ovelanalista.com\/index.php?rest_route=%2Fwp%2Fv2%2Fmedia&parent=45610"}],"wp:term":[{"taxonomy":"category","embeddable":true,"href":"https:\/\/ovelanalista.com\/index.php?rest_route=%2Fwp%2Fv2%2Fcategories&post=45610"},{"taxonomy":"post_tag","embeddable":true,"href":"https:\/\/ovelanalista.com\/index.php?rest_route=%2Fwp%2Fv2%2Ftags&post=45610"}],"curies":[{"name":"wp","href":"https:\/\/api.w.org\/{rel}","templated":true}]}}