{"id":45613,"date":"2022-07-26T13:50:09","date_gmt":"2022-07-26T19:50:09","guid":{"rendered":"https:\/\/ovelanalista.com\/?p=45613"},"modified":"2022-07-26T12:32:35","modified_gmt":"2022-07-26T18:32:35","slug":"fortalece-amlo-plan-antiinflacion-se-mantendra-el-subsidio-a-gasolinas-y-pone-el-ojo-en-aumento-de-precios-de-alimentos","status":"publish","type":"post","link":"https:\/\/ovelanalista.com\/?p=45613","title":{"rendered":"Fortalece AMLO plan antiinflaci\u00f3n: se mantendr\u00e1 el subsidio a gasolinas y pone el ojo en aumento de precios de alimentos"},"content":{"rendered":"<p data-t=\"{&quot;n&quot;:&quot;blueLinks&quot;}\">Luego de sostener una reuni\u00f3n con la\u00a0<strong>Secretaria de Econom\u00eda<\/strong>\u00a0la tarde del lunes, el presidente\u00a0<strong>Andr\u00e9s Manuel L\u00f3pez Obrador<\/strong>\u00a0anunci\u00f3\u00a0<strong>medidas para reforzar el plan del gobierno federal<\/strong>\u00a0para contener la inflaci\u00f3n.<\/p>\n<p data-t=\"{&quot;n&quot;:&quot;blueLinks&quot;}\">En la conferencia de prensa matutina, el mandatario detall\u00f3 que\u00a0<strong>el objetivo es evitar el encarecimiento de los productos<\/strong>, por lo que se enfocar\u00e1 en una pol\u00edtica de tarifas para\u00a0<strong>reducir el precio de transporte de mercanc\u00edas<\/strong>\u00a0y la\u00a0<strong>eliminaci\u00f3n de aranceles a los alimentos que registran aumentos de precio<\/strong>, pero que se pueden importar.<\/p>\n<blockquote><p>\u201cNos reunimos para reforzar el plan antiinflaci\u00f3n y estuvo la subsecretaria de Econom\u00eda y la instrucci\u00f3n es mantener la pol\u00edtica energ\u00e9tica de no aumentar el precio de las gasolinas, di\u00e9sel y la luz, porque el impacto de inflaci\u00f3n en energ\u00e9ticos en M\u00e9xico es lo m\u00e1s bajo que hay en el mundo, tenemos 0.5 y Estados Unidos trae el 2.5 de inflaci\u00f3n, entonces eso a nosotros no est\u00e1 ayudando mucho\u201d, dijo L\u00f3pez Obrador.<\/p><\/blockquote>\n<p data-t=\"{&quot;n&quot;:&quot;blueLinks&quot;}\">\u201cLo segundo es una revisi\u00f3n de los alimentos de la canasta b\u00e1sica. Vamos a hablar con productores y distribuidores para que nos sigan ayudando a que estos alimentos de la canasta b\u00e1sica no aumenten. Lo tercero, revisar la situaci\u00f3n de alimentos que no est\u00e1n en la canasta b\u00e1sica, pero est\u00e1n pero aumentando, el caso de la cebolla y la papa. El otro tema es quitar aranceles en alimentos que est\u00e9n subiendo de precio y que se puedan importar\u201d.<\/p>\n<p data-t=\"{&quot;n&quot;:&quot;blueLinks&quot;}\">El mandatario detall\u00f3 que en cuanto al\u00a0<strong>transporte<\/strong>\u00a0buscar\u00e1 que\u00a0<strong>en algunos casos incluso bajen las tarifas<\/strong>.<\/p>\n<p data-t=\"{&quot;n&quot;:&quot;blueLinks&quot;}\">AMLO ha sostenido que parte de su estrategia para contener la inflaci\u00f3n consiste en\u00a0<strong>impulsar la soberan\u00eda alimentaria<\/strong>, por lo que su gobierno impulsa la inversi\u00f3n en plantas de fertilizantes.<\/p>\n<p data-t=\"{&quot;n&quot;:&quot;blueLinks&quot;}\">El mandatario ha anunciado que con la\u00a0<strong>rehabilitaci\u00f3n de las plantas de fertilizantes se busca que la mitad de los abonos producidos se entregue a los campesinos m\u00e1s necesitados<\/strong>, como ya se est\u00e1 haciendo en Guerrero y anunci\u00f3 que este programa se extender\u00e1 a Chiapas, Oaxaca, Zacatecas, Durango, Nayarit, Edomex, Puebla, Tlaxcala y Morelos.<\/p>\n<p class=\"\" data-t=\"{&quot;n&quot;:&quot;blueLinks&quot;}\">\u201cDepender de las gasolinas, una econom\u00eda que depende de energ\u00e9ticos del extranjero, o un pueblo que depende de alimentos que se adquieren en el extranjero, en \u00e9pocas de crisis, de confrontaciones b\u00e9licas \u00bfc\u00f3mo se adquieren esos alimentos, esos energ\u00e9ticos? Nosotros tenemos potencial para producir lo que consumimos\u201d, dijo el pasado 15 de julio.<\/p>\n<p class=\"\" data-t=\"{&quot;n&quot;:&quot;blueLinks&quot;}\">En mayo pasado, el gobierno de Andr\u00e9s Manuel L\u00f3pez Obrador present\u00f3 el \u00a0<strong>Paquete Contra la Inflaci\u00f3n y Carest\u00eda<\/strong>, que incluye 24 productos de canasta b\u00e1sica cuyos precios se homologaron a nivel nacional.<\/p>\n<p class=\"\" data-t=\"{&quot;n&quot;:&quot;blueLinks&quot;}\">\n<div class=\"article-image-slot\" data-image-href=\"https:\/\/www.msn.com\/es-mx\/noticias\/mexico\/fortalece-amlo-plan-antiinflaci%C3%B3n-se-mantendr%C3%A1-el-subsidio-a-gasolinas-y-pone-el-ojo-en-aumento-de-precios-de-alimentos\/ar-AAZZGEP?ocid=EMMX&amp;cvid=01a8f9d61c9c498d9e9b7f70aff63e3c&amp;fullscreen=true#image=2\" data-doc-id=\"cms\/api\/amp\/image\/AAZZJ5u\" data-rendered=\"true\">\n<div class=\"article-image-container\" data-t=\"{&quot;n&quot;:&quot;OpenModal&quot;,&quot;t&quot;:13}\">\n<div style=\"width: 710px\" class=\"wp-caption alignnone\"><a class=\"article-image-height-wrapper\" href=\"https:\/\/www.msn.com\/es-mx\/noticias\/mexico\/fortalece-amlo-plan-antiinflaci%C3%B3n-se-mantendr%C3%A1-el-subsidio-a-gasolinas-y-pone-el-ojo-en-aumento-de-precios-de-alimentos\/ar-AAZZGEP?ocid=EMMX&amp;cvid=01a8f9d61c9c498d9e9b7f70aff63e3c&amp;fullscreen=true#image=2\" data-t=\"{&quot;n&quot;:&quot;destination&quot;,&quot;t&quot;:14,&quot;b&quot;:1,&quot;c.t&quot;:14}\"><img loading=\"lazy\" decoding=\"async\" class=\"article-image\" tabindex=\"0\" title=\"Fortalece AMLO plan antiinflaci\u00f3n: se mantendr\u00e1 el subsidio a gasolinas y pone el ojo en aumento de precios de alimentos\" src=\"https:\/\/img-s-msn-com.akamaized.net\/tenant\/amp\/entityid\/AAZZJ5u.img?w=700&amp;h=438&amp;m=6\" alt=\"Fortalece AMLO plan antiinflaci\u00f3n: se mantendr\u00e1 el subsidio a gasolinas y pone el ojo en aumento de precios de alimentos\" width=\"700\" height=\"438\" \/><\/a><p class=\"wp-caption-text\">\u00a9\u00a0Proporcionado por Aristegui NoticiasFortalece AMLO plan antiinflaci\u00f3n: se mantendr\u00e1 el subsidio a gasolinas y pone el ojo en aumento de precios de alimentos<\/p><\/div>\n<div class=\"image-caption-container\"><\/div>\n<\/div>\n<\/div>\n<p class=\"\" data-t=\"{&quot;n&quot;:&quot;blueLinks&quot;}\">En esa ocasi\u00f3n, el presidente L\u00f3pez Obrador\u00a0<strong>descart\u00f3 que se trate de un \u201dcontrol de precios\u201d, sino de un acuerdo con productores, distribuidores y cadenas de supermercados<\/strong>\u00a0para que estos 24 productos tengan un precio justo.<\/p>\n<p class=\"\" data-t=\"{&quot;n&quot;:&quot;blueLinks&quot;}\">El secretario de Hacienda, Rogelio Ram\u00edrez de la O, explic\u00f3 que los 24 productos de la canasta b\u00e1sica de la Procuradur\u00eda Federal del Consumidor (Profeco) representan el 46% de la actual inflaci\u00f3n en alimentos.<\/p>\n<p data-t=\"{&quot;n&quot;:&quot;blueLinks&quot;}\">\n<p data-t=\"{&quot;n&quot;:&quot;blueLinks&quot;}\">Con informaci\u00f3n de Aristegui Noticias<\/p>\n","protected":false},"excerpt":{"rendered":"<p>Luego de sostener una reuni\u00f3n con la\u00a0Secretaria de Econom\u00eda\u00a0la tarde del lunes, el presidente\u00a0Andr\u00e9s Manuel L\u00f3pez Obrador\u00a0anunci\u00f3\u00a0medidas para reforzar el plan del gobierno federal\u00a0para contener la inflaci\u00f3n. En la conferencia de prensa matutina, el mandatario detall\u00f3 que\u00a0el objetivo es evitar el encarecimiento de los productos, por lo que se enfocar\u00e1 en una pol\u00edtica de tarifas para\u00a0reducir el precio de transporte de mercanc\u00edas\u00a0y la\u00a0eliminaci\u00f3n de aranceles a los alimentos que registran aumentos de precio, pero que se pueden importar. \u201cNos reunimos para reforzar el plan antiinflaci\u00f3n y estuvo la subsecretaria de Econom\u00eda y la instrucci\u00f3n es mantener la pol\u00edtica energ\u00e9tica de [&hellip;]<\/p>\n","protected":false},"author":3,"featured_media":44851,"comment_status":"open","ping_status":"open","sticky":false,"template":"","format":"standard","meta":{"_jetpack_newsletter_access":"","_jetpack_dont_email_post_to_subs":false,"_jetpack_newsletter_tier_id":0,"_jetpack_memberships_contains_paywalled_content":false,"_jetpack_feature_clip_id":0,"_jetpack_memberships_contains_paid_content":false,"footnotes":"","jetpack_publicize_message":"","jetpack_publicize_feature_enabled":true,"jetpack_social_post_already_shared":true,"jetpack_social_options":{"image_generator_settings":{"template":"highway","default_image_id":0,"font":"","enabled":false},"version":2},"jetpack_post_was_ever_published":false},"categories":[75,72],"tags":[],"class_list":["post-45613","post","type-post","status-publish","format-standard","has-post-thumbnail","hentry","category-nacional","category-portada","post--single"],"jetpack_publicize_connections":[],"jetpack_featured_media_url":"https:\/\/ovelanalista.com\/wp-content\/uploads\/2022\/07\/ANDRES-MANUEL-3.jpeg","jetpack_sharing_enabled":true,"_links":{"self":[{"href":"https:\/\/ovelanalista.com\/index.php?rest_route=\/wp\/v2\/posts\/45613","targetHints":{"allow":["GET"]}}],"collection":[{"href":"https:\/\/ovelanalista.com\/index.php?rest_route=\/wp\/v2\/posts"}],"about":[{"href":"https:\/\/ovelanalista.com\/index.php?rest_route=\/wp\/v2\/types\/post"}],"author":[{"embeddable":true,"href":"https:\/\/ovelanalista.com\/index.php?rest_route=\/wp\/v2\/users\/3"}],"replies":[{"embeddable":true,"href":"https:\/\/ovelanalista.com\/index.php?rest_route=%2Fwp%2Fv2%2Fcomments&post=45613"}],"version-history":[{"count":1,"href":"https:\/\/ovelanalista.com\/index.php?rest_route=\/wp\/v2\/posts\/45613\/revisions"}],"predecessor-version":[{"id":45614,"href":"https:\/\/ovelanalista.com\/index.php?rest_route=\/wp\/v2\/posts\/45613\/revisions\/45614"}],"wp:featuredmedia":[{"embeddable":true,"href":"https:\/\/ovelanalista.com\/index.php?rest_route=\/wp\/v2\/media\/44851"}],"wp:attachment":[{"href":"https:\/\/ovelanalista.com\/index.php?rest_route=%2Fwp%2Fv2%2Fmedia&parent=45613"}],"wp:term":[{"taxonomy":"category","embeddable":true,"href":"https:\/\/ovelanalista.com\/index.php?rest_route=%2Fwp%2Fv2%2Fcategories&post=45613"},{"taxonomy":"post_tag","embeddable":true,"href":"https:\/\/ovelanalista.com\/index.php?rest_route=%2Fwp%2Fv2%2Ftags&post=45613"}],"curies":[{"name":"wp","href":"https:\/\/api.w.org\/{rel}","templated":true}]}}