{"id":45615,"date":"2022-07-26T14:10:12","date_gmt":"2022-07-26T20:10:12","guid":{"rendered":"https:\/\/ovelanalista.com\/?p=45615"},"modified":"2022-07-26T12:36:35","modified_gmt":"2022-07-26T18:36:35","slug":"caida-de-compranet-por-un-problema-tecnico-amlo","status":"publish","type":"post","link":"https:\/\/ovelanalista.com\/?p=45615","title":{"rendered":"Ca\u00edda de Compranet, por un problema t\u00e9cnico: AMLO"},"content":{"rendered":"<p>El presidente Andr\u00e9s Manuel L\u00f3pez Obrador aclar\u00f3 que la ca\u00edda del sitio electr\u00f3nico Compranet \u2013donde se detallan las compras y contratos del gobierno federal\u2014 se dio por un problema t\u00e9cnico y garantiz\u00f3 que \u00e9ste se revolver\u00e1 con prontitud.\u00a0Descart\u00f3 que se pretenda ocultar informaci\u00f3n sobre las compras p\u00fablicas.<\/p>\n<p data-t=\"{&quot;n&quot;:&quot;blueLinks&quot;}\">En la ma\u00f1anera de este martes, tambi\u00e9n inform\u00f3 que su administraci\u00f3n trabaja en una serie de nuevas medidas para ajustar y reforzar el plan antiinflacionario que se puso en operaci\u00f3n hace poco m\u00e1s de un mes.<\/p>\n<p data-t=\"{&quot;n&quot;:&quot;blueLinks&quot;}\">En la conferencia de prensa fue interrogado sobre la situaci\u00f3n en el portal de Compranet y las cr\u00edticas, advertencias y especulaciones de diversos sectores que han alertado que esto podr\u00eda generar incertidumbre en las compras p\u00fablicas.<\/p>\n<p data-t=\"{&quot;n&quot;:&quot;blueLinks&quot;}\">El mandatario federal respondi\u00f3 que ayer habl\u00f3 con el secretario de Hacienda, Rogelio Ram\u00edrez de la O para tener una explicaci\u00f3n al respecto, le inform\u00f3 que la ca\u00edda del portal se dio por un problema t\u00e9cnico.<\/p>\n<p data-t=\"{&quot;n&quot;:&quot;blueLinks&quot;}\">\u201cUrge que se resuelva, porque nuestros adversarios ya est\u00e1n imaginando con su mente cochambrosa, cosas que no son. Ya ven que, con todo respeto al le\u00f3n, el le\u00f3n cree que todos son peludos \u00bfno? Entonces vamos a informar, pero s\u00ed fue un problem\u00e1 t\u00e9cnico, desde luego que no se oculta absolutamente nada. \u00bfQu\u00e9 caso tendr\u00eda tirar una p\u00e1gina si luego se tiene que volver a establecer? y cu\u00e1ntos cr\u00edticos tenemos, cu\u00e1ntos conservadores, incluso expertos en manejo de la computaci\u00f3n, del internet, de todo. S\u00ed, es un asunto t\u00e9cnico y ya se va a resolver\u201d.<\/p>\n<div role=\"main\">\n<section class=\"articlePage_section-DS-EntryPoint1-1 articlePageBodySection articlePage_section_continueReading-DS-EntryPoint1-1\" data-col=\"c4\">\n<article>\n<div class=\"views-article-body articlePage_body-DS-EntryPoint1-1\">\n<p data-t=\"{&quot;n&quot;:&quot;blueLinks&quot;}\">En lo que respecta al combate a la inflaci\u00f3n, el titular del Ejecutivo indic\u00f3 que se mantendr\u00e1n los precios de los combustibles como primer punto para reforzar el plan antiinflacionario.<\/p>\n<p data-t=\"{&quot;n&quot;:&quot;blueLinks&quot;}\">Y deline\u00f3 otros puntos: revisar los precios de los 24 productos que conforman la canasta b\u00e1sica, por lo que se hablar\u00e1 con los productores y distribuidores, sobre todo de alimentos, a fin que el costo no incremente; se revisar\u00e1 tambi\u00e9n la situaci\u00f3n de alimentos que no esta en esa canasta b\u00e1sica, pero est\u00e1n aumentando como la cebolla y la papa.<\/p>\n<p data-t=\"{&quot;n&quot;:&quot;blueLinks&quot;}\">Otros ser\u00e1 eliminar aranceles en alimentos, que est\u00e9n subiendo de precio y que se puedan importar.<\/p>\n<p data-t=\"{&quot;n&quot;:&quot;blueLinks&quot;}\">\u201cLo otro es una pol\u00edtica de tarifas del transporte de mercanc\u00edas que se van a mantener y en algunos casos van a bajar\u201d.<\/p>\n<p data-t=\"{&quot;n&quot;:&quot;blueLinks&quot;}\">Confi\u00f3 en que la titular de la Secretar\u00eda de Econom\u00eda, Tatiana Cloutthier \u201cseguramente ya est\u00e1 tomando nota\u201d, para llevar a cambo las nuevas ideas contra la inflaci\u00f3n.<\/p>\n<\/div>\n<div class=\"subscriptionPaywall\"><img decoding=\"async\" src=\"https:\/\/img-s-msn-com.akamaized.net\/tenant\/amp\/entityid\/AAZZHLG.img?w=768&amp;h=415&amp;m=6\" alt=\"Informaci\u00f3n presentada por CompraNet. Imagen tomada del el sitio de https:\/\/compranet.hacienda.gob.mx\/web\/login.html\" \/><\/div>\n<div><\/div>\n<\/article>\n<div id=\"civsci-id-76398579-AAZZDKm\" data-civicscience-widget=\"dc47b0af-1755-c124-4d1b-758f0eee9014\"><\/div>\n<\/section>\n<\/div>\n<div class=\"articlePage_eoabNativeAd-DS-EntryPoint1-1\"><\/div>\n<div>Con informaci\u00f3n de La Jornada<\/div>\n","protected":false},"excerpt":{"rendered":"<p>El presidente Andr\u00e9s Manuel L\u00f3pez Obrador aclar\u00f3 que la ca\u00edda del sitio electr\u00f3nico Compranet \u2013donde se detallan las compras y contratos del gobierno federal\u2014 se dio por un problema t\u00e9cnico y garantiz\u00f3 que \u00e9ste se revolver\u00e1 con prontitud.\u00a0Descart\u00f3 que se pretenda ocultar informaci\u00f3n sobre las compras p\u00fablicas. En la ma\u00f1anera de este martes, tambi\u00e9n inform\u00f3 que su administraci\u00f3n trabaja en una serie de nuevas medidas para ajustar y reforzar el plan antiinflacionario que se puso en operaci\u00f3n hace poco m\u00e1s de un mes. En la conferencia de prensa fue interrogado sobre la situaci\u00f3n en el portal de Compranet y las [&hellip;]<\/p>\n","protected":false},"author":3,"featured_media":45611,"comment_status":"open","ping_status":"open","sticky":false,"template":"","format":"standard","meta":{"_jetpack_newsletter_access":"","_jetpack_dont_email_post_to_subs":false,"_jetpack_newsletter_tier_id":0,"_jetpack_memberships_contains_paywalled_content":false,"_jetpack_feature_clip_id":0,"_jetpack_memberships_contains_paid_content":false,"footnotes":"","jetpack_publicize_message":"","jetpack_publicize_feature_enabled":true,"jetpack_social_post_already_shared":true,"jetpack_social_options":{"image_generator_settings":{"template":"highway","default_image_id":0,"font":"","enabled":false},"version":2},"jetpack_post_was_ever_published":false},"categories":[75,72],"tags":[],"class_list":["post-45615","post","type-post","status-publish","format-standard","has-post-thumbnail","hentry","category-nacional","category-portada","post--single"],"jetpack_publicize_connections":[],"jetpack_featured_media_url":"https:\/\/ovelanalista.com\/wp-content\/uploads\/2022\/07\/AMLO-28.jpeg","jetpack_sharing_enabled":true,"_links":{"self":[{"href":"https:\/\/ovelanalista.com\/index.php?rest_route=\/wp\/v2\/posts\/45615","targetHints":{"allow":["GET"]}}],"collection":[{"href":"https:\/\/ovelanalista.com\/index.php?rest_route=\/wp\/v2\/posts"}],"about":[{"href":"https:\/\/ovelanalista.com\/index.php?rest_route=\/wp\/v2\/types\/post"}],"author":[{"embeddable":true,"href":"https:\/\/ovelanalista.com\/index.php?rest_route=\/wp\/v2\/users\/3"}],"replies":[{"embeddable":true,"href":"https:\/\/ovelanalista.com\/index.php?rest_route=%2Fwp%2Fv2%2Fcomments&post=45615"}],"version-history":[{"count":1,"href":"https:\/\/ovelanalista.com\/index.php?rest_route=\/wp\/v2\/posts\/45615\/revisions"}],"predecessor-version":[{"id":45616,"href":"https:\/\/ovelanalista.com\/index.php?rest_route=\/wp\/v2\/posts\/45615\/revisions\/45616"}],"wp:featuredmedia":[{"embeddable":true,"href":"https:\/\/ovelanalista.com\/index.php?rest_route=\/wp\/v2\/media\/45611"}],"wp:attachment":[{"href":"https:\/\/ovelanalista.com\/index.php?rest_route=%2Fwp%2Fv2%2Fmedia&parent=45615"}],"wp:term":[{"taxonomy":"category","embeddable":true,"href":"https:\/\/ovelanalista.com\/index.php?rest_route=%2Fwp%2Fv2%2Fcategories&post=45615"},{"taxonomy":"post_tag","embeddable":true,"href":"https:\/\/ovelanalista.com\/index.php?rest_route=%2Fwp%2Fv2%2Ftags&post=45615"}],"curies":[{"name":"wp","href":"https:\/\/api.w.org\/{rel}","templated":true}]}}