{"id":45617,"date":"2022-07-26T14:20:55","date_gmt":"2022-07-26T20:20:55","guid":{"rendered":"https:\/\/ovelanalista.com\/?p=45617"},"modified":"2022-07-26T12:38:27","modified_gmt":"2022-07-26T18:38:27","slug":"descarta-amlo-dar-senal-para-eleccion-de-candidato-en-morena","status":"publish","type":"post","link":"https:\/\/ovelanalista.com\/?p=45617","title":{"rendered":"Descarta AMLO dar &#8220;se\u00f1al&#8221; para elecci\u00f3n de candidato en Morena"},"content":{"rendered":"<p>El presidente Andr\u00e9s Manuel L\u00f3pez Obrador respondi\u00f3 a los militantes de su partido, Morena, que han pedido \u201cpiso parejo\u201d para la elecci\u00f3n del candidato presidencial con miras a la sucesi\u00f3n de 2024. Asent\u00f3 que la \u201csubcultura antidemocr\u00e1tica\u201d \u2013que se da aun dentro de su movimiento\u2014 est\u00e1 a la espera de una se\u00f1al desde la figura presidencial, la cual descart\u00f3 que se vaya a dar.<\/p>\n<p data-t=\"{&quot;n&quot;:&quot;blueLinks&quot;}\">La se\u00f1al, enfatiz\u00f3, la dar\u00e1 la gente, que decidir\u00e1 qui\u00e9n encabezar\u00e1 la candidatura presidencial de Morena y,en ese sentido consider\u00f3 que hablar de \u201cpiso parejo\u201d es menospreciar a la ciudadan\u00eda. \u201cYa nadie se deja manipular, que no se use como excusa\u201d.<\/p>\n<p data-t=\"{&quot;n&quot;:&quot;blueLinks&quot;}\">Exhort\u00f3 a los aspirantes a llegarle al pueblo, a que los conozcan, a ir a terreno y les dej\u00f3 un claro mensaje: \u201cLos\u00a0que venimos del movimiento tenemos que tener muy en\u00a0cuenta\u00a0que no luchamos por cargos, luchamos por principios, por ideales\u201d.<\/p>\n<p data-t=\"{&quot;n&quot;:&quot;blueLinks&quot;}\">Llam\u00f3 a tener\u00a0confianza\u00a0porque \u201cno hay dados cargados, no hay cartas marcadas. Es que es muy interesante ese tema, porque fue tanta la subcultura antidemocr\u00e1tica que todav\u00eda en\u00a0nuestro movimiento \u2013Morena\u2014\u00a0est\u00e1n esperando una se\u00f1al.\u00a0Y no\u00a0va a haber se\u00f1al, la se\u00f1al la va a dar la gente y es muy sencillo. En el caso de los candidatos a la\u00a0Presidencia: encuesta y lo que diga la gente y yo voy a apoyar al que gane en la encuesta\u201d,\u00a0subray\u00f3.<\/p>\n<p class=\"continue-read-break\" data-t=\"{&quot;n&quot;:&quot;blueLinks&quot;}\">En la ma\u00f1anera de este martes, el mandatario federal fue interrogado sobre las afirmaciones de un colectivo de morenistas que apoya la candidatura del canciller Marcelo Ebrard, encabezado por la senadora Mal\u00fa Micher, pidi\u00f3 \u201cpiso parejo\u201d y propuso que el m\u00e9todo de elecci\u00f3n del o la candidata o candidato se realice con \u201cencuestas abiertas, independiente, transparente, verificables y accesibles para toda la ciudadan\u00eda\u201d.<\/p>\n<div role=\"main\">\n<section class=\"articlePage_section-DS-EntryPoint1-1 articlePageBodySection articlePage_section_continueReading-DS-EntryPoint1-1\" data-col=\"c4\">\n<article>\n<div class=\"views-article-body articlePage_body-DS-EntryPoint1-1\">\n<p class=\"\" data-t=\"{&quot;n&quot;:&quot;blueLinks&quot;}\">Al respecto, L\u00f3pez Obrador remarc\u00f3: \u201cCuando se\u00a0se habla de que no hay \u2018piso parejo\u2019, eso es un menosprecio a la gente, porque ya nadie se deja manipular, que no se use eso como excusa.\u00a0\u00bfC\u00f3mo\u00a0no va a haber\u00a0piso\u00a0parejo, si va a ser la gente la que va a decidir?\u00a0Y\u00a0si la gente ve que el presidente se est\u00e1 inclinando a favor de alguien o los dirigentes del partido se\u00a0est\u00e1n\u00a0inclinando a favor de alguien, eso lo rechaza la gente, eso tiene un efecto de boomerang.\u00a0Pero\u00a0eso tambi\u00e9n conlleva la idea de que no le tienen confianza al pueblo, de que piensan que el pueblo es manipulable.\u00a0Pues\u00a0no, ya esto cambi\u00f3, hay fraudes que se han cometido \u00faltimamente\u00a0y\u00a0no les ha alcanzado, no les han\u00a0servido.\u00a0No\u00a0puedo yo hablar de casos espec\u00edficos, pero la gente est\u00e1 muy consciente, mucho muy consciente, y lo mismo, darle toda la\u00a0confianza a los ciudadanos\u201d.<\/p>\n<p class=\"\" data-t=\"{&quot;n&quot;:&quot;blueLinks&quot;}\">Cit\u00f3 un ejemplo de democracia en comunidades de Oaxaca que se gobiernan por usos y costumbres, donde para elegir a sus autoridades nadie hace campa\u00f1a, por el contrario es la gente quien propone en la asamblea comunitaria y se les dice: \u201c\u2019Te toca dar servicio\u2019. Y si el que tiene que dar servicio est\u00e1 en Nueva York o en Los \u00c1ngeles, tiene que ir a dar servicio y no cobra. Es una democracia comunitaria, casi perfecta\u201d.<\/p>\n<p class=\"\" data-t=\"{&quot;n&quot;:&quot;blueLinks&quot;}\">Por ello, el presidente destac\u00f3 que ser\u00e1 la ciudadan\u00eda la que elegir\u00e1 al abanderado o abanderada de Morena a trav\u00e9s de una consulta.<\/p>\n<p class=\"\" data-t=\"{&quot;n&quot;:&quot;blueLinks&quot;}\">Incluso hasta adelant\u00f3 el contenido de la encuesta: \u201c\u00bfConoces a Juan Fern\u00e1ndez a Francisca Dom\u00ednguez?\u00a0\u00bfQu\u00e9 opini\u00f3n tienes de ella o de \u00e9l?\u00a0\u00bfConsideras que es honesto que es honesta?\u00a0\u00bfTiene cercan\u00eda\u00a0con\u00a0el pueblo?\u00a0\u00bfTe gustar\u00eda que fuese la candidata o el candidato\u00a0de tal partido?\u00a0\u00bfSi sale de candidato votar\u00edas por ella\u00a0o\u00a0por \u00e9l?\u00a0Ah\u00ed\u00a0est\u00e1. !No falla eh\u00a1Si se hace bien la encuesta no falla\u201d.<\/p>\n<p class=\"\" data-t=\"{&quot;n&quot;:&quot;blueLinks&quot;}\">L\u00f3pez Obrador envi\u00f3 un\u00a0claro\u00a0mensaje a aquellos que aspiran a competir para relevarlo en el cargo: \u201cAhora, si lo\u00a0que se\u00a0quiere\u00a0es ser candidato\u00a0haiga\u00a0sido como haiga sido,\u00a0o\u00a0ser gobernador o presidente haiga sido como haiga sido, entones\u00a0(es)\u00a0fraude. Pero no y lo otro (que digan): \u2018No sal\u00ed yo,\u00a0no hay democracia; si salgo yo, s\u00ed hay democracia\u2019.\u00a0Los\u00a0que venimos del movimiento tenemos que tener muy en\u00a0cuenta\u00a0que no luchamos por cargos, luchamos por principios, por ideales, y que el poder s\u00f3lo tiene sentido\u00a0y\u00a0se convierte en virtud cuando se pone al servicio de los dem\u00e1s. Quien no le tiene amor al pueblo no sirve ni para la pol\u00edtica ni para el periodismo\u201d.<\/p>\n<\/div>\n<div class=\"subscriptionPaywall\"><\/div>\n<\/article>\n<\/section>\n<\/div>\n<div class=\"csw-wrapper\" tabindex=\"-1\" aria-hidden=\"true\"><\/div>\n<div tabindex=\"-1\" aria-hidden=\"true\">Con informaci\u00f3n de La Jornada<\/div>\n","protected":false},"excerpt":{"rendered":"<p>El presidente Andr\u00e9s Manuel L\u00f3pez Obrador respondi\u00f3 a los militantes de su partido, Morena, que han pedido \u201cpiso parejo\u201d para la elecci\u00f3n del candidato presidencial con miras a la sucesi\u00f3n de 2024. Asent\u00f3 que la \u201csubcultura antidemocr\u00e1tica\u201d \u2013que se da aun dentro de su movimiento\u2014 est\u00e1 a la espera de una se\u00f1al desde la figura presidencial, la cual descart\u00f3 que se vaya a dar. La se\u00f1al, enfatiz\u00f3, la dar\u00e1 la gente, que decidir\u00e1 qui\u00e9n encabezar\u00e1 la candidatura presidencial de Morena y,en ese sentido consider\u00f3 que hablar de \u201cpiso parejo\u201d es menospreciar a la ciudadan\u00eda. \u201cYa nadie se deja manipular, que [&hellip;]<\/p>\n","protected":false},"author":3,"featured_media":45605,"comment_status":"open","ping_status":"open","sticky":false,"template":"","format":"standard","meta":{"_jetpack_newsletter_access":"","_jetpack_dont_email_post_to_subs":false,"_jetpack_newsletter_tier_id":0,"_jetpack_memberships_contains_paywalled_content":false,"_jetpack_feature_clip_id":0,"_jetpack_memberships_contains_paid_content":false,"footnotes":"","jetpack_publicize_message":"","jetpack_publicize_feature_enabled":true,"jetpack_social_post_already_shared":true,"jetpack_social_options":{"image_generator_settings":{"template":"highway","default_image_id":0,"font":"","enabled":false},"version":2},"jetpack_post_was_ever_published":false},"categories":[75,72],"tags":[],"class_list":["post-45617","post","type-post","status-publish","format-standard","has-post-thumbnail","hentry","category-nacional","category-portada","post--single"],"jetpack_publicize_connections":[],"jetpack_featured_media_url":"https:\/\/ovelanalista.com\/wp-content\/uploads\/2022\/07\/AMLO-27.jpeg","jetpack_sharing_enabled":true,"_links":{"self":[{"href":"https:\/\/ovelanalista.com\/index.php?rest_route=\/wp\/v2\/posts\/45617","targetHints":{"allow":["GET"]}}],"collection":[{"href":"https:\/\/ovelanalista.com\/index.php?rest_route=\/wp\/v2\/posts"}],"about":[{"href":"https:\/\/ovelanalista.com\/index.php?rest_route=\/wp\/v2\/types\/post"}],"author":[{"embeddable":true,"href":"https:\/\/ovelanalista.com\/index.php?rest_route=\/wp\/v2\/users\/3"}],"replies":[{"embeddable":true,"href":"https:\/\/ovelanalista.com\/index.php?rest_route=%2Fwp%2Fv2%2Fcomments&post=45617"}],"version-history":[{"count":1,"href":"https:\/\/ovelanalista.com\/index.php?rest_route=\/wp\/v2\/posts\/45617\/revisions"}],"predecessor-version":[{"id":45618,"href":"https:\/\/ovelanalista.com\/index.php?rest_route=\/wp\/v2\/posts\/45617\/revisions\/45618"}],"wp:featuredmedia":[{"embeddable":true,"href":"https:\/\/ovelanalista.com\/index.php?rest_route=\/wp\/v2\/media\/45605"}],"wp:attachment":[{"href":"https:\/\/ovelanalista.com\/index.php?rest_route=%2Fwp%2Fv2%2Fmedia&parent=45617"}],"wp:term":[{"taxonomy":"category","embeddable":true,"href":"https:\/\/ovelanalista.com\/index.php?rest_route=%2Fwp%2Fv2%2Fcategories&post=45617"},{"taxonomy":"post_tag","embeddable":true,"href":"https:\/\/ovelanalista.com\/index.php?rest_route=%2Fwp%2Fv2%2Ftags&post=45617"}],"curies":[{"name":"wp","href":"https:\/\/api.w.org\/{rel}","templated":true}]}}