{"id":4612,"date":"2021-10-07T16:59:44","date_gmt":"2021-10-07T22:59:44","guid":{"rendered":"https:\/\/ovelanalista.com\/?p=4612"},"modified":"2021-10-07T16:42:51","modified_gmt":"2021-10-07T22:42:51","slug":"bajese-a-debatir-sobre-el-uso-faccioso-de-la-tribuna-reta-panista-a-presidente-del-congreso-cdmx","status":"publish","type":"post","link":"https:\/\/ovelanalista.com\/?p=4612","title":{"rendered":"&#8216;B\u00e1jese a debatir sobre el uso faccioso de la tribuna&#8217;: reta panista a presidente del Congreso CDMX"},"content":{"rendered":"<p>\u00a1B\u00e1jese aqu\u00ed, se\u00f1or presidente de la Mesa Directiva, y debata con un servidor sobre el uso faccioso de la tribuna! \u00a1Lo reto, presidente, estamos cansados desde la oposici\u00f3n de que se pase de listo!\u201d, grit\u00f3 Ricardo Rubio, vicecoordinador de la bancada del PAN, al presidente de la Mesa Directiva, H\u00e9ctor D\u00edaz Polanco, de Morena, durante la sesi\u00f3n en el Congreso de la Ciudad de M\u00e9xico.<\/p>\n<p>Desde la tribuna, Rubio le grit\u00f3 a D\u00edaz Polanco, quien estaba sentado frente a la mesa directiva. Su tono de voz airado y acusaci\u00f3n provoc\u00f3 el enojo de los legisladores de Morena, mientras desde el pasillo del pleno, el coordinador de la bancada blanquiazaul, Cristhian Von Roehrich le gritaba a Rubio \u201c\u00a1Ya p\u00e1rale, ya p\u00e1rale!\u201d Y le hac\u00eda la se\u00f1a de que dejara de hablar.<\/p>\n<p>Rubio acus\u00f3 a D\u00edaz Polanco de favorecer a los legisladores de Morena y permitirles hablar por m\u00e1s tiempo del permitido en tribuna, mientras ha restringido las participaciones de los opositores.<\/p>\n<blockquote><p>\u00a1Ya estuvo bueno presidente, debe usted respetar a las minor\u00edas, debe usted respetar a la oposici\u00f3n\u2026y tambi\u00e9n exigimos respeto por quienes votaron por nosotros, de una manera contundente! \u00a1Est\u00e1 la ciudad m\u00e1s del lado de la oposici\u00f3n, que del partido del color de la moronga, esa es la verdad, aunque les duela en el alma!\u201d, dijo Rubio, gritando desde la tribuna.<\/p><\/blockquote>\n<p>Momentos despu\u00e9s, cuando Rubio baj\u00f3 de la tribuna y camin\u00f3 hacia su curul, Von Roehrich habl\u00f3 con \u00e9l visiblemente molesto.Rubio s\u00f3lo escuchaba lo que\u00a0 dec\u00eda su coordinador y asent\u00eda.<\/p>\n<p>Instantes despu\u00e9s, desde la Mesa Directiva, D\u00edaz Polanco se defendi\u00f3: \u201cdice el diputado Rubio que en la sesi\u00f3n solemne -del 2 de octubre- se le permiti\u00f3 al diputado de Morena pasarse del tiempo permitido -Jos\u00e9 de Jes\u00fas Mart\u00edn del Campo-, pero deber\u00eda saber que varios oradores de su campo pol\u00edtico solicitaron hablar m\u00e1s tiempo y tambi\u00e9n se les permiti\u00f3\u201d.<\/p>\n<p>Instantes despu\u00e9s, la vicecoordinadora de Morena, Guadalupe Morales, defendi\u00f3 a D\u00edaz Polanco: \u201cno podemos permitir que se le falte al respeto al presidente de la Mesa Directiva\u2026no podemos usar los micr\u00f3fonos para faltar al respeto\u201d.<\/p>\n<p>Y plante\u00f3 a sus compa\u00f1eros: \u201cYo creo que debemos poner un alto a las ofensas, un alto a las formas, un alto a la falta de respeto a la investidura del presidente que en este momento recae en un persona\u2026y que nos debe merecer todo el respeto..si traemos una camiseta, azul o guinda puesta en el coraz\u00f3n\u2026si de verdad la traemos puesta, hagamos las cosas en congruencia: no podemos venir exigiendo respeto, denostando y faltandole al respeto a la investidura que usted representa -le dijo a D\u00edaz Polanco-, eso me indigna\u201d.<\/p>\n<p>&nbsp;<\/p>\n<p>Con informaci\u00f3n de Excelsior<\/p>\n","protected":false},"excerpt":{"rendered":"<p>\u00a1B\u00e1jese aqu\u00ed, se\u00f1or presidente de la Mesa Directiva, y debata con un servidor sobre el uso faccioso de la tribuna! \u00a1Lo reto, presidente, estamos cansados desde la oposici\u00f3n de que se pase de listo!\u201d, grit\u00f3 Ricardo Rubio, vicecoordinador de la bancada del PAN, al presidente de la Mesa Directiva, H\u00e9ctor D\u00edaz Polanco, de Morena, durante la sesi\u00f3n en el Congreso de la Ciudad de M\u00e9xico. Desde la tribuna, Rubio le grit\u00f3 a D\u00edaz Polanco, quien estaba sentado frente a la mesa directiva. Su tono de voz airado y acusaci\u00f3n provoc\u00f3 el enojo de los legisladores de Morena, mientras desde el [&hellip;]<\/p>\n","protected":false},"author":3,"featured_media":4613,"comment_status":"open","ping_status":"open","sticky":false,"template":"","format":"standard","meta":{"_jetpack_newsletter_access":"","_jetpack_dont_email_post_to_subs":false,"_jetpack_newsletter_tier_id":0,"_jetpack_memberships_contains_paywalled_content":false,"_jetpack_feature_clip_id":0,"_jetpack_memberships_contains_paid_content":false,"footnotes":"","jetpack_publicize_message":"","jetpack_publicize_feature_enabled":true,"jetpack_social_post_already_shared":true,"jetpack_social_options":{"image_generator_settings":{"template":"highway","default_image_id":0,"font":"","enabled":false},"version":2},"jetpack_post_was_ever_published":false},"categories":[75,72],"tags":[],"class_list":["post-4612","post","type-post","status-publish","format-standard","has-post-thumbnail","hentry","category-nacional","category-portada","post--single"],"jetpack_publicize_connections":[],"jetpack_featured_media_url":"https:\/\/ovelanalista.com\/wp-content\/uploads\/2021\/10\/ricardo-rubio.jpeg","jetpack_sharing_enabled":true,"_links":{"self":[{"href":"https:\/\/ovelanalista.com\/index.php?rest_route=\/wp\/v2\/posts\/4612","targetHints":{"allow":["GET"]}}],"collection":[{"href":"https:\/\/ovelanalista.com\/index.php?rest_route=\/wp\/v2\/posts"}],"about":[{"href":"https:\/\/ovelanalista.com\/index.php?rest_route=\/wp\/v2\/types\/post"}],"author":[{"embeddable":true,"href":"https:\/\/ovelanalista.com\/index.php?rest_route=\/wp\/v2\/users\/3"}],"replies":[{"embeddable":true,"href":"https:\/\/ovelanalista.com\/index.php?rest_route=%2Fwp%2Fv2%2Fcomments&post=4612"}],"version-history":[{"count":1,"href":"https:\/\/ovelanalista.com\/index.php?rest_route=\/wp\/v2\/posts\/4612\/revisions"}],"predecessor-version":[{"id":4614,"href":"https:\/\/ovelanalista.com\/index.php?rest_route=\/wp\/v2\/posts\/4612\/revisions\/4614"}],"wp:featuredmedia":[{"embeddable":true,"href":"https:\/\/ovelanalista.com\/index.php?rest_route=\/wp\/v2\/media\/4613"}],"wp:attachment":[{"href":"https:\/\/ovelanalista.com\/index.php?rest_route=%2Fwp%2Fv2%2Fmedia&parent=4612"}],"wp:term":[{"taxonomy":"category","embeddable":true,"href":"https:\/\/ovelanalista.com\/index.php?rest_route=%2Fwp%2Fv2%2Fcategories&post=4612"},{"taxonomy":"post_tag","embeddable":true,"href":"https:\/\/ovelanalista.com\/index.php?rest_route=%2Fwp%2Fv2%2Ftags&post=4612"}],"curies":[{"name":"wp","href":"https:\/\/api.w.org\/{rel}","templated":true}]}}