{"id":4616,"date":"2021-10-07T17:30:16","date_gmt":"2021-10-07T23:30:16","guid":{"rendered":"https:\/\/ovelanalista.com\/?p=4616"},"modified":"2021-10-07T16:55:50","modified_gmt":"2021-10-07T22:55:50","slug":"dos-integrantes-mas-de-conacyt-se-reservan-derecho-a-declarar-por-supuesto-desvio-de-244-mdp","status":"publish","type":"post","link":"https:\/\/ovelanalista.com\/?p=4616","title":{"rendered":"Dos integrantes m\u00e1s de Conacyt se reservan derecho a declarar por supuesto desv\u00edo de 244 mdp"},"content":{"rendered":"<p>La exsecretaria t\u00e9cnica del Foro Consultivo de Ciencia y Tecnolog\u00eda FCCyT) del Consejo Nacional de Ciencia y Tecnolog\u00eda<strong><a tabindex=\"0\" href=\"https:\/\/www.excelsior.com.mx\/nacional\/integrante-de-conacyt-se-reserva-derecho-a-declarar-por-supuesto-desvio-de-244-mdp\/1475561\" target=\"_blank\" rel=\"noopener\" data-id=\"104\" data-m=\"{&quot;i&quot;:104,&quot;p&quot;:102,&quot;n&quot;:&quot;partnerLink&quot;,&quot;y&quot;:24,&quot;o&quot;:2}\">(Conacyt),<\/a><\/strong>\u00a0Julia Tag\u00fce\u00f1a Parga, y el excoordinador general, Jos\u00e9 de Jes\u00fas Franco L\u00f3pez, se reservaron su derecho a declarar en torno a la investigaci\u00f3n que realiza la Fiscal\u00eda Especializada en Materia de Delincuencia Organizada (FEMDO) por el presunto desv\u00edo de 244 millones de pesos.<\/p>\n<p>A la salida de las instalaciones de la Fiscal\u00eda, los investigadores, por separado, aseguraron que llegaron a la FEMDO para conocer los delitos por los que son acusados en la carpeta de investigaci\u00f3n FED\/FEMDO\/UEIORPIFAM-CDMX\/0000222\/2021.<\/p>\n<p>Julia Tag\u00fce\u00f1a Parga, exsecretaria t\u00e9cnica FCCyT, se\u00f1al\u00f3 que la cita que se tuvo con el Ministerio P\u00fablico Federal s\u00f3lo fue para conocer la averiguaci\u00f3n previa que consta de 10 tomos.<\/p>\n<p>&#8220;Pudimos ver el expediente arranca el proceso en este momento, nos prometieron que muy pronto lo van a digitalizar, porque ya no se usa papel y nos van a mandar la copia, apenas arranca el proceso, no les puedo contar realmente nada todav\u00eda, pero todo fue amable, vimos el expediente qu\u00e9 es bastante grande, lo tenemos que analizar con mucho cuidado&#8221;, dijo.<\/p>\n<p>Aprovech\u00f3 para agradecer a la sociedad el apoyo que se les est\u00e1 dando.<\/p>\n<p>&#8220;Para aprovechar a todos los sectores de la sociedad que nos han mostrado tanto apoyo y tanta solidaridad, tengan un poco de paciencia, el proceso apenas arranca, pero estamos muy agradecidos con el inter\u00e9s de la prensa&#8221;, coment\u00f3.<\/p>\n<p>Por su parte, Jos\u00e9 de Jes\u00fas Franco L\u00f3pez, excoordinador General del Foro Consultivo de Ciencia y Tecnolog\u00eda\u00a0 del Conacyt, asegur\u00f3 que us\u00f3 su derecho a no declarar; adem\u00e1s de que resalt\u00f3 su confianza en el poder judicial.<\/p>\n<p>&#8220;Creo que hay varios momentos en los cuales definitivamente nos ha dado confianza, la primera obviamente fue la determinaci\u00f3n de la Suprema Corte de Justicia de decir que el Foro Consultivo hab\u00eda obrado de forma legal, hab\u00eda recibido fondos de manera legal, lo cual pues, yo creo pone en claro esa parte, posteriormente el juez de control, cu\u00e1ndo se pide las \u00f3rdenes de aprehensi\u00f3n, pues las neg\u00f3, porque no vio que hubiera la raz\u00f3n penal para poder emitir eso, lo cual tambi\u00e9n nos dio much\u00edsima confianza&#8221;, dijo.<\/p>\n<p>Reiter\u00f3 que la cita con el Ministerio P\u00fablico solo fue para conoceros detalles de la averiguaci\u00f3n previa, incluso que fue una reuni\u00f3n amable.<\/p>\n<p>&#8220;La cita la pedimos nosotros, nosotros no ten\u00edamos ninguna idea de lo que conten\u00eda la carpeta, pedimos la cita y est\u00e1 cita, pues justamente para permitirnos ver la carpeta, la carpeta es extensa, entonces bueno le di una mirada pues somera y nos ha prometido qu\u00e9 en un tiempo razonable de acuerdo a la cantidad de trabajo que ellos tengan, nos van a dar una versi\u00f3n digitalizada del expediente con lo cual vamos a poder analizar y vamos a poder aportar todo lo que se requiera para aclarar lo que se tenga que aclarar&#8221;, se\u00f1al\u00f3.<\/p>\n<p>Reiter\u00f3 su confianza al Poder Judicial de la Federaci\u00f3n, por ello, no se han amparado ante una posible orden de aprehensi\u00f3n que tengan en su contra.<\/p>\n","protected":false},"excerpt":{"rendered":"<p>La exsecretaria t\u00e9cnica del Foro Consultivo de Ciencia y Tecnolog\u00eda FCCyT) del Consejo Nacional de Ciencia y Tecnolog\u00eda(Conacyt),\u00a0Julia Tag\u00fce\u00f1a Parga, y el excoordinador general, Jos\u00e9 de Jes\u00fas Franco L\u00f3pez, se reservaron su derecho a declarar en torno a la investigaci\u00f3n que realiza la Fiscal\u00eda Especializada en Materia de Delincuencia Organizada (FEMDO) por el presunto desv\u00edo de 244 millones de pesos. A la salida de las instalaciones de la Fiscal\u00eda, los investigadores, por separado, aseguraron que llegaron a la FEMDO para conocer los delitos por los que son acusados en la carpeta de investigaci\u00f3n FED\/FEMDO\/UEIORPIFAM-CDMX\/0000222\/2021. Julia Tag\u00fce\u00f1a Parga, exsecretaria t\u00e9cnica FCCyT, [&hellip;]<\/p>\n","protected":false},"author":3,"featured_media":4577,"comment_status":"open","ping_status":"open","sticky":false,"template":"","format":"standard","meta":{"_jetpack_newsletter_access":"","_jetpack_dont_email_post_to_subs":false,"_jetpack_newsletter_tier_id":0,"_jetpack_memberships_contains_paywalled_content":false,"_jetpack_feature_clip_id":0,"_jetpack_memberships_contains_paid_content":false,"footnotes":"","jetpack_publicize_message":"","jetpack_publicize_feature_enabled":true,"jetpack_social_post_already_shared":true,"jetpack_social_options":{"image_generator_settings":{"template":"highway","default_image_id":0,"font":"","enabled":false},"version":2},"jetpack_post_was_ever_published":false},"categories":[75,72],"tags":[],"class_list":["post-4616","post","type-post","status-publish","format-standard","has-post-thumbnail","hentry","category-nacional","category-portada","post--single"],"jetpack_publicize_connections":[],"jetpack_featured_media_url":"https:\/\/ovelanalista.com\/wp-content\/uploads\/2021\/10\/conacyt-1.jpeg","jetpack_sharing_enabled":true,"_links":{"self":[{"href":"https:\/\/ovelanalista.com\/index.php?rest_route=\/wp\/v2\/posts\/4616","targetHints":{"allow":["GET"]}}],"collection":[{"href":"https:\/\/ovelanalista.com\/index.php?rest_route=\/wp\/v2\/posts"}],"about":[{"href":"https:\/\/ovelanalista.com\/index.php?rest_route=\/wp\/v2\/types\/post"}],"author":[{"embeddable":true,"href":"https:\/\/ovelanalista.com\/index.php?rest_route=\/wp\/v2\/users\/3"}],"replies":[{"embeddable":true,"href":"https:\/\/ovelanalista.com\/index.php?rest_route=%2Fwp%2Fv2%2Fcomments&post=4616"}],"version-history":[{"count":1,"href":"https:\/\/ovelanalista.com\/index.php?rest_route=\/wp\/v2\/posts\/4616\/revisions"}],"predecessor-version":[{"id":4617,"href":"https:\/\/ovelanalista.com\/index.php?rest_route=\/wp\/v2\/posts\/4616\/revisions\/4617"}],"wp:featuredmedia":[{"embeddable":true,"href":"https:\/\/ovelanalista.com\/index.php?rest_route=\/wp\/v2\/media\/4577"}],"wp:attachment":[{"href":"https:\/\/ovelanalista.com\/index.php?rest_route=%2Fwp%2Fv2%2Fmedia&parent=4616"}],"wp:term":[{"taxonomy":"category","embeddable":true,"href":"https:\/\/ovelanalista.com\/index.php?rest_route=%2Fwp%2Fv2%2Fcategories&post=4616"},{"taxonomy":"post_tag","embeddable":true,"href":"https:\/\/ovelanalista.com\/index.php?rest_route=%2Fwp%2Fv2%2Ftags&post=4616"}],"curies":[{"name":"wp","href":"https:\/\/api.w.org\/{rel}","templated":true}]}}