{"id":4629,"date":"2021-10-07T17:16:32","date_gmt":"2021-10-07T23:16:32","guid":{"rendered":"https:\/\/ovelanalista.com\/?p=4629"},"modified":"2021-10-07T17:16:44","modified_gmt":"2021-10-07T23:16:44","slug":"diputada-local-pide-a-cdmx-aclarar-uso-de-recursos-de-fonaden-durante-pandemia","status":"publish","type":"post","link":"https:\/\/ovelanalista.com\/?p=4629","title":{"rendered":"Diputada local pide a CdMx aclarar uso de recursos de Fonaden durante pandemia"},"content":{"rendered":"<p>La diputada de la Asociaci\u00f3n Parlamentaria Ciudadana,\u00a0<b>Daniela \u00c1lvarez,<\/b>\u00a0present\u00f3 un punto de acuerdo para que la\u00a0<b>Secretar\u00eda de Finanzas local,<\/b>\u00a0presente un detalle pormenorizado de los recursos del\u00a0<b>Fondo de Atenci\u00f3n a los Desastres Naturales (Fonaden)<\/b>\u00a0durante la pandemia por el covid-19 en la Ciudad de M\u00e9xico.<\/p>\n<p>Ante el pleno del Congreso capitalino, realiz\u00f3 el exhorto ante la\u00a0<b>duda sobre la utilizaci\u00f3n de fondos de dicho \u00f3rgano<\/b>, ya que asegur\u00f3 que adem\u00e1s de haber adquirido insumos como gel antibacterial, cubrebocas a sobreprecio, \u201cse encontr\u00f3 que la mayor\u00eda de los apoyos a la ciudadan\u00eda en materia de salubridad y econ\u00f3micos s\u00f3lo fueron una adaptaci\u00f3n de los existentes en distintos entes de gobierno como la Secretar\u00eda del Trabajo y Fomento al Empleo o Secretar\u00eda de Desarrollo Econ\u00f3mico\u201d.<\/p>\n<blockquote><p>&#8220;A ra\u00edz del inicio de la pandemia originada por el virus covid-19, el gobierno de la ciudad utiliz\u00f3 parte del fondo en actividades relacionadas a su combate; sin embargo, de manera sorpresiva\u00a0<b>no se utiliz\u00f3 la totalidad de los recursos del Fonaden<\/b>, sino que se prefiri\u00f3 reducir el presupuesto de otras dependencias y entidades, siendo las alcald\u00edas quienes resintieron el mayor impacto de la reducci\u00f3n presupuestal&#8221;, estableci\u00f3.<\/p><\/blockquote>\n<p>La diputada del PAN-PRI-PRD indic\u00f3 que ante ello, se vuelve necesario cuestionar al gobierno capitalino ante el manejo de la pandemia que deriv\u00f3 en un n\u00famero de fallecidos incluso mayor al de naciones enteras.<\/p>\n<blockquote><p>&#8220;Las\u00a0<b>pruebas covid-19<\/b>, mismas que fueron desde\u00f1adas y catalogadas como innecesarias por los funcionarios federales encargados de la salud, llegaron tarde y fue hasta 2021 cuando se hizo el primer cargo al Fonaden por 360 millones, para que estuvieran disponibles de la poblaci\u00f3n&#8221;, cuestion\u00f3.<\/p><\/blockquote>\n<p><b>\u00c1lvarez Camacho<\/b>\u00a0record\u00f3 que ni algunos esfuerzos como los m\u00e9dicos cubanos -con un cargo excesivo de 255 millones de pesos que se contrataron para hacer frente- fue suficiente para pagar el nivel de mortalidad del virus.<\/p>\n<blockquote><p>&#8220;El objetivo del punto de acuerdo no es juzgar las decisiones tomadas durante 2020 y 2021 para combatir la pandemia, sino reflexionar sobre lo que tenemos que hacer con el 2022, que ya est\u00e1 a la puerta.\u00a0<b>Es urgente reconocer que la pandemia afect\u00f3 de manera grave no solamente la salud de los capitalinos<\/b>, sino tambi\u00e9n su econom\u00eda, siendo la segunda ciudad m\u00e1s afectada por el desempleo, seg\u00fan cifras del Inegi, que en el segundo trimestre del presente registr\u00f3 un 7.1por ciento, solamente detr\u00e1s de Canc\u00fan con 8&#8243;, relat\u00f3.<\/p><\/blockquote>\n<p>Ante tal escenario, la diputada urgi\u00f3 a tomar medidas efectivas e inmediatas para apoyar a las personas que perdieron sus trabajos y los negocios a trav\u00e9s de los temas antes no utilizados del Fonaden.<\/p>\n<blockquote><p>&#8220;Es menester recuperar los empleos perdidos. Por tal motivo, exhortamos respetuosamente a la jefa de Gobierno,<b>\u00a0Claudia Sheinbaum<\/b>, no \u00fanicamente a conservar, sino a aumentar los recursos del Fonaden para el a\u00f1o 2022, y que durante el presente ejercicio fiscal, el saldo que actualmente se encuentra en las cuentas del fondo se destine con inmediatez a apoyar a los negocios y desempleados que nos ha dejado esta larga pandemia&#8221;, concluy\u00f3.<\/p><\/blockquote>\n<p>Con informaci\u00f3n de Milenio<\/p>\n","protected":false},"excerpt":{"rendered":"<p>La diputada de la Asociaci\u00f3n Parlamentaria Ciudadana,\u00a0Daniela \u00c1lvarez,\u00a0present\u00f3 un punto de acuerdo para que la\u00a0Secretar\u00eda de Finanzas local,\u00a0presente un detalle pormenorizado de los recursos del\u00a0Fondo de Atenci\u00f3n a los Desastres Naturales (Fonaden)\u00a0durante la pandemia por el covid-19 en la Ciudad de M\u00e9xico. Ante el pleno del Congreso capitalino, realiz\u00f3 el exhorto ante la\u00a0duda sobre la utilizaci\u00f3n de fondos de dicho \u00f3rgano, ya que asegur\u00f3 que adem\u00e1s de haber adquirido insumos como gel antibacterial, cubrebocas a sobreprecio, \u201cse encontr\u00f3 que la mayor\u00eda de los apoyos a la ciudadan\u00eda en materia de salubridad y econ\u00f3micos s\u00f3lo fueron una adaptaci\u00f3n de los existentes [&hellip;]<\/p>\n","protected":false},"author":3,"featured_media":4630,"comment_status":"open","ping_status":"open","sticky":false,"template":"","format":"standard","meta":{"_jetpack_newsletter_access":"","_jetpack_dont_email_post_to_subs":false,"_jetpack_newsletter_tier_id":0,"_jetpack_memberships_contains_paywalled_content":false,"_jetpack_feature_clip_id":0,"_jetpack_memberships_contains_paid_content":false,"footnotes":"","jetpack_publicize_message":"","jetpack_publicize_feature_enabled":true,"jetpack_social_post_already_shared":true,"jetpack_social_options":{"image_generator_settings":{"template":"highway","default_image_id":0,"font":"","enabled":false},"version":2},"jetpack_post_was_ever_published":false},"categories":[75,72],"tags":[],"class_list":["post-4629","post","type-post","status-publish","format-standard","has-post-thumbnail","hentry","category-nacional","category-portada","post--single"],"jetpack_publicize_connections":[],"jetpack_featured_media_url":"https:\/\/ovelanalista.com\/wp-content\/uploads\/2021\/10\/Daniela-Alvarez.jpeg","jetpack_sharing_enabled":true,"_links":{"self":[{"href":"https:\/\/ovelanalista.com\/index.php?rest_route=\/wp\/v2\/posts\/4629","targetHints":{"allow":["GET"]}}],"collection":[{"href":"https:\/\/ovelanalista.com\/index.php?rest_route=\/wp\/v2\/posts"}],"about":[{"href":"https:\/\/ovelanalista.com\/index.php?rest_route=\/wp\/v2\/types\/post"}],"author":[{"embeddable":true,"href":"https:\/\/ovelanalista.com\/index.php?rest_route=\/wp\/v2\/users\/3"}],"replies":[{"embeddable":true,"href":"https:\/\/ovelanalista.com\/index.php?rest_route=%2Fwp%2Fv2%2Fcomments&post=4629"}],"version-history":[{"count":2,"href":"https:\/\/ovelanalista.com\/index.php?rest_route=\/wp\/v2\/posts\/4629\/revisions"}],"predecessor-version":[{"id":4632,"href":"https:\/\/ovelanalista.com\/index.php?rest_route=\/wp\/v2\/posts\/4629\/revisions\/4632"}],"wp:featuredmedia":[{"embeddable":true,"href":"https:\/\/ovelanalista.com\/index.php?rest_route=\/wp\/v2\/media\/4630"}],"wp:attachment":[{"href":"https:\/\/ovelanalista.com\/index.php?rest_route=%2Fwp%2Fv2%2Fmedia&parent=4629"}],"wp:term":[{"taxonomy":"category","embeddable":true,"href":"https:\/\/ovelanalista.com\/index.php?rest_route=%2Fwp%2Fv2%2Fcategories&post=4629"},{"taxonomy":"post_tag","embeddable":true,"href":"https:\/\/ovelanalista.com\/index.php?rest_route=%2Fwp%2Fv2%2Ftags&post=4629"}],"curies":[{"name":"wp","href":"https:\/\/api.w.org\/{rel}","templated":true}]}}