{"id":4634,"date":"2021-10-07T20:45:54","date_gmt":"2021-10-08T02:45:54","guid":{"rendered":"https:\/\/ovelanalista.com\/?p=4634"},"modified":"2021-10-07T20:45:54","modified_gmt":"2021-10-08T02:45:54","slug":"agenda-politica-por-jorge-luis-telles","status":"publish","type":"post","link":"https:\/\/ovelanalista.com\/?p=4634","title":{"rendered":"Agenda Pol\u00edtica por: Jorge Luis Telles"},"content":{"rendered":"<p>Por: Jorge Luis Telles Salazar<\/p>\n<p>L\u00f3gico: 14 de las 27 comisiones<br \/>\nParlamentarias son de MoReNa;<br \/>\nEl PRI, encabeza Fiscalizaci\u00f3n<\/p>\n<p>= Delicada responsabilidad para Sergio Mario Arredondo<br \/>\n= Hacienda P\u00fablica, para el ex priista Jes\u00fas Ibarra<br \/>\n= Puntos Constitucionales, para Ambrocio Ch\u00e1vez Ch\u00e1vez<\/p>\n<p>La l\u00f3gica pol\u00edtica lo apuntaba y as\u00ed sucedi\u00f3: la fracci\u00f3n parlamentaria de MoReNa se posicion\u00f3 de 14 de las 27 comisiones de trabajo a operar a lo largo de la sexag\u00e9sima cuarta legislatura del Congreso del Estado; entre ellas, las m\u00e1s importantes, por supuesto.<br \/>\nDigamos que la de Puntos Constitucionales y Gobernaci\u00f3n, por ejemplo, que qued\u00f3 en manos de Ambrocio Ch\u00e1vez Ch\u00e1vez, un diputado debutante, que fue mencionado, incluso, como serio aspirante para la presidencia de la Junta de Coordinaci\u00f3n Pol\u00edtica, en meses pasados, por su cercan\u00eda con el gobernador electo Rub\u00e9n Rocha Moya. La JuCoPo, finalmente, fue para Feliciano Castro Melendrez.<br \/>\nO la de Hacienda P\u00fablica y Administraci\u00f3n, que se le asign\u00f3 a Jes\u00fas Ibarra, ya en su segundo periodo como diputado, aunque en el primero, hay que recordarlo, todav\u00eda defend\u00eda los colores del Partido Revolucionario Institucional. Un cercano a sus afectos funge como secretario particular de Mario Delgado, el mero l\u00edder nacional de MoReNa. Y eso lo explica todo.<br \/>\nO la de Planeaci\u00f3n y Desarrollo, para Ver\u00f3nica Guadalupe V\u00e1zquez o Educaci\u00f3n P\u00fablica y Cultura, para Flor Emilia Guerra.<br \/>\nEn fin.<br \/>\nLas presidencias de las 13 comisiones restantes se distribuyeron, a la postre, de la siguiente manera: 5 para el PRI, 5 para el PAS, una para el PAN, una para el PT y una m\u00e1s para el Movimiento Ciudadano. De a poquito si quiere usted; pero a todos les correspondi\u00f3 una rebanada del pastel.<br \/>\nY bueno, en el caso del Revolucionario Institucional, se logr\u00f3 rescatar una comisi\u00f3n relevante: la de Fiscalizaci\u00f3n, que se le asign\u00f3 a Sergio Mario Arredondo, quien todav\u00eda hace una semana dirig\u00eda el Colegio de Bachilleres del Estado de Sinaloa. Fiscalizaci\u00f3n es una de las posiciones estelares. Como su nombre lo dice es la que verifica el gasto de los entes p\u00fablicos y a lo largo de la legislatura pasada estuvo en poder de uno de los diputados m\u00e1s radicales del \u00e1rea radical de MoReNa: Marco Antonio Zazueta, a quien conformaron con la de Comunicaciones y Obras P\u00fablicas.<br \/>\nEn t\u00e9rminos generales le fue bien al PRI en el reparto de responsabilidades: Feliciano \u201cChanito\u201d Valle, desempe\u00f1ar\u00e1 la de Recursos Hidra\u00falicos; Cinthia Valenzuela Langarica -todav\u00eda la presidenta del Comit\u00e9 Directivo Estatal de este partido -, la de Ciencia y Tecnolog\u00eda; Luis Javier de la Rocha, la de Desarrollo Econ\u00f3mico y Deisy Judith Ayala, la de Asuntos Obreros.<br \/>\nPara el PAS: Salud y Asistencia, Viridiana Camacho Mill\u00e1n; Derechos Humanos, Rosario Guadalupe Soto; Comunidades y Asuntos Ind\u00edgenas, Mart\u00edn Vega Alvarez; Turismo, Luz Ver\u00f3nica Avil\u00e9s Roch\u00edn y Seguridad P\u00fablica: Mar\u00eda del Rosario Osuna.<br \/>\nUna puntualizaci\u00f3n: el Partido Sinaloense tiene la presidencia de la mesa directiva del Congreso estatal, para todo el primer a\u00f1o de la nueva legislatura.<br \/>\nA Acci\u00f3n Nacional le dieron solo una: Ecolog\u00eda, para Giovanna Moraschis.<br \/>\nOtra al PT: Juventud y Deporte, para Mar\u00eda Guadalupe C\u00e1zarez.<br \/>\nY una m\u00e1s a Movimiento Ciudadano: Bibliotecas y Cultura Parlamentaria, para Cecilia Jauregui Ibarra.<br \/>\nOtra aclaraci\u00f3n: los coordinadores de fracci\u00f3n no pueden presidir comisi\u00f3n alguna, toda vez que ya son due\u00f1os de una responsabilidad. Es el caso de Ricardo Madrid, del PRI; de Alba Virgen Montes, del PAS y de Adolfo Beltr\u00e1n Corrales, del PAN.<br \/>\nA final de cuentas, una sesi\u00f3n tranquila y cordial, a la que se lleg\u00f3 ya con todo planchado, como aqu\u00ed lo hab\u00edamos advertido.<br \/>\nY no pod\u00eda ser de otra manera, la verdad.<br \/>\nHasta ahora, tres sesiones despu\u00e9s de iniciada la legislatura 64, todo parece ser armon\u00eda, institucionalidad, \u00e1nimos y posicionamientos institucionales y coincidentes en el sentido de trabajar por el bienestar de Sinaloa, m\u00e1s all\u00e1 de posturas pol\u00edticas e ideol\u00f3gicas.<br \/>\nVeremos cu\u00e1nto dura este amor.<br \/>\n-0-<br \/>\nMini columna la de hoy: nos vamos ya. Cu\u00eddense mucho y Dios los bendiga. Ahora y siempre.<\/p>\n","protected":false},"excerpt":{"rendered":"<p>Por: Jorge Luis Telles Salazar L\u00f3gico: 14 de las 27 comisiones Parlamentarias son de MoReNa; El PRI, encabeza Fiscalizaci\u00f3n = Delicada responsabilidad para Sergio Mario Arredondo = Hacienda P\u00fablica, para el ex priista Jes\u00fas Ibarra = Puntos Constitucionales, para Ambrocio Ch\u00e1vez Ch\u00e1vez La l\u00f3gica pol\u00edtica lo apuntaba y as\u00ed sucedi\u00f3: la fracci\u00f3n parlamentaria de MoReNa se posicion\u00f3 de 14 de las 27 comisiones de trabajo a operar a lo largo de la sexag\u00e9sima cuarta legislatura del Congreso del Estado; entre ellas, las m\u00e1s importantes, por supuesto. Digamos que la de Puntos Constitucionales y Gobernaci\u00f3n, por ejemplo, que qued\u00f3 en manos [&hellip;]<\/p>\n","protected":false},"author":1,"featured_media":4331,"comment_status":"open","ping_status":"open","sticky":false,"template":"","format":"standard","meta":{"_jetpack_newsletter_access":"","_jetpack_dont_email_post_to_subs":false,"_jetpack_newsletter_tier_id":0,"_jetpack_memberships_contains_paywalled_content":false,"_jetpack_feature_clip_id":0,"_jetpack_memberships_contains_paid_content":false,"footnotes":"","jetpack_publicize_message":"","jetpack_publicize_feature_enabled":true,"jetpack_social_post_already_shared":true,"jetpack_social_options":{"image_generator_settings":{"template":"highway","default_image_id":0,"font":"","enabled":false},"version":2},"jetpack_post_was_ever_published":false},"categories":[79],"tags":[],"class_list":["post-4634","post","type-post","status-publish","format-standard","has-post-thumbnail","hentry","category-columnistas-nacionales","post--single"],"jetpack_publicize_connections":[],"jetpack_featured_media_url":"https:\/\/ovelanalista.com\/wp-content\/uploads\/2021\/10\/jorge-luis-talles.jpeg","jetpack_sharing_enabled":true,"_links":{"self":[{"href":"https:\/\/ovelanalista.com\/index.php?rest_route=\/wp\/v2\/posts\/4634","targetHints":{"allow":["GET"]}}],"collection":[{"href":"https:\/\/ovelanalista.com\/index.php?rest_route=\/wp\/v2\/posts"}],"about":[{"href":"https:\/\/ovelanalista.com\/index.php?rest_route=\/wp\/v2\/types\/post"}],"author":[{"embeddable":true,"href":"https:\/\/ovelanalista.com\/index.php?rest_route=\/wp\/v2\/users\/1"}],"replies":[{"embeddable":true,"href":"https:\/\/ovelanalista.com\/index.php?rest_route=%2Fwp%2Fv2%2Fcomments&post=4634"}],"version-history":[{"count":2,"href":"https:\/\/ovelanalista.com\/index.php?rest_route=\/wp\/v2\/posts\/4634\/revisions"}],"predecessor-version":[{"id":4636,"href":"https:\/\/ovelanalista.com\/index.php?rest_route=\/wp\/v2\/posts\/4634\/revisions\/4636"}],"wp:featuredmedia":[{"embeddable":true,"href":"https:\/\/ovelanalista.com\/index.php?rest_route=\/wp\/v2\/media\/4331"}],"wp:attachment":[{"href":"https:\/\/ovelanalista.com\/index.php?rest_route=%2Fwp%2Fv2%2Fmedia&parent=4634"}],"wp:term":[{"taxonomy":"category","embeddable":true,"href":"https:\/\/ovelanalista.com\/index.php?rest_route=%2Fwp%2Fv2%2Fcategories&post=4634"},{"taxonomy":"post_tag","embeddable":true,"href":"https:\/\/ovelanalista.com\/index.php?rest_route=%2Fwp%2Fv2%2Ftags&post=4634"}],"curies":[{"name":"wp","href":"https:\/\/api.w.org\/{rel}","templated":true}]}}