{"id":4648,"date":"2021-10-08T08:08:24","date_gmt":"2021-10-08T14:08:24","guid":{"rendered":"https:\/\/ovelanalista.com\/?p=4648"},"modified":"2021-10-08T08:08:24","modified_gmt":"2021-10-08T14:08:24","slug":"instituciones-de-educacion-superior-bajo-el-control-de-mafias-amlo","status":"publish","type":"post","link":"https:\/\/ovelanalista.com\/?p=4648","title":{"rendered":"Instituciones de educaci\u00f3n superior, bajo el control de mafias: AMLO"},"content":{"rendered":"<div class=\"social-links right\">\n<div class=\"separator\"><em style=\"font-size: 1.21429rem;\">Ciudad de M\u00e9xico<\/em><span style=\"font-size: 1.21429rem;\">\u00a0El presidente Andr\u00e9s Manuel L\u00f3pez Obrador lanz\u00f3 ayer dos fuertes cr\u00edticas a los directivos y acad\u00e9micos de las instituciones de educaci\u00f3n superior por recibir c\u00f3modamente su salario sin dar clases presenciales y, en el caso espec\u00edfico de la UNAM, por la prevalencia de grupos de poder que dominan la vida interna de la m\u00e1xima casa de estudios.<\/span><\/div>\n<\/div>\n<div class=\"article-main\">\n<div class=\"row\">\n<div id=\"article-content-tts\" class=\"article-content ljn-nota-contenido\">\n<div id=\"content_nitf\">\n<p>Si bien puntualiz\u00f3 que un movimiento de reforma, especialmente para transparentar el uso de recursos y avanzar en los procesos democr\u00e1ticos internos, debe surgir de las propias comunidades universitarias, mencion\u00f3 la existencia de mafias que dominan a esas instituciones p\u00fablicas.<\/p>\n<p>\u201cY que no haya privilegios arriba y tambi\u00e9n que no haya influyentismo, nepotismo, mafias, que son las que dominan para la asignaci\u00f3n de cargos acad\u00e9micos. Hay much\u00edsimos investigadores que quieren ascenso o aspiran a ser tomados en cuenta y no pasan porque existen estos grupos de poder en la UNAM, lamentablemente sucede, y en todos lados\u201d, sostuvo.<\/p>\n<p>En conferencia de prensa, el mandatario dej\u00f3 en claro que el gobierno federal no puede meterse en esos asuntos porque ser\u00eda violatorio de la autonom\u00eda universitaria, pero s\u00ed pueden hacerlo los alumnos y profesores, porque se dan casos de mafias \u2013\u201cno encontr\u00e9 otra palabra\u201d, dijo\u2013 que dominan las universidades p\u00fablicas.<\/p>\n<p>\u201cAs\u00ed como existen l\u00edderes\u00a0<em>charros<\/em>\u00a0\u2013ya cada vez menos\u2013 en los sindicatos, as\u00ed existen caciques que dominan en las universidades; ellos ponen a los rectores, es lo m\u00e1s antidemocr\u00e1tico que puede haber, y manejan el presupuesto a sus anchas en forma discrecional\u201d, se\u00f1al\u00f3.<\/p>\n<p>Reiter\u00f3 el caso de la Universidad de Guadalajara (UdeG) y el control del \u201cse\u00f1or Padilla, que no es el rector, pero es el que manda, para hablar en plata\u201d, y el de la UNAM, con el caso de los bajos salarios de los profesores de asignatura. En seguida aprovech\u00f3 la pregunta acerca de las universidades para alentar la vuelta a las aulas.<\/p>\n<p>\u201c\u00bfPor qu\u00e9 se demoran las universidades en el regreso a clases?\u201d, pregunt\u00f3, con \u00e9nfasis en las escuelas p\u00fablicas.<\/p>\n<p>\u201c\u00bfPor qu\u00e9 raz\u00f3n? \u00bfEst\u00e1 muy c\u00f3modo para quien est\u00e1 recibiendo su dinero y est\u00e1 en su casa y no corre ning\u00fan riesgo? \u00bfY nos vamos a acostumbrar a eso? Todo eso significa atraso\u201d, advirti\u00f3.<\/p>\n<p>Recalc\u00f3 que si ya se vacun\u00f3 a los maestros y ha quedado de manifiesto que no hay riesgos graves frente a la pandemia y la vuelta a la clases, no hay raz\u00f3n de que las instituciones de educaci\u00f3n superior sigan con clases a distancia, de ah\u00ed que hizo un llamado respetuoso a abrir las escuelas porque, adem\u00e1s, \u201ces t\u00f3xico, enajenante, estar sometido a los sistemas de Internet\u201d y su fil\u00f3n mercantilista.<\/p>\n<h2>Reuniones masivas<\/h2>\n<p>En otro tema, el mandatario subray\u00f3 que a partir de los festejos del 20 de noviembre se har\u00e1n \u201casambleas informativas amplias\u201d tanto en el Z\u00f3calo como en las entidades federativas, las cuales ser\u00e1n masivas \u201cpero cuidadosas\u201d.<\/p>\n<\/div>\n<\/div>\n<p>Con informaci\u00f3n de La Jornada<\/p>\n<\/div>\n<\/div>\n","protected":false},"excerpt":{"rendered":"<p>Ciudad de M\u00e9xico\u00a0El presidente Andr\u00e9s Manuel L\u00f3pez Obrador lanz\u00f3 ayer dos fuertes cr\u00edticas a los directivos y acad\u00e9micos de las instituciones de educaci\u00f3n superior por recibir c\u00f3modamente su salario sin dar clases presenciales y, en el caso espec\u00edfico de la UNAM, por la prevalencia de grupos de poder que dominan la vida interna de la m\u00e1xima casa de estudios. Si bien puntualiz\u00f3 que un movimiento de reforma, especialmente para transparentar el uso de recursos y avanzar en los procesos democr\u00e1ticos internos, debe surgir de las propias comunidades universitarias, mencion\u00f3 la existencia de mafias que dominan a esas instituciones p\u00fablicas. \u201cY [&hellip;]<\/p>\n","protected":false},"author":3,"featured_media":4649,"comment_status":"open","ping_status":"open","sticky":false,"template":"","format":"standard","meta":{"_jetpack_newsletter_access":"","_jetpack_dont_email_post_to_subs":false,"_jetpack_newsletter_tier_id":0,"_jetpack_memberships_contains_paywalled_content":false,"_jetpack_feature_clip_id":0,"_jetpack_memberships_contains_paid_content":false,"footnotes":"","jetpack_publicize_message":"","jetpack_publicize_feature_enabled":true,"jetpack_social_post_already_shared":true,"jetpack_social_options":{"image_generator_settings":{"template":"highway","default_image_id":0,"font":"","enabled":false},"version":2},"jetpack_post_was_ever_published":false},"categories":[75,72],"tags":[],"class_list":["post-4648","post","type-post","status-publish","format-standard","has-post-thumbnail","hentry","category-nacional","category-portada","post--single"],"jetpack_publicize_connections":[],"jetpack_featured_media_url":"https:\/\/ovelanalista.com\/wp-content\/uploads\/2021\/10\/unam.jpeg","jetpack_sharing_enabled":true,"_links":{"self":[{"href":"https:\/\/ovelanalista.com\/index.php?rest_route=\/wp\/v2\/posts\/4648","targetHints":{"allow":["GET"]}}],"collection":[{"href":"https:\/\/ovelanalista.com\/index.php?rest_route=\/wp\/v2\/posts"}],"about":[{"href":"https:\/\/ovelanalista.com\/index.php?rest_route=\/wp\/v2\/types\/post"}],"author":[{"embeddable":true,"href":"https:\/\/ovelanalista.com\/index.php?rest_route=\/wp\/v2\/users\/3"}],"replies":[{"embeddable":true,"href":"https:\/\/ovelanalista.com\/index.php?rest_route=%2Fwp%2Fv2%2Fcomments&post=4648"}],"version-history":[{"count":1,"href":"https:\/\/ovelanalista.com\/index.php?rest_route=\/wp\/v2\/posts\/4648\/revisions"}],"predecessor-version":[{"id":4650,"href":"https:\/\/ovelanalista.com\/index.php?rest_route=\/wp\/v2\/posts\/4648\/revisions\/4650"}],"wp:featuredmedia":[{"embeddable":true,"href":"https:\/\/ovelanalista.com\/index.php?rest_route=\/wp\/v2\/media\/4649"}],"wp:attachment":[{"href":"https:\/\/ovelanalista.com\/index.php?rest_route=%2Fwp%2Fv2%2Fmedia&parent=4648"}],"wp:term":[{"taxonomy":"category","embeddable":true,"href":"https:\/\/ovelanalista.com\/index.php?rest_route=%2Fwp%2Fv2%2Fcategories&post=4648"},{"taxonomy":"post_tag","embeddable":true,"href":"https:\/\/ovelanalista.com\/index.php?rest_route=%2Fwp%2Fv2%2Ftags&post=4648"}],"curies":[{"name":"wp","href":"https:\/\/api.w.org\/{rel}","templated":true}]}}