{"id":4947,"date":"2021-10-11T12:45:03","date_gmt":"2021-10-11T18:45:03","guid":{"rendered":"https:\/\/ovelanalista.com\/?p=4947"},"modified":"2021-10-11T11:49:25","modified_gmt":"2021-10-11T17:49:25","slug":"a-los-legisladores-ya-los-amenazo-acusa-anaya-a-amlo-sobre-reforma-electrica","status":"publish","type":"post","link":"https:\/\/ovelanalista.com\/?p=4947","title":{"rendered":"&#8220;A los legisladores ya los amenaz\u00f3&#8221;, acusa Anaya a AMLO sobre reforma el\u00e9ctrica"},"content":{"rendered":"<p>El excandidato presidencial Ricardo Anaya Cort\u00e9s public\u00f3 este lunes un nuevo video en el que critica la nueva reforma el\u00e9ctrica, por la cual, afirm\u00f3, los legisladores est\u00e1n siendo amenazados por parte del Ejecutivo federal. &#8216;A los legisladores ya los amenaz\u00f3. Yo hoy les pido a las legisladores y los legisladores que no se dejen intimidar, y lo digo por experiencia; este gobierno persigue a quienes pensamos distinto&#8217;, dijo el panista en su video.<\/p>\n<p>Anaya refiri\u00f3 que como el presidente Andr\u00e9s Manuel L\u00f3pez Obrador no tiene argumentos para defender la nueva reforma el\u00e9ctrica, est\u00e1 usando otra estrategia. &#8216;A ti te trata de convencer con promesas y a los diputados con amenazas&#8217;, insisti\u00f3. El pol\u00edtico plante\u00f3 que en la propuesta de reforma el\u00e9ctrica hay dos visiones: los monopolios, con energ\u00eda sucia, cara e insuficiente; o la competencia, con energ\u00eda limpia, econ\u00f3mica y suficiente. &#8216;L\u00f3pez Obrador quiere un monopolio en electricidad; nosotros creemos en la competencia (&#8230;) Antes, en los pa\u00edses comunistas, el gobierno ten\u00eda el monopolio en todo, hasta en los coches; cuando cay\u00f3 el comunismo y hubo competencia entraron todas las marcas de coches&#8217;, plante\u00f3. Ricardo Anaya expuso que al haber competencia el precio de los veh\u00edculos baj\u00f3, y estos eran de mejor calidad que los que fabricaba el Estado comunista. En este sentido, indic\u00f3 que lo que se busca en la actualidad en M\u00e9xico es que la Comisi\u00f3n Federal de Electricidad (CFE) genere, como &#8216;monopolio del gobierno&#8217;, electricidad a costa del medio ambiente. &#8216;La CFE genera mucha electricidad quemando combust\u00f3leo (&#8230;) contaminando el aire que respiran tus hijos. Nosotros queremos que se usen los rayos del sol y la fuerza del viento por dos razones: es m\u00e1s barato y no contamina\u201d, declar\u00f3.<\/p>\n<p>El excandidato presidencial afirm\u00f3 que el mandatario federal no quiere que la CFE compita porque producir la luz que gasta una casa promedio en M\u00e9xico le cuesta a la comisi\u00f3n 142 pesos. En cambio, dijo, hay empresas que producen esa misma electricidad, con paneles solares, por 40 pesos y sin contaminar. &#8216;\u00bfC\u00f3mo va a bajar (el precio de la luz) si la electricidad que produce la CFE no solo es m\u00e1s sucia, sino m\u00e1s cara? Lo mismo dijo (AMLO) sobre el precio de la gasolina, y result\u00f3 mentira&#8217;, agreg\u00f3. La propuesta de reforma el\u00e9ctrica fue turnada a las comisiones de Energ\u00eda y de Puntos Constitucionales de la C\u00e1mara de Diputados, que posiblemente inicien el an\u00e1lisis la pr\u00f3xima semana. La iniciativa del presidente L\u00f3pez Obrador es el instrumento final para regresar al centro del mercado a la estatal CFE, que actualmente dirige Manuel Bartlett, para que deje de competir en el mercado como una compa\u00f1\u00eda m\u00e1s y siendo la \u00fanica abastecedora de electricidad.<\/p>\n<p>&nbsp;<\/p>\n<p>&nbsp;<\/p>\n<p>Con informaci\u00f3n de EXP<\/p>\n","protected":false},"excerpt":{"rendered":"<p>El excandidato presidencial Ricardo Anaya Cort\u00e9s public\u00f3 este lunes un nuevo video en el que critica la nueva reforma el\u00e9ctrica, por la cual, afirm\u00f3, los legisladores est\u00e1n siendo amenazados por parte del Ejecutivo federal. &#8216;A los legisladores ya los amenaz\u00f3. Yo hoy les pido a las legisladores y los legisladores que no se dejen intimidar, y lo digo por experiencia; este gobierno persigue a quienes pensamos distinto&#8217;, dijo el panista en su video. Anaya refiri\u00f3 que como el presidente Andr\u00e9s Manuel L\u00f3pez Obrador no tiene argumentos para defender la nueva reforma el\u00e9ctrica, est\u00e1 usando otra estrategia. &#8216;A ti te trata [&hellip;]<\/p>\n","protected":false},"author":3,"featured_media":3711,"comment_status":"open","ping_status":"open","sticky":false,"template":"","format":"standard","meta":{"_jetpack_newsletter_access":"","_jetpack_dont_email_post_to_subs":false,"_jetpack_newsletter_tier_id":0,"_jetpack_memberships_contains_paywalled_content":false,"_jetpack_feature_clip_id":0,"_jetpack_memberships_contains_paid_content":false,"footnotes":"","jetpack_publicize_message":"","jetpack_publicize_feature_enabled":true,"jetpack_social_post_already_shared":true,"jetpack_social_options":{"image_generator_settings":{"template":"highway","default_image_id":0,"font":"","enabled":false},"version":2},"jetpack_post_was_ever_published":false},"categories":[75,72],"tags":[],"class_list":["post-4947","post","type-post","status-publish","format-standard","has-post-thumbnail","hentry","category-nacional","category-portada","post--single"],"jetpack_publicize_connections":[],"jetpack_featured_media_url":"https:\/\/ovelanalista.com\/wp-content\/uploads\/2021\/09\/Anaya.jpg","jetpack_sharing_enabled":true,"_links":{"self":[{"href":"https:\/\/ovelanalista.com\/index.php?rest_route=\/wp\/v2\/posts\/4947","targetHints":{"allow":["GET"]}}],"collection":[{"href":"https:\/\/ovelanalista.com\/index.php?rest_route=\/wp\/v2\/posts"}],"about":[{"href":"https:\/\/ovelanalista.com\/index.php?rest_route=\/wp\/v2\/types\/post"}],"author":[{"embeddable":true,"href":"https:\/\/ovelanalista.com\/index.php?rest_route=\/wp\/v2\/users\/3"}],"replies":[{"embeddable":true,"href":"https:\/\/ovelanalista.com\/index.php?rest_route=%2Fwp%2Fv2%2Fcomments&post=4947"}],"version-history":[{"count":1,"href":"https:\/\/ovelanalista.com\/index.php?rest_route=\/wp\/v2\/posts\/4947\/revisions"}],"predecessor-version":[{"id":4948,"href":"https:\/\/ovelanalista.com\/index.php?rest_route=\/wp\/v2\/posts\/4947\/revisions\/4948"}],"wp:featuredmedia":[{"embeddable":true,"href":"https:\/\/ovelanalista.com\/index.php?rest_route=\/wp\/v2\/media\/3711"}],"wp:attachment":[{"href":"https:\/\/ovelanalista.com\/index.php?rest_route=%2Fwp%2Fv2%2Fmedia&parent=4947"}],"wp:term":[{"taxonomy":"category","embeddable":true,"href":"https:\/\/ovelanalista.com\/index.php?rest_route=%2Fwp%2Fv2%2Fcategories&post=4947"},{"taxonomy":"post_tag","embeddable":true,"href":"https:\/\/ovelanalista.com\/index.php?rest_route=%2Fwp%2Fv2%2Ftags&post=4947"}],"curies":[{"name":"wp","href":"https:\/\/api.w.org\/{rel}","templated":true}]}}