{"id":52918,"date":"2022-09-13T11:22:08","date_gmt":"2022-09-13T17:22:08","guid":{"rendered":"https:\/\/ovelanalista.com\/?p=52918"},"modified":"2022-09-13T11:22:08","modified_gmt":"2022-09-13T17:22:08","slug":"investigan-muerte-a-golpes-del-nino-alexander-en-los-mochis","status":"publish","type":"post","link":"https:\/\/ovelanalista.com\/?p=52918","title":{"rendered":"Investigan muerte a golpes del ni\u00f1o Alexander en los Mochis"},"content":{"rendered":"<p>Investigan muerte a golpes del ni\u00f1o Alexander en los Mochis La Fiscal\u00eda General del Estado abri\u00f3 una carpeta de investigaci\u00f3n por la<strong>\u00a0muerte del peque\u00f1o ni\u00f1o Alexander \u201cN\u201d<\/strong>, de un a\u00f1o seis meses el cual fue ingresado a la cl\u00ednica 49 del Instituto Mexicano del Seguro Social, de la ciudad de los Mochis,\u00a0<strong>con severas huellas de golpes.\u00a0<\/strong><\/p>\n<p data-t=\"{&quot;n&quot;:&quot;blueLinks&quot;}\">Seg\u00fan el reporte, la persona que lo llev\u00f3 al nosocomio para que recibiera atenci\u00f3n M\u00e9dica, Juan Carlos \u201cN\u201d, de 27 a\u00f1os de edad,<strong><a tabindex=\"0\" href=\"https:\/\/www.eluniversal.com.mx\/tag\/maltrato-infantil\" target=\"_blank\" rel=\"noopener\" data-t=\"{&quot;n&quot;:&quot;destination&quot;,&quot;t&quot;:13,&quot;b&quot;:1,&quot;c.t&quot;:7}\">\u00a0esgrimi\u00f3 que se hab\u00eda ca\u00eddo<\/a><\/strong>, tuvo que ser detenido por la Polic\u00eda Municipal, puesto que al conocer que el ni\u00f1o muri\u00f3, este se enfrasc\u00f3 en una discusi\u00f3n con otras personas, entre ellas la madre del menor.<\/p>\n<div class=\"article-clear-div\"><\/div>\n<p data-t=\"{&quot;n&quot;:&quot;blueLinks&quot;}\">Elementos de la Unidad de Reacci\u00f3n de G\u00e9nero, lo detuvo, junto con dos personas m\u00e1s que participaron en el conato de violencia y gritos, en la rampa del Servicio de Urgencias de la cl\u00ednica del Seguro Social.<\/p>\n<p data-t=\"{&quot;n&quot;:&quot;blueLinks&quot;}\">Juan Carlos \u201cN\u201d, permanece en barandilla por faltas administrativas, por lo que las autoridades judiciales investigan la relaci\u00f3n de este joven con la madre del ni\u00f1o fallecido, ante la presunci\u00f3n de que es responsable de los golpes que presentaba en todo su cuerpo.<\/p>\n<p class=\"continue-read-break\" data-t=\"{&quot;n&quot;:&quot;blueLinks&quot;}\">Las autoridades judiciales, como parte de las investigaciones, iniciaron la necropsia del ni\u00f1o para determinar las causas de los m\u00faltiples golpes que presentaba y por los que perdi\u00f3 la vida.<\/p>\n<p data-t=\"{&quot;n&quot;:&quot;blueLinks&quot;}\">\n<p data-t=\"{&quot;n&quot;:&quot;blueLinks&quot;}\">Con informaci\u00f3n de El Universal<\/p>\n","protected":false},"excerpt":{"rendered":"<p>Investigan muerte a golpes del ni\u00f1o Alexander en los Mochis La Fiscal\u00eda General del Estado abri\u00f3 una carpeta de investigaci\u00f3n por la\u00a0muerte del peque\u00f1o ni\u00f1o Alexander \u201cN\u201d, de un a\u00f1o seis meses el cual fue ingresado a la cl\u00ednica 49 del Instituto Mexicano del Seguro Social, de la ciudad de los Mochis,\u00a0con severas huellas de golpes.\u00a0 Seg\u00fan el reporte, la persona que lo llev\u00f3 al nosocomio para que recibiera atenci\u00f3n M\u00e9dica, Juan Carlos \u201cN\u201d, de 27 a\u00f1os de edad,\u00a0esgrimi\u00f3 que se hab\u00eda ca\u00eddo, tuvo que ser detenido por la Polic\u00eda Municipal, puesto que al conocer que el ni\u00f1o muri\u00f3, este [&hellip;]<\/p>\n","protected":false},"author":3,"featured_media":52919,"comment_status":"open","ping_status":"open","sticky":false,"template":"","format":"standard","meta":{"_jetpack_newsletter_access":"","_jetpack_dont_email_post_to_subs":false,"_jetpack_newsletter_tier_id":0,"_jetpack_memberships_contains_paywalled_content":false,"_jetpack_feature_clip_id":0,"_jetpack_memberships_contains_paid_content":false,"footnotes":"","jetpack_publicize_message":"","jetpack_publicize_feature_enabled":true,"jetpack_social_post_already_shared":true,"jetpack_social_options":{"image_generator_settings":{"template":"highway","default_image_id":0,"font":"","enabled":false},"version":2},"jetpack_post_was_ever_published":false},"categories":[72,85],"tags":[],"class_list":["post-52918","post","type-post","status-publish","format-standard","has-post-thumbnail","hentry","category-portada","category-sinaloa-norte","post--single"],"jetpack_publicize_connections":[],"jetpack_featured_media_url":"https:\/\/ovelanalista.com\/wp-content\/uploads\/2022\/09\/Alexander.jpeg","jetpack_sharing_enabled":true,"_links":{"self":[{"href":"https:\/\/ovelanalista.com\/index.php?rest_route=\/wp\/v2\/posts\/52918","targetHints":{"allow":["GET"]}}],"collection":[{"href":"https:\/\/ovelanalista.com\/index.php?rest_route=\/wp\/v2\/posts"}],"about":[{"href":"https:\/\/ovelanalista.com\/index.php?rest_route=\/wp\/v2\/types\/post"}],"author":[{"embeddable":true,"href":"https:\/\/ovelanalista.com\/index.php?rest_route=\/wp\/v2\/users\/3"}],"replies":[{"embeddable":true,"href":"https:\/\/ovelanalista.com\/index.php?rest_route=%2Fwp%2Fv2%2Fcomments&post=52918"}],"version-history":[{"count":1,"href":"https:\/\/ovelanalista.com\/index.php?rest_route=\/wp\/v2\/posts\/52918\/revisions"}],"predecessor-version":[{"id":52920,"href":"https:\/\/ovelanalista.com\/index.php?rest_route=\/wp\/v2\/posts\/52918\/revisions\/52920"}],"wp:featuredmedia":[{"embeddable":true,"href":"https:\/\/ovelanalista.com\/index.php?rest_route=\/wp\/v2\/media\/52919"}],"wp:attachment":[{"href":"https:\/\/ovelanalista.com\/index.php?rest_route=%2Fwp%2Fv2%2Fmedia&parent=52918"}],"wp:term":[{"taxonomy":"category","embeddable":true,"href":"https:\/\/ovelanalista.com\/index.php?rest_route=%2Fwp%2Fv2%2Fcategories&post=52918"},{"taxonomy":"post_tag","embeddable":true,"href":"https:\/\/ovelanalista.com\/index.php?rest_route=%2Fwp%2Fv2%2Ftags&post=52918"}],"curies":[{"name":"wp","href":"https:\/\/api.w.org\/{rel}","templated":true}]}}