{"id":52929,"date":"2022-09-13T11:51:04","date_gmt":"2022-09-13T17:51:04","guid":{"rendered":"https:\/\/ovelanalista.com\/?p=52929"},"modified":"2022-09-13T11:51:04","modified_gmt":"2022-09-13T17:51:04","slug":"autoridades-conmemoran-el-175-aniversario-del-sacrificio-de-los-ninos-heroes-de-chapultepec","status":"publish","type":"post","link":"https:\/\/ovelanalista.com\/?p=52929","title":{"rendered":"Autoridades conmemoran el 175 Aniversario del sacrificio de los ni\u00f1os h\u00e9roes de Chapultepec"},"content":{"rendered":"<p><span style=\"font-size: 1.1429rem;\">Culiac\u00e1n, Sinaloa, 13 de septiembre del 2022.- Autoridades civiles y militares conmemoraron el aniversario luctuoso n\u00famero 175 de los ni\u00f1os h\u00e9roes de Chapultepec con un izamiento de bandera a media asta y con Honores de Ordenanza en la plaza c\u00edvica de Palacio de Gobierno.<\/span><\/p>\n<p>En representaci\u00f3n del gobernador Rub\u00e9n Rocha Moya, Javier Gaxiola Coppel, secretario de Econom\u00eda encabez\u00f3 este acto conmemorativo, acompa\u00f1ado del diputado Gene Ren\u00e9 Boj\u00f3rquez Ruiz, presidente de la Mesa Directiva del H. Congreso del Estado, el magistrado Jes\u00fas Iv\u00e1n Ch\u00e1vez Rangel, presidente del Supremo Tribunal de Justicia, la s\u00edndica procuradora del H. Ayuntamiento de Culiac\u00e1n, Mar\u00eda del Rosario Vald\u00e9s P\u00e1ez y el Comisario Ramiro Ram\u00edrez L\u00f3pez, Coordinador Estatal de la Guardia Nacional en la 9\/a Zona Militar.<\/p>\n<p>Los Ni\u00f1os H\u00e9roes resguardaron el Castillo de Chapultepec, lugar en el que murieron enfrentando al ej\u00e9rcito estadounidense, estos fueron el subteniente Juan de la Barrera y los cadetes Agust\u00edn Melgar, Francisco M\u00e1rquez, Fernando Montes de Oca, Vicente Su\u00e1rez y Juan Escutia.<\/p>\n","protected":false},"excerpt":{"rendered":"<p>Culiac\u00e1n, Sinaloa, 13 de septiembre del 2022.- Autoridades civiles y militares conmemoraron el aniversario luctuoso n\u00famero 175 de los ni\u00f1os h\u00e9roes de Chapultepec con un izamiento de bandera a media asta y con Honores de Ordenanza en la plaza c\u00edvica de Palacio de Gobierno. En representaci\u00f3n del gobernador Rub\u00e9n Rocha Moya, Javier Gaxiola Coppel, secretario de Econom\u00eda encabez\u00f3 este acto conmemorativo, acompa\u00f1ado del diputado Gene Ren\u00e9 Boj\u00f3rquez Ruiz, presidente de la Mesa Directiva del H. Congreso del Estado, el magistrado Jes\u00fas Iv\u00e1n Ch\u00e1vez Rangel, presidente del Supremo Tribunal de Justicia, la s\u00edndica procuradora del H. Ayuntamiento de Culiac\u00e1n, Mar\u00eda del [&hellip;]<\/p>\n","protected":false},"author":3,"featured_media":52936,"comment_status":"open","ping_status":"open","sticky":false,"template":"","format":"gallery","meta":{"_jetpack_newsletter_access":"","_jetpack_dont_email_post_to_subs":false,"_jetpack_newsletter_tier_id":0,"_jetpack_memberships_contains_paywalled_content":false,"_jetpack_feature_clip_id":0,"_jetpack_memberships_contains_paid_content":false,"footnotes":"","jetpack_publicize_message":"","jetpack_publicize_feature_enabled":true,"jetpack_social_post_already_shared":true,"jetpack_social_options":{"image_generator_settings":{"template":"highway","default_image_id":0,"font":"","enabled":false},"version":2},"jetpack_post_was_ever_published":false},"categories":[90,72],"tags":[],"class_list":["post-52929","post","type-post","status-publish","format-gallery","has-post-thumbnail","hentry","category-estatal","category-portada","post_format-post-format-gallery","post--single"],"jetpack_publicize_connections":[],"jetpack_featured_media_url":"https:\/\/ovelanalista.com\/wp-content\/uploads\/2022\/09\/IMG-20220913-WA0009.jpg","jetpack_sharing_enabled":true,"_links":{"self":[{"href":"https:\/\/ovelanalista.com\/index.php?rest_route=\/wp\/v2\/posts\/52929","targetHints":{"allow":["GET"]}}],"collection":[{"href":"https:\/\/ovelanalista.com\/index.php?rest_route=\/wp\/v2\/posts"}],"about":[{"href":"https:\/\/ovelanalista.com\/index.php?rest_route=\/wp\/v2\/types\/post"}],"author":[{"embeddable":true,"href":"https:\/\/ovelanalista.com\/index.php?rest_route=\/wp\/v2\/users\/3"}],"replies":[{"embeddable":true,"href":"https:\/\/ovelanalista.com\/index.php?rest_route=%2Fwp%2Fv2%2Fcomments&post=52929"}],"version-history":[{"count":1,"href":"https:\/\/ovelanalista.com\/index.php?rest_route=\/wp\/v2\/posts\/52929\/revisions"}],"predecessor-version":[{"id":52944,"href":"https:\/\/ovelanalista.com\/index.php?rest_route=\/wp\/v2\/posts\/52929\/revisions\/52944"}],"wp:featuredmedia":[{"embeddable":true,"href":"https:\/\/ovelanalista.com\/index.php?rest_route=\/wp\/v2\/media\/52936"}],"wp:attachment":[{"href":"https:\/\/ovelanalista.com\/index.php?rest_route=%2Fwp%2Fv2%2Fmedia&parent=52929"}],"wp:term":[{"taxonomy":"category","embeddable":true,"href":"https:\/\/ovelanalista.com\/index.php?rest_route=%2Fwp%2Fv2%2Fcategories&post=52929"},{"taxonomy":"post_tag","embeddable":true,"href":"https:\/\/ovelanalista.com\/index.php?rest_route=%2Fwp%2Fv2%2Ftags&post=52929"}],"curies":[{"name":"wp","href":"https:\/\/api.w.org\/{rel}","templated":true}]}}