{"id":53884,"date":"2022-09-19T18:50:04","date_gmt":"2022-09-20T00:50:04","guid":{"rendered":"https:\/\/ovelanalista.com\/?p=53884"},"modified":"2022-09-19T17:25:37","modified_gmt":"2022-09-19T23:25:37","slug":"sismo-19-s-estos-son-los-estados-que-se-reportaron-sin-danos","status":"publish","type":"post","link":"https:\/\/ovelanalista.com\/?p=53884","title":{"rendered":"Sismo 19-S | Estos son los estados que se reportaron sin da\u00f1os"},"content":{"rendered":"<p data-t=\"{&quot;n&quot;:&quot;blueLinks&quot;}\"><strong>Michoac\u00e1n, Guerrero, Guanajuato y Morelos,\u00a0<\/strong>entre otros, informaron que al momento\u00a0<strong>no se han reportado da\u00f1os<\/strong>\u00a0en sus entidades tras el sismo que se report\u00f3 en Michoac\u00e1n.<\/p>\n<div class=\"article-image-container\" data-t=\"{&quot;n&quot;:&quot;OpenModal&quot;,&quot;t&quot;:13}\">\n<p data-t=\"{&quot;n&quot;:&quot;blueLinks&quot;}\">Tras el terremoto, que tuvo una\u00a0<strong>magnitud de 7.4 y cuyo epicentro se encontr\u00f3 en Michoac\u00e1n<\/strong>, el Sistema Mexicano de Alerta S\u00edsmica (SASMEX) activ\u00f3 la alerta en la<strong>\u00a0Ciudad de M\u00e9xico, Chilpancingo, Acapulco, Oaxaca, Morelia, Puebla, Morelos.<\/strong><\/p>\n<p data-t=\"{&quot;n&quot;:&quot;blueLinks&quot;}\">Debido a ello, el gobierno de Michoac\u00e1n inform\u00f3 que activ\u00f3 los protocolos de emergencia y exhort\u00f3 a la poblaci\u00f3n a mantenerse alerta y mantener la calma.<\/p>\n<p data-t=\"{&quot;n&quot;:&quot;blueLinks&quot;}\">La Coordinaci\u00f3n Estatal de Protecci\u00f3n Civil detall\u00f3 que se encuentra<strong>\u00a0realizando evaluaci\u00f3n de afectaciones.<\/strong><\/p>\n<\/div>\n<blockquote class=\"twitter-tweet\" data-width=\"550\" data-dnt=\"true\">\n<p lang=\"es\" dir=\"ltr\">Realizamos recorridos en todo el estado luego del Sismo 7.4 con epicentro a 74 km de Coalcom\u00e1n. Nos encontramos realizando la evaluaci\u00f3n de afectaciones. Reiteramos el n\u00famero de emergencias 9-1-1 a fin de atender cualquier suceso.<\/p>\n<p>&mdash; Protecci\u00f3n Civil Michoac\u00e1n (@pcmichoacan) <a href=\"https:\/\/twitter.com\/pcmichoacan\/status\/1571934177745854466?ref_src=twsrc%5Etfw\">September 19, 2022<\/a><\/p><\/blockquote>\n<p><script async src=\"https:\/\/platform.twitter.com\/widgets.js\" charset=\"utf-8\"><\/script><\/p>\n<p data-t=\"{&quot;n&quot;:&quot;blueLinks&quot;}\">El Gobernador del Estado,<strong>\u00a0Alfredo Ram\u00edrez Bedolla<\/strong>, anunci\u00f3 que elementos de Protecci\u00f3n Civil estatal y de la Guardia Civil partieron rumbo al municipio de\u00a0<strong>Coalcom\u00e1n<\/strong>\u00a0para que revisen si hay da\u00f1os.<\/p>\n<p data-t=\"{&quot;n&quot;:&quot;blueLinks&quot;}\">Posteriormente, la\u00a0<strong>Guardia Nacional<\/strong>\u00a0anunci\u00f3 el inicio de recorridos en los estados donde el impacto del sismo fue mayor, por lo que fue necesario desalojar diversos edificios p\u00fablicos.<\/p>\n<p data-t=\"{&quot;n&quot;:&quot;blueLinks&quot;}\">El presidente Andr\u00e9s Manuel L\u00f3pez Obrador inform\u00f3 que\u00a0<strong>solo hay reporte de da\u00f1os materiales en Coalcom\u00e1n\u00a0y en zonas cercanas.<\/strong><\/p>\n<p data-t=\"{&quot;n&quot;:&quot;blueLinks&quot;}\">\n<blockquote class=\"twitter-tweet\" data-width=\"550\" data-dnt=\"true\">\n<p lang=\"es\" dir=\"ltr\">Habl\u00e9 con el gobernador de Michoac\u00e1n, Alfredo Ram\u00edrez Bedolla y solo hay reporte de da\u00f1os materiales en Coalcom\u00e1n, donde fue el epicentro, y en zonas cercanas. <a href=\"https:\/\/t.co\/lpnl7waa6X\">pic.twitter.com\/lpnl7waa6X<\/a><\/p>\n<p>&mdash; Andr\u00e9s Manuel (@lopezobrador_) <a href=\"https:\/\/twitter.com\/lopezobrador_\/status\/1571937397243514880?ref_src=twsrc%5Etfw\">September 19, 2022<\/a><\/p><\/blockquote>\n<p><script async src=\"https:\/\/platform.twitter.com\/widgets.js\" charset=\"utf-8\"><\/script><\/p>\n<p class=\"continue-read-break\" data-t=\"{&quot;n&quot;:&quot;blueLinks&quot;}\">Por su parte,\u00a0<strong>Guerrero y Morelos,<\/strong>\u00a0as\u00ed como las Coordinaciones Estatales de Protecci\u00f3n Civil de dichas entidades, activaron los protocolos de emergencia e informaron que hasta el momento<\/p>\n<p class=\"\" data-t=\"{&quot;n&quot;:&quot;blueLinks&quot;}\"><strong>no se han reportado da\u00f1os.<\/strong><\/p>\n<p data-t=\"{&quot;n&quot;:&quot;blueLinks&quot;}\">A su vez, el\u00a0<strong>Gobernador de Guanajuato, Diego Sinhue Rodr\u00edguez, inform\u00f3 que no se\u00a0registraron\u00a0afectaciones<\/strong>.<\/p>\n<blockquote class=\"twitter-tweet\" data-width=\"550\" data-dnt=\"true\">\n<p lang=\"es\" dir=\"ltr\">Ante el <a href=\"https:\/\/twitter.com\/hashtag\/SISMO?src=hash&amp;ref_src=twsrc%5Etfw\">#SISMO<\/a> registrado con magnitud de 6.8 Loc. 59 km al sur de Coalcoman, Mich. y que fue perceptible en mpios. de  <a href=\"https:\/\/twitter.com\/hashtag\/Guanajuato?src=hash&amp;ref_src=twsrc%5Etfw\">#Guanajuato<\/a>, les comparto que no se registran incidentes que afecten a la poblaci\u00f3n ni da\u00f1os materiales, activamos protocolos de monitoreo y estaremos atentos. <a href=\"https:\/\/t.co\/vM9IJgGIPh\">pic.twitter.com\/vM9IJgGIPh<\/a><\/p>\n<p>&mdash; Diego Sinhue Rodr\u00edguez Vallejo (@diegosinhue) <a href=\"https:\/\/twitter.com\/diegosinhue\/status\/1571929253100257286?ref_src=twsrc%5Etfw\">September 19, 2022<\/a><\/p><\/blockquote>\n<p><script async src=\"https:\/\/platform.twitter.com\/widgets.js\" charset=\"utf-8\"><\/script><\/p>\n<p class=\"\" data-t=\"{&quot;n&quot;:&quot;blueLinks&quot;}\">Por su parte, la jefa de Gobierno de la<strong>\u00a0CDMX, Claudia Sheinbaum<\/strong>, asegur\u00f3 que sonaron alarmas s\u00edsmicas y hubieron c\u00f3ndores sobrevolando. La funcionaria se encontraba en C5 e inform\u00f3 que, hasta ahora<strong>\u00a0no se reportan da\u00f1os.<\/strong><\/p>\n<p class=\"\" data-t=\"{&quot;n&quot;:&quot;blueLinks&quot;}\">Sin embargo, la Secretar\u00eda de Seguridad Ciudadana (SSC) capitalina contin\u00faa haciendo sobrevuelo de la ciudad.<\/p>\n<blockquote class=\"twitter-tweet\" data-width=\"550\" data-dnt=\"true\">\n<p lang=\"es\" dir=\"ltr\">Sismo perceptible. Sonaron alarmas s\u00edsmicas. C\u00f3ndores sobrevolando. Nos encontramos en C5. Hasta ahora no se reportan da\u00f1os. En unos minutos m\u00e1s informaci\u00f3n. <a href=\"https:\/\/t.co\/8yzxBvZj6Q\">https:\/\/t.co\/8yzxBvZj6Q<\/a><\/p>\n<p>&mdash; Dra. Claudia Sheinbaum (@Claudiashein) <a href=\"https:\/\/twitter.com\/Claudiashein\/status\/1571925431279820807?ref_src=twsrc%5Etfw\">September 19, 2022<\/a><\/p><\/blockquote>\n<p><script async src=\"https:\/\/platform.twitter.com\/widgets.js\" charset=\"utf-8\"><\/script><\/p>\n<p class=\"\" data-t=\"{&quot;n&quot;:&quot;blueLinks&quot;}\">De acuerdo con\u00a0<strong>Omar Garc\u00eda Harfuch,<\/strong>\u00a0Secretario de Seguridad Ciudadana de la Ciudad de M\u00e9xico, hasta las 13:15 horas no se reportaban da\u00f1os en la Ciudad de M\u00e9xico.<\/p>\n<p class=\"\" data-t=\"{&quot;n&quot;:&quot;blueLinks&quot;}\">La Secretar\u00eda de Movilidad de la CDMX activ\u00f3 protocolos de revisi\u00f3n en todo el sistema de Movilidad Integrada. Por su parte, el Director General de Sistema de Transporte Colectivo Metro, Guillermo Calder\u00f3n, detall\u00f3 que no se registraron da\u00f1os y se reanud\u00f3 la marcha de trenes en todas las l\u00edneas.<\/p>\n<p class=\"\" data-t=\"{&quot;n&quot;:&quot;blueLinks&quot;}\"><strong>Jalisco<\/strong>\u00a0tambi\u00e9n inform\u00f3 que al momento se realiza monitoreo y recorridos para descartar posibles da\u00f1os. Sin embargo, de momento\u00a0<strong>no<\/strong>\u00a0<strong>hay reportes de afectaciones.<\/strong><\/p>\n<blockquote class=\"twitter-tweet\" data-width=\"550\" data-dnt=\"true\">\n<p lang=\"es\" dir=\"ltr\"><a href=\"https:\/\/twitter.com\/hashtag\/AlMomento?src=hash&amp;ref_src=twsrc%5Etfw\">#AlMomento<\/a> \ud83d\udea8 Acaba de ocurrir un <a href=\"https:\/\/twitter.com\/hashtag\/sismo?src=hash&amp;ref_src=twsrc%5Etfw\">#sismo<\/a> magnitud preliminar de 6.8 con epicentro cercano a Coalcom\u00e1n, Michoac\u00e1n, mismo que fue perceptible en distintos puntos de Jalisco.<\/p>\n<p>Al momento se realiza monitoreo y recorridos para descartar posibles da\u00f1os o afectaciones. \u26d1\ufe0f <a href=\"https:\/\/t.co\/JuW20mKh5t\">pic.twitter.com\/JuW20mKh5t<\/a><\/p>\n<p>&mdash; Protecci\u00f3n Civil JAL (@PCJalisco) <a href=\"https:\/\/twitter.com\/PCJalisco\/status\/1571926054310412288?ref_src=twsrc%5Etfw\">September 19, 2022<\/a><\/p><\/blockquote>\n<p><script async src=\"https:\/\/platform.twitter.com\/widgets.js\" charset=\"utf-8\"><\/script><\/p>\n<p class=\"\" data-t=\"{&quot;n&quot;:&quot;blueLinks&quot;}\">Por su parte, la Coordinaci\u00f3n General de Protecci\u00f3n Civil y Gesti\u00f3n Integral del Riesgo del\u00a0<strong>Estado de M\u00e9xico<\/strong>\u00a0afirm\u00f3 que su personal operativo\u00a0<strong>realiza recorridos y monitoreos los 125 municipios<\/strong>\u00a0para evaluar posibles afectaciones.<\/p>\n<blockquote class=\"twitter-tweet\" data-width=\"550\" data-dnt=\"true\">\n<p lang=\"es\" dir=\"ltr\"><a href=\"https:\/\/twitter.com\/hashtag\/SISMO?src=hash&amp;ref_src=twsrc%5Etfw\">#SISMO<\/a>. Personal operativo de los Centros Regionales de <a href=\"https:\/\/twitter.com\/pciviledomex?ref_src=twsrc%5Etfw\">@pciviledomex<\/a>, recorre y monitorea los 125 municipios para evaluar posibles afectaciones.<\/p>\n<p>&mdash; Protecci\u00f3n Civil del Estado de M\u00e9xico (@pciviledomex) <a href=\"https:\/\/twitter.com\/pciviledomex\/status\/1571933402458198019?ref_src=twsrc%5Etfw\">September 19, 2022<\/a><\/p><\/blockquote>\n<p><script async src=\"https:\/\/platform.twitter.com\/widgets.js\" charset=\"utf-8\"><\/script><\/p>\n<p class=\"\" data-t=\"{&quot;n&quot;:&quot;blueLinks&quot;}\">El sismo se percibi\u00f3 en la Ciudad de M\u00e9xico tan solo unos minutos despu\u00e9s de que se realizar\u00e1 el macrosimulacro, que fung\u00eda como ejercicio de prevenci\u00f3n y memoria por las v\u00edctimas de los terremotos de 1985 y 2017.<\/p>\n<p data-t=\"{&quot;n&quot;:&quot;blueLinks&quot;}\">\n<p data-t=\"{&quot;n&quot;:&quot;blueLinks&quot;}\">Con informaci\u00f3n de Aristegui Noticias<\/p>\n","protected":false},"excerpt":{"rendered":"<p>Michoac\u00e1n, Guerrero, Guanajuato y Morelos,\u00a0entre otros, informaron que al momento\u00a0no se han reportado da\u00f1os\u00a0en sus entidades tras el sismo que se report\u00f3 en Michoac\u00e1n. Tras el terremoto, que tuvo una\u00a0magnitud de 7.4 y cuyo epicentro se encontr\u00f3 en Michoac\u00e1n, el Sistema Mexicano de Alerta S\u00edsmica (SASMEX) activ\u00f3 la alerta en la\u00a0Ciudad de M\u00e9xico, Chilpancingo, Acapulco, Oaxaca, Morelia, Puebla, Morelos. Debido a ello, el gobierno de Michoac\u00e1n inform\u00f3 que activ\u00f3 los protocolos de emergencia y exhort\u00f3 a la poblaci\u00f3n a mantenerse alerta y mantener la calma. La Coordinaci\u00f3n Estatal de Protecci\u00f3n Civil detall\u00f3 que se encuentra\u00a0realizando evaluaci\u00f3n de afectaciones. Realizamos recorridos [&hellip;]<\/p>\n","protected":false},"author":3,"featured_media":53885,"comment_status":"open","ping_status":"open","sticky":false,"template":"","format":"standard","meta":{"_jetpack_newsletter_access":"","_jetpack_dont_email_post_to_subs":false,"_jetpack_newsletter_tier_id":0,"_jetpack_memberships_contains_paywalled_content":false,"_jetpack_feature_clip_id":0,"_jetpack_memberships_contains_paid_content":false,"footnotes":"","jetpack_publicize_message":"","jetpack_publicize_feature_enabled":true,"jetpack_social_post_already_shared":true,"jetpack_social_options":{"image_generator_settings":{"template":"highway","default_image_id":0,"font":"","enabled":false},"version":2},"jetpack_post_was_ever_published":false},"categories":[75,72],"tags":[],"class_list":["post-53884","post","type-post","status-publish","format-standard","has-post-thumbnail","hentry","category-nacional","category-portada","post--single"],"jetpack_publicize_connections":[],"jetpack_featured_media_url":"https:\/\/ovelanalista.com\/wp-content\/uploads\/2022\/09\/Michoaca\u0301n.jpeg","jetpack_sharing_enabled":true,"_links":{"self":[{"href":"https:\/\/ovelanalista.com\/index.php?rest_route=\/wp\/v2\/posts\/53884","targetHints":{"allow":["GET"]}}],"collection":[{"href":"https:\/\/ovelanalista.com\/index.php?rest_route=\/wp\/v2\/posts"}],"about":[{"href":"https:\/\/ovelanalista.com\/index.php?rest_route=\/wp\/v2\/types\/post"}],"author":[{"embeddable":true,"href":"https:\/\/ovelanalista.com\/index.php?rest_route=\/wp\/v2\/users\/3"}],"replies":[{"embeddable":true,"href":"https:\/\/ovelanalista.com\/index.php?rest_route=%2Fwp%2Fv2%2Fcomments&post=53884"}],"version-history":[{"count":1,"href":"https:\/\/ovelanalista.com\/index.php?rest_route=\/wp\/v2\/posts\/53884\/revisions"}],"predecessor-version":[{"id":53886,"href":"https:\/\/ovelanalista.com\/index.php?rest_route=\/wp\/v2\/posts\/53884\/revisions\/53886"}],"wp:featuredmedia":[{"embeddable":true,"href":"https:\/\/ovelanalista.com\/index.php?rest_route=\/wp\/v2\/media\/53885"}],"wp:attachment":[{"href":"https:\/\/ovelanalista.com\/index.php?rest_route=%2Fwp%2Fv2%2Fmedia&parent=53884"}],"wp:term":[{"taxonomy":"category","embeddable":true,"href":"https:\/\/ovelanalista.com\/index.php?rest_route=%2Fwp%2Fv2%2Fcategories&post=53884"},{"taxonomy":"post_tag","embeddable":true,"href":"https:\/\/ovelanalista.com\/index.php?rest_route=%2Fwp%2Fv2%2Ftags&post=53884"}],"curies":[{"name":"wp","href":"https:\/\/api.w.org\/{rel}","templated":true}]}}