{"id":53887,"date":"2022-09-19T19:00:50","date_gmt":"2022-09-20T01:00:50","guid":{"rendered":"https:\/\/ovelanalista.com\/?p=53887"},"modified":"2022-09-19T17:27:27","modified_gmt":"2022-09-19T23:27:27","slug":"linea-1-y-2-del-cablebus-se-balancean-durante-el-sismo-de-7-7-grados","status":"publish","type":"post","link":"https:\/\/ovelanalista.com\/?p=53887","title":{"rendered":"L\u00ednea 1 y 2 del Cableb\u00fas se balancean durante el sismo de 7.7 grados"},"content":{"rendered":"<p data-t=\"{&quot;n&quot;:&quot;blueLinks&quot;}\">El Sistema de Transporte P\u00fablico\u00a0<b>Cableb\u00fas\u00a0<\/b>suspendi\u00f3 los servicios durante el\u00a0<b><a tabindex=\"0\" href=\"https:\/\/politica.expansion.mx\/cdmx\/2022\/09\/19\/temblor-19-septiembre-michoacan?utm_source=internal&amp;utm_medium=link-recommended\" target=\"_blank\" rel=\"noopener\" data-t=\"{&quot;n&quot;:&quot;destination&quot;,&quot;t&quot;:13,&quot;b&quot;:1,&quot;c.t&quot;:7}\">sismo con magnitud de 7.7 grados de hoy<\/a><\/b>\u00a0. De acuerdo con el sistema de transporte se desaloj\u00f3 a los usuarios de ambas l\u00edneas, tras las revisiones correspondientes el servicio ha sido restablecido.<\/p>\n<div class=\"article-image-container\" data-t=\"{&quot;n&quot;:&quot;OpenModal&quot;,&quot;t&quot;:13}\">En los\u00a0<b>videos\u00a0<\/b>se aprecia como el telef\u00e9rico se balancea bruscamente, mientras los usuarios graban el suceso. De igual manera, un peat\u00f3n capt\u00f3 el momento en que se columpia el cableb\u00fas. Cableb\u00fas inform\u00f3 que por variaci\u00f3n de corriente en el bucle A de L\u00ednea 2, el tramo Constituci\u00f3n de 1917 a Xalpa es desembarcado y detenido moment\u00e1neamente. Tambi\u00e9n anunciaron que el servicio de Xalpa a Santa Marta opera de manera normal.<\/div>\n<div data-t=\"{&quot;n&quot;:&quot;OpenModal&quot;,&quot;t&quot;:13}\"><\/div>\n<div data-t=\"{&quot;n&quot;:&quot;OpenModal&quot;,&quot;t&quot;:13}\"><\/div>\n<div data-t=\"{&quot;n&quot;:&quot;OpenModal&quot;,&quot;t&quot;:13}\">Con informaci\u00f3n de Expansi\u00f3n<\/div>\n","protected":false},"excerpt":{"rendered":"<p>El Sistema de Transporte P\u00fablico\u00a0Cableb\u00fas\u00a0suspendi\u00f3 los servicios durante el\u00a0sismo con magnitud de 7.7 grados de hoy\u00a0. De acuerdo con el sistema de transporte se desaloj\u00f3 a los usuarios de ambas l\u00edneas, tras las revisiones correspondientes el servicio ha sido restablecido. En los\u00a0videos\u00a0se aprecia como el telef\u00e9rico se balancea bruscamente, mientras los usuarios graban el suceso. De igual manera, un peat\u00f3n capt\u00f3 el momento en que se columpia el cableb\u00fas. Cableb\u00fas inform\u00f3 que por variaci\u00f3n de corriente en el bucle A de L\u00ednea 2, el tramo Constituci\u00f3n de 1917 a Xalpa es desembarcado y detenido moment\u00e1neamente. Tambi\u00e9n anunciaron que el servicio [&hellip;]<\/p>\n","protected":false},"author":3,"featured_media":53888,"comment_status":"open","ping_status":"open","sticky":false,"template":"","format":"standard","meta":{"_jetpack_newsletter_access":"","_jetpack_dont_email_post_to_subs":false,"_jetpack_newsletter_tier_id":0,"_jetpack_memberships_contains_paywalled_content":false,"_jetpack_feature_clip_id":0,"_jetpack_memberships_contains_paid_content":false,"footnotes":"","jetpack_publicize_message":"","jetpack_publicize_feature_enabled":true,"jetpack_social_post_already_shared":true,"jetpack_social_options":{"image_generator_settings":{"template":"highway","default_image_id":0,"font":"","enabled":false},"version":2},"jetpack_post_was_ever_published":false},"categories":[75,72],"tags":[],"class_list":["post-53887","post","type-post","status-publish","format-standard","has-post-thumbnail","hentry","category-nacional","category-portada","post--single"],"jetpack_publicize_connections":[],"jetpack_featured_media_url":"https:\/\/ovelanalista.com\/wp-content\/uploads\/2022\/09\/1y2.jpeg","jetpack_sharing_enabled":true,"_links":{"self":[{"href":"https:\/\/ovelanalista.com\/index.php?rest_route=\/wp\/v2\/posts\/53887","targetHints":{"allow":["GET"]}}],"collection":[{"href":"https:\/\/ovelanalista.com\/index.php?rest_route=\/wp\/v2\/posts"}],"about":[{"href":"https:\/\/ovelanalista.com\/index.php?rest_route=\/wp\/v2\/types\/post"}],"author":[{"embeddable":true,"href":"https:\/\/ovelanalista.com\/index.php?rest_route=\/wp\/v2\/users\/3"}],"replies":[{"embeddable":true,"href":"https:\/\/ovelanalista.com\/index.php?rest_route=%2Fwp%2Fv2%2Fcomments&post=53887"}],"version-history":[{"count":1,"href":"https:\/\/ovelanalista.com\/index.php?rest_route=\/wp\/v2\/posts\/53887\/revisions"}],"predecessor-version":[{"id":53889,"href":"https:\/\/ovelanalista.com\/index.php?rest_route=\/wp\/v2\/posts\/53887\/revisions\/53889"}],"wp:featuredmedia":[{"embeddable":true,"href":"https:\/\/ovelanalista.com\/index.php?rest_route=\/wp\/v2\/media\/53888"}],"wp:attachment":[{"href":"https:\/\/ovelanalista.com\/index.php?rest_route=%2Fwp%2Fv2%2Fmedia&parent=53887"}],"wp:term":[{"taxonomy":"category","embeddable":true,"href":"https:\/\/ovelanalista.com\/index.php?rest_route=%2Fwp%2Fv2%2Fcategories&post=53887"},{"taxonomy":"post_tag","embeddable":true,"href":"https:\/\/ovelanalista.com\/index.php?rest_route=%2Fwp%2Fv2%2Ftags&post=53887"}],"curies":[{"name":"wp","href":"https:\/\/api.w.org\/{rel}","templated":true}]}}