{"id":53890,"date":"2022-09-19T19:00:46","date_gmt":"2022-09-20T01:00:46","guid":{"rendered":"https:\/\/ovelanalista.com\/?p=53890"},"modified":"2022-09-19T17:29:22","modified_gmt":"2022-09-19T23:29:22","slug":"gobierno-federal-cancelo-apoyos-a-policias-estatales-acusa-senador-del-pan","status":"publish","type":"post","link":"https:\/\/ovelanalista.com\/?p=53890","title":{"rendered":"Gobierno federal cancel\u00f3 apoyos a polic\u00edas estatales, acusa senador del PAN"},"content":{"rendered":"<div class=\"viewsTitle\">\n<p data-t=\"{&quot;n&quot;:&quot;blueLinks&quot;}\">Julen Rementer\u00eda, coordinador del Partido Acci\u00f3n Nacional (PAN) en el Senado, acus\u00f3 que el gobierno federal ha cancelado apoyos a las polic\u00edas estatales.<\/p>\n<div class=\"article-image-container\" data-t=\"{&quot;n&quot;:&quot;OpenModal&quot;,&quot;t&quot;:13}\">\n<blockquote class=\"blockquote-text\"><p>&#8220;La federaci\u00f3n cancel\u00f3 pr\u00e1cticamente los apoyos a las polic\u00edas, el Fortaceg lo elimin\u00f3, se redujeron sustancialmente partidas para fortalecer los \u00f3rganos policiales a nivel estatal&#8221;, expuso.<\/p><\/blockquote>\n<p>&#8220;La federaci\u00f3n cancel\u00f3 pr\u00e1cticamente los apoyos a las polic\u00edas, el Fortaceg lo elimin\u00f3, se redujeron sustancialmente partidas para fortalecer los \u00f3rganos policiales a nivel estatal&#8221;, expuso.<\/p>\n<p data-t=\"{&quot;n&quot;:&quot;blueLinks&quot;}\">En entrevista para\u00a0<b>MILENIO Televisi\u00f3n<\/b>,<b>\u00a0Rementer\u00eda calific\u00f3 como un desprop\u00f3sito alargar hasta 2028 la presencia militar en tareas de seguridad<\/b>\u00a0p\u00fablica, esto a d\u00edas de votarse en el pleno la minuta de la C\u00e1mara de Diputados en la materia.<\/p>\n<div class=\"article-clear-div\"><\/div>\n<blockquote class=\"blockquote-text\"><p>&#8220;Por parte de Acci\u00f3n Nacional y algunos partidos de oposici\u00f3n no estamos de acuerdo con esta propuesta que es un verdadero desprop\u00f3sito alargar la agon\u00eda de algo que se est\u00e1 haciendo mal&#8221;, sostuvo.<\/p><\/blockquote>\n<p>&#8220;Por parte de Acci\u00f3n Nacional y algunos partidos de oposici\u00f3n no estamos de acuerdo con esta propuesta que es un verdadero desprop\u00f3sito alargar la agon\u00eda de algo que se est\u00e1 haciendo mal&#8221;, sostuvo.<\/p>\n<p data-t=\"{&quot;n&quot;:&quot;blueLinks&quot;}\">Rementer\u00eda sostuvo que dicha propuesta no pasar\u00e1 en el Senado, pues &#8220;a M\u00e9xico no le conviene la militarizaci\u00f3n&#8221;.<\/p>\n<p data-t=\"{&quot;n&quot;:&quot;blueLinks&quot;}\">El mi\u00e9rcoles se tiene previsto que en el Senado se discute y vote la reforma que busca extender la presencia militar en tareas de seguridad p\u00fablica.<\/p>\n<\/div>\n<\/div>\n<p data-t=\"{&quot;n&quot;:&quot;blueLinks&quot;}\">\n<p data-t=\"{&quot;n&quot;:&quot;blueLinks&quot;}\">Con informaci\u00f3n de Milenio<\/p>\n<div class=\"\"><\/div>\n<div><\/div>\n","protected":false},"excerpt":{"rendered":"<p>Julen Rementer\u00eda, coordinador del Partido Acci\u00f3n Nacional (PAN) en el Senado, acus\u00f3 que el gobierno federal ha cancelado apoyos a las polic\u00edas estatales. &#8220;La federaci\u00f3n cancel\u00f3 pr\u00e1cticamente los apoyos a las polic\u00edas, el Fortaceg lo elimin\u00f3, se redujeron sustancialmente partidas para fortalecer los \u00f3rganos policiales a nivel estatal&#8221;, expuso. &#8220;La federaci\u00f3n cancel\u00f3 pr\u00e1cticamente los apoyos a las polic\u00edas, el Fortaceg lo elimin\u00f3, se redujeron sustancialmente partidas para fortalecer los \u00f3rganos policiales a nivel estatal&#8221;, expuso. En entrevista para\u00a0MILENIO Televisi\u00f3n,\u00a0Rementer\u00eda calific\u00f3 como un desprop\u00f3sito alargar hasta 2028 la presencia militar en tareas de seguridad\u00a0p\u00fablica, esto a d\u00edas de votarse en el [&hellip;]<\/p>\n","protected":false},"author":3,"featured_media":53891,"comment_status":"open","ping_status":"open","sticky":false,"template":"","format":"standard","meta":{"_jetpack_newsletter_access":"","_jetpack_dont_email_post_to_subs":false,"_jetpack_newsletter_tier_id":0,"_jetpack_memberships_contains_paywalled_content":false,"_jetpack_feature_clip_id":0,"_jetpack_memberships_contains_paid_content":false,"footnotes":"","jetpack_publicize_message":"","jetpack_publicize_feature_enabled":true,"jetpack_social_post_already_shared":true,"jetpack_social_options":{"image_generator_settings":{"template":"highway","default_image_id":0,"font":"","enabled":false},"version":2},"jetpack_post_was_ever_published":false},"categories":[75,72],"tags":[],"class_list":["post-53890","post","type-post","status-publish","format-standard","has-post-thumbnail","hentry","category-nacional","category-portada","post--single"],"jetpack_publicize_connections":[],"jetpack_featured_media_url":"https:\/\/ovelanalista.com\/wp-content\/uploads\/2022\/09\/Julen-Rementeri\u0301a-.jpeg","jetpack_sharing_enabled":true,"_links":{"self":[{"href":"https:\/\/ovelanalista.com\/index.php?rest_route=\/wp\/v2\/posts\/53890","targetHints":{"allow":["GET"]}}],"collection":[{"href":"https:\/\/ovelanalista.com\/index.php?rest_route=\/wp\/v2\/posts"}],"about":[{"href":"https:\/\/ovelanalista.com\/index.php?rest_route=\/wp\/v2\/types\/post"}],"author":[{"embeddable":true,"href":"https:\/\/ovelanalista.com\/index.php?rest_route=\/wp\/v2\/users\/3"}],"replies":[{"embeddable":true,"href":"https:\/\/ovelanalista.com\/index.php?rest_route=%2Fwp%2Fv2%2Fcomments&post=53890"}],"version-history":[{"count":1,"href":"https:\/\/ovelanalista.com\/index.php?rest_route=\/wp\/v2\/posts\/53890\/revisions"}],"predecessor-version":[{"id":53892,"href":"https:\/\/ovelanalista.com\/index.php?rest_route=\/wp\/v2\/posts\/53890\/revisions\/53892"}],"wp:featuredmedia":[{"embeddable":true,"href":"https:\/\/ovelanalista.com\/index.php?rest_route=\/wp\/v2\/media\/53891"}],"wp:attachment":[{"href":"https:\/\/ovelanalista.com\/index.php?rest_route=%2Fwp%2Fv2%2Fmedia&parent=53890"}],"wp:term":[{"taxonomy":"category","embeddable":true,"href":"https:\/\/ovelanalista.com\/index.php?rest_route=%2Fwp%2Fv2%2Fcategories&post=53890"},{"taxonomy":"post_tag","embeddable":true,"href":"https:\/\/ovelanalista.com\/index.php?rest_route=%2Fwp%2Fv2%2Ftags&post=53890"}],"curies":[{"name":"wp","href":"https:\/\/api.w.org\/{rel}","templated":true}]}}