{"id":53893,"date":"2022-09-19T19:15:33","date_gmt":"2022-09-20T01:15:33","guid":{"rendered":"https:\/\/ovelanalista.com\/?p=53893"},"modified":"2022-09-19T17:30:53","modified_gmt":"2022-09-19T23:30:53","slug":"cierran-puente-en-interlomas-tras-sismo-de-7-4-grados","status":"publish","type":"post","link":"https:\/\/ovelanalista.com\/?p=53893","title":{"rendered":"Cierran puente en Interlomas tras sismo de 7.4 grados"},"content":{"rendered":"<p>Cierran puente en Interlomas tras sismo de 7.4 grados HUIXQUILUCAN, M\u00e9x.- El puente vial que une<strong>\u00a0<a tabindex=\"0\" href=\"https:\/\/www.eluniversal.com.mx\/metropoli\" target=\"_blank\" rel=\"noopener\" data-t=\"{&quot;n&quot;:&quot;destination&quot;,&quot;t&quot;:13,&quot;b&quot;:1,&quot;c.t&quot;:7}\">Bosque Real con Magno<\/a>\u00a0<\/strong>centro sufri\u00f3 un desajuste en su estructura tras el\u00a0<a tabindex=\"0\" href=\"https:\/\/www.eluniversal.com.mx\/metropoli\/\" target=\"_blank\" rel=\"noopener\" data-t=\"{&quot;n&quot;:&quot;destination&quot;,&quot;t&quot;:13,&quot;b&quot;:1,&quot;c.t&quot;:7}\">sismo<\/a>\u00a0de esta tarde, por lo que la \u00a0alcaldesa\u00a0<strong>Romina Contreras<\/strong>\u00a0orden\u00f3 el cierre de la circulaci\u00f3n, para que expertos en estructuras revisen la estabilidad de este paso elevado.<\/p>\n<p data-t=\"{&quot;n&quot;:&quot;blueLinks&quot;}\">Protecci\u00f3n Civil realiz\u00f3 una revisi\u00f3n inicial en la que no observ\u00f3 un riesgo latente; adem\u00e1s se solicit\u00f3 a\u00a0<strong>Protecci\u00f3n Civil<\/strong>\u00a0estatal su valoraci\u00f3n y se ha contratado a un perito en la materia quien emitir\u00e1 un dictamen en las pr\u00f3ximas horas, difundi\u00f3 Romina Contreras en un mensaje de video.<\/p>\n<p data-t=\"{&quot;n&quot;:&quot;blueLinks&quot;}\">Este puente conecta el Viaducto Interlomas, sobre Palma Criolla, junto al centro comercial Altika Interlomas, y por \u00e9l transitan veh\u00edculos que se comunican entre esta zona y Pirules, Palo Solo y Bosque Real.<\/p>\n<blockquote class=\"twitter-tweet\" data-width=\"550\" data-dnt=\"true\">\n<p lang=\"es\" dir=\"ltr\">As\u00ed fue el da\u00f1o estructural que sufri\u00f3 el puente vial que une Bosque Real con Magno tras el <a href=\"https:\/\/twitter.com\/hashtag\/sismo?src=hash&amp;ref_src=twsrc%5Etfw\">#sismo<\/a> registrado esta tarde<\/p>\n<p>Video: Especial <a href=\"https:\/\/t.co\/SxiYB6ur5W\">pic.twitter.com\/SxiYB6ur5W<\/a><\/p>\n<p>&mdash; El Universal (@El_Universal_Mx) <a href=\"https:\/\/twitter.com\/El_Universal_Mx\/status\/1571949935012245504?ref_src=twsrc%5Etfw\">September 19, 2022<\/a><\/p><\/blockquote>\n<p><script async src=\"https:\/\/platform.twitter.com\/widgets.js\" charset=\"utf-8\"><\/script><\/p>\n<h2 class=\"article-sub-heading\">20% de los usuarios se quedan sin luz en CDMX<\/h2>\n<p>La\u00a0<strong>Comisi\u00f3n Federal de Electricidad<\/strong>\u00a0(CFE) inform\u00f3 que en la\u00a0Ciudad de M\u00e9xico\u00a0la afectaci\u00f3n por\u00a0<strong>cortes a la luz<\/strong>\u00a0es del 20%\u00a0de acuerdo con el n\u00famero de usuarios registrados.<\/p>\n<p data-t=\"{&quot;n&quot;:&quot;blueLinks&quot;}\">A trav\u00e9s de una gr\u00e1fica se\u00f1alaron que tanto en<strong>\u00a0CDMX<\/strong>\u00a0como el\u00a0Estado de M\u00e9xico, Jalisco, Michoac\u00e1n y Colima, se reportan cortes de luz, por lo que se atienden como parte de los protocolos activados tras el sismo de 7.4 grados.<\/p>\n<p>&nbsp;<\/p>\n<p data-t=\"{&quot;n&quot;:&quot;blueLinks&quot;}\">Colima es la entidad, hasta ahora, con m\u00e1s cortes, registra 42. 31%.<\/p>\n<p>&nbsp;<\/p>\n<p data-t=\"{&quot;n&quot;:&quot;blueLinks&quot;}\">En Edomex s\u00f3lo se reportan 6% de afectaciones.<\/p>\n<p data-t=\"{&quot;n&quot;:&quot;blueLinks&quot;}\">Con informaci\u00f3n de El Universal<\/p>\n","protected":false},"excerpt":{"rendered":"<p>Cierran puente en Interlomas tras sismo de 7.4 grados HUIXQUILUCAN, M\u00e9x.- El puente vial que une\u00a0Bosque Real con Magno\u00a0centro sufri\u00f3 un desajuste en su estructura tras el\u00a0sismo\u00a0de esta tarde, por lo que la \u00a0alcaldesa\u00a0Romina Contreras\u00a0orden\u00f3 el cierre de la circulaci\u00f3n, para que expertos en estructuras revisen la estabilidad de este paso elevado. Protecci\u00f3n Civil realiz\u00f3 una revisi\u00f3n inicial en la que no observ\u00f3 un riesgo latente; adem\u00e1s se solicit\u00f3 a\u00a0Protecci\u00f3n Civil\u00a0estatal su valoraci\u00f3n y se ha contratado a un perito en la materia quien emitir\u00e1 un dictamen en las pr\u00f3ximas horas, difundi\u00f3 Romina Contreras en un mensaje de video. Este [&hellip;]<\/p>\n","protected":false},"author":3,"featured_media":53894,"comment_status":"open","ping_status":"open","sticky":false,"template":"","format":"standard","meta":{"_jetpack_newsletter_access":"","_jetpack_dont_email_post_to_subs":false,"_jetpack_newsletter_tier_id":0,"_jetpack_memberships_contains_paywalled_content":false,"_jetpack_feature_clip_id":0,"_jetpack_memberships_contains_paid_content":false,"footnotes":"","jetpack_publicize_message":"","jetpack_publicize_feature_enabled":true,"jetpack_social_post_already_shared":true,"jetpack_social_options":{"image_generator_settings":{"template":"highway","default_image_id":0,"font":"","enabled":false},"version":2},"jetpack_post_was_ever_published":false},"categories":[75,72],"tags":[],"class_list":["post-53893","post","type-post","status-publish","format-standard","has-post-thumbnail","hentry","category-nacional","category-portada","post--single"],"jetpack_publicize_connections":[],"jetpack_featured_media_url":"https:\/\/ovelanalista.com\/wp-content\/uploads\/2022\/09\/puente.jpeg","jetpack_sharing_enabled":true,"_links":{"self":[{"href":"https:\/\/ovelanalista.com\/index.php?rest_route=\/wp\/v2\/posts\/53893","targetHints":{"allow":["GET"]}}],"collection":[{"href":"https:\/\/ovelanalista.com\/index.php?rest_route=\/wp\/v2\/posts"}],"about":[{"href":"https:\/\/ovelanalista.com\/index.php?rest_route=\/wp\/v2\/types\/post"}],"author":[{"embeddable":true,"href":"https:\/\/ovelanalista.com\/index.php?rest_route=\/wp\/v2\/users\/3"}],"replies":[{"embeddable":true,"href":"https:\/\/ovelanalista.com\/index.php?rest_route=%2Fwp%2Fv2%2Fcomments&post=53893"}],"version-history":[{"count":1,"href":"https:\/\/ovelanalista.com\/index.php?rest_route=\/wp\/v2\/posts\/53893\/revisions"}],"predecessor-version":[{"id":53895,"href":"https:\/\/ovelanalista.com\/index.php?rest_route=\/wp\/v2\/posts\/53893\/revisions\/53895"}],"wp:featuredmedia":[{"embeddable":true,"href":"https:\/\/ovelanalista.com\/index.php?rest_route=\/wp\/v2\/media\/53894"}],"wp:attachment":[{"href":"https:\/\/ovelanalista.com\/index.php?rest_route=%2Fwp%2Fv2%2Fmedia&parent=53893"}],"wp:term":[{"taxonomy":"category","embeddable":true,"href":"https:\/\/ovelanalista.com\/index.php?rest_route=%2Fwp%2Fv2%2Fcategories&post=53893"},{"taxonomy":"post_tag","embeddable":true,"href":"https:\/\/ovelanalista.com\/index.php?rest_route=%2Fwp%2Fv2%2Ftags&post=53893"}],"curies":[{"name":"wp","href":"https:\/\/api.w.org\/{rel}","templated":true}]}}