{"id":54174,"date":"2022-09-21T14:12:09","date_gmt":"2022-09-21T20:12:09","guid":{"rendered":"https:\/\/ovelanalista.com\/?p=54174"},"modified":"2022-09-21T14:12:09","modified_gmt":"2022-09-21T20:12:09","slug":"debate-al-rojo-vivo-en-el-senado-monreal-reclama-duro-la-actitud-de-los-opositores","status":"publish","type":"post","link":"https:\/\/ovelanalista.com\/?p=54174","title":{"rendered":"Debate al rojo vivo en el Senado: Monreal reclama, duro, la actitud de los opositores"},"content":{"rendered":"<h3><strong>El pleno del Senado de la Rep\u00fablica inici\u00f3 este mi\u00e9rcoles la discusi\u00f3n de la iniciativa para ampliar la presencia del Ej\u00e9rcito en las calles en labores de seguridad p\u00fablica hasta el 2028.<\/strong><\/h3>\n<p>Ciudad de M\u00e9xico, 21 de septiembre (SinEmbargo).\u2013 El coordinador de\u00a0<strong>Morena<\/strong>\u00a0en el\u00a0<strong>Senado de la Rep\u00fablica<\/strong>, Ricardo Monreal, levant\u00f3 la voz hoy en un\u00a0<strong>fuerte reclamo a la oposici\u00f3n<\/strong>\u00a0porque la\u00a0<strong>minuta<\/strong>\u00a0aprobada ya en la\u00a0<strong>C\u00e1mara de Diputados<\/strong>\u00a0no parece alcanzar los votos suficientes para pasar hoy. Se trata de una\u00a0<strong>iniciativa<\/strong>\u00a0del Partido Revolucionario Institucional (<strong>PRI<\/strong>) que permite a la Secretar\u00eda de la Defensa Nacional (<strong>Sedena<\/strong>) mantenerse en tutela de la\u00a0<strong>Guardia Nacional (GN)<\/strong> hasta 2028.<\/p>\n<blockquote><p>\u201cHe estado escuchando las intervenciones de los compa\u00f1eros legisladores y legisladoras sobre esta\u00a0<strong>minuta<\/strong>\u00a0que provine de la\u00a0<strong>C\u00e1mara de Diputados<\/strong>\u00a0y que se ha convertido en un\u00a0<strong>dictamen<\/strong>\u00a0nuestro y que desde nuestro punto de vista es fundamental para la vida del pa\u00eds\u201d, dijo al tomar la palabra en nombre de su compa\u00f1era, la Senadora Luc\u00eda Virginia Meza Guzm\u00e1n, para presentar un voto particular.<\/p><\/blockquote>\n<p>El morenista record\u00f3 que la iniciativa para la modificaci\u00f3n del Art\u00edculo Quinto Transitorio constitucional consiste en extender el plazo de marzo de 2024 a marzo de 2028 para que las Fuerzas Armadas realicen labores de seguridad p\u00fablica en el pa\u00eds.<\/p>\n<div id=\"hybs-mslot-7989-0\" class=\"hybs-mslot\"><\/div>\n<blockquote><p>\u201cDesde hace 27 a\u00f1os, las Fuerzas Armadas han auxiliado a las labores de seguridad p\u00fablica. Deben de recordarlo el PRI y el PAN, que cuando gobernaron uno de los reclamos de los generales, del Secretario de la Defensa, de los comandantes de zonas militares, del espectro superior de las Fuerzas Armadas fue siempre \u2018denme garant\u00edas constitucionales y bases constitucionales para actuar&#8217;\u201d, agreg\u00f3.<\/p><\/blockquote>\n<p>Durante su intervenci\u00f3n, Monreal \u00c1vila se\u00f1al\u00f3 que esa demanda se logr\u00f3 atender hasta el 2019, cuando se cre\u00f3 la GN. \u201cAh\u00ed en el Quinto Transitorio que ahora discutimos, por unanimidad, le otorgamos a las Fuerzas Armadas su garante constitucional\u201d, afirm\u00f3. Sin embargo, explic\u00f3 que \u201cen el momento del debate parlamentario, nadie habl\u00f3, cuando otorgamos los cinco a\u00f1os, de que con ese plazo se estaba militarizando al pa\u00eds\u201d.<\/p>\n<p>\u201cNadie. Ninguno, ninguna vot\u00f3 en contra de que le otorg\u00e1ramos cinco a\u00f1os a las Fuerzas Armadas para que la transici\u00f3n de las Fuerzas Armadas a la Guardia Nacional ocurriera y pudieran retornar a los cuarteles soldados, militares y marinos\u201d, sostuvo en el pleno.<\/p>\n<p>El legislador asegur\u00f3 que \u201ces un falso debate\u201d, ya que no se est\u00e1 hablando de las leyes ordinarias, las cuales entrar\u00e1n en proceso de revisi\u00f3n jurisdiccional. \u201cNo, estamos hablando de un transitorio simplemente que ampl\u00eda lo que ya nosotros probamos por unanimidad\u201d, aclar\u00f3.<\/p>\n<div id=\"hybs-mslot-7989-1\" class=\"hybs-mslot\"><\/div>\n<blockquote><p>\u201c\u00bfPor qu\u00e9 ahora se ha pensado que debe de ampliarse hasta marzo de 2028? Por razones de racionalidad, por razones de oportunidad, por razones de sensatez y de probidad\u201d, agreg\u00f3.<\/p><\/blockquote>\n<blockquote class=\"twitter-tweet\" data-width=\"550\" data-dnt=\"true\">\n<p lang=\"es\" dir=\"ltr\"><a href=\"https:\/\/twitter.com\/hashtag\/EnVivo?src=hash&amp;ref_src=twsrc%5Etfw\">#EnVivo<\/a> Desde el Pleno del Senado.<br \/> <a href=\"https:\/\/t.co\/h5OPt54KWL\">https:\/\/t.co\/h5OPt54KWL<\/a><\/p>\n<p>&mdash; Ricardo Monreal A. (@RicardoMonrealA) <a href=\"https:\/\/twitter.com\/RicardoMonrealA\/status\/1572638680208052229?ref_src=twsrc%5Etfw\">September 21, 2022<\/a><\/p><\/blockquote>\n<p><script async src=\"https:\/\/platform.twitter.com\/widgets.js\" charset=\"utf-8\"><\/script><\/p>\n<p>&nbsp;<\/p>\n<p>Adem\u00e1s, destac\u00f3 que \u201cnadie en su sano juicio puede pensar que en 18 meses, \u00f3iganlo bien, 18 meses que se concluye el plazo que aprobamos, vaya a existir un cuerpo policiaco del nivel del Ej\u00e9rcito y las Fuerzas Armadas\u201d.<\/p>\n<blockquote><p>\u201cEn 18 meses tienen que regresar a los cuarteles y nadie racionalmente piensa que los 100 mil soldados y marinos que est\u00e1n en nuestros municipios, en nuestros estados, en nuestra regiones vayan a retornar a los cuartes aunque es su obligaci\u00f3n. Lo har\u00e1n y dejar\u00e1n solos a nuestros pueblos. Los \u00fanicos que estar\u00e1n contentos son los delincuentes y la delincuencia organizada porque no habr\u00e1 qui\u00e9n los contenga\u201d, advirti\u00f3.<\/p><\/blockquote>\n<p>Ricardo Monreal cuestion\u00f3 por qu\u00e9 involucrar el debate de la militarizaci\u00f3n con la modificaci\u00f3n constitucional concreta que se propone para ampliar cuatro a\u00f1os \u201cel que las Fuerzas Armadas puedan prestar labores de seguridad p\u00fablica subordinada, auxiliar, regulada, dependiente de la autoridad civil\u201d.<\/p>\n<blockquote><p>\u201cYo pienso que podemos dar m\u00e1s tiempo. O sea, yo no estoy por la prisa. No me ganan los tiempos. [..] Yo dir\u00eda que estoy dispuesto a seguir discutiendo este tema\u201d, a\u00f1adi\u00f3 en su discurso.<\/p><\/blockquote>\n<p><strong>LA DISCUSI\u00d3N DE LA INICIATIVA<\/strong><\/p>\n<p>El pleno del Senado de la Rep\u00fablica inici\u00f3 este mi\u00e9rcoles la discusi\u00f3n de la iniciativa para ampliar la presencia del Ej\u00e9rcito en las calles en labores de seguridad p\u00fablica hasta el 2028.<\/p>\n<p>El pasado 14 de septiembre, el Senado recibi\u00f3 la minuta aprobada por la C\u00e1mara de Diputados para la reforma constitucional que extiende hasta el 2028 la participaci\u00f3n de las Fuerzas Armadas en labores de seguridad p\u00fablica, decisi\u00f3n que activistas y algunos organismos internacionales consideran un avance en la militarizaci\u00f3n del pa\u00eds.<\/p>\n<p>Morena y sus aliados necesitan reunir la mayor\u00eda calificada para avalar dicha reforma constitucional. No obstante, el Partido Acci\u00f3n Nacional (PAN) adelant\u00f3 que votar\u00e1 en contra de la iniciativa.<\/p>\n<p>Hoy, la discusi\u00f3n comenz\u00f3 a las 10:50 horas. La Senadora del blanquiazul, Nadia Navarro, present\u00f3 una moci\u00f3n suspensiva, sin embargo, con 38 votos a favor, 61 en contra y cero abstenciones, el recurso fue desechado.<\/p>\n<p>Durante la sesi\u00f3n ordinaria, senadores y senadoras tomaron la palabra para expresar sus argumentos sobre esta iniciativa.<\/p>\n<p>El Senador del PAN, Dami\u00e1n Zepeda, asegur\u00f3 que la reforma ser\u00eda desechada en el pleno, adem\u00e1s acus\u00f3 que la propuesta presidencial busca \u201cmilitarizar al pa\u00eds\u201d.<\/p>\n<p>D\u00edas antes de su discusi\u00f3n, Ignacio Mier Velazco, Coordinador de Morena en la C\u00e1mara de Diputados, exhort\u00f3 a los senadores de la Rep\u00fablica a votar a favor de la iniciativa de reforma.<\/p>\n<blockquote><p>\u201cA m\u00ed me permite decirle a senadoras y senadores de todos los partidos pol\u00edticos, respetando nuestras diferencias pol\u00edticas, ideol\u00f3gicas, program\u00e1ticas, un exhorto respetuoso para que acompa\u00f1en con su voto a favor de esta propuesta\u201d, dijo Mier Velazco en un video compartido en sus redes sociales.<\/p><\/blockquote>\n<p>El 14 de septiembre pasado, la C\u00e1mara de Diputados aprob\u00f3, con 335 votaron a favor, 152 en contra y una abstenci\u00f3n, la iniciativa de reforma que busca ampliar la participaci\u00f3n de las Fuerzas Armadas en las calles. Posteriormente, la minuta se turn\u00f3 al Senado.<\/p>\n<p>En el 2019 el Congreso aprob\u00f3 una reforma constitucional que establec\u00eda que los militares deb\u00edan permanecer en las calles hasta el 2024.<\/p>\n<p>La nueva iniciativa, que fue promovida por el opositor Partido Revolucionario Institucional (PRI) y apoyada por el oficialismo y sus fuerzas aliadas, se da menos de una semana despu\u00e9s de que el Congreso aprob\u00f3 una reforma legislativa que transfiri\u00f3 la Guardia Nacional \u2014que estaba bajo mando civil\u2014 a la Secretar\u00eda de la Defensa Nacional (Sedena).<\/p>\n<p>La decisi\u00f3n del PRI de unirse al oficialismo para apoyar la reforma gener\u00f3 fricciones al interior de la organizaci\u00f3n y duras cr\u00edticas de parte de sus aliados opositores Partido Acci\u00f3n Nacional (PAN) y Partido de la Revoluci\u00f3n Democr\u00e1tica (PRD), que acusaron a los diputados del PRI de incumplir los compromisos acordados en la coalici\u00f3n Va por M\u00e9xico, integrada por esos tres partidos, situaci\u00f3n que pone en riesgo la supervivencia de esa alianza. Algunos senadores del PRI han adelantado que no respaldar\u00e1n la iniciativa.<\/p>\n<p>&nbsp;<\/p>\n<p>Con informaci\u00f3n de AP<\/p>\n","protected":false},"excerpt":{"rendered":"<p>El pleno del Senado de la Rep\u00fablica inici\u00f3 este mi\u00e9rcoles la discusi\u00f3n de la iniciativa para ampliar la presencia del Ej\u00e9rcito en las calles en labores de seguridad p\u00fablica hasta el 2028. Ciudad de M\u00e9xico, 21 de septiembre (SinEmbargo).\u2013 El coordinador de\u00a0Morena\u00a0en el\u00a0Senado de la Rep\u00fablica, Ricardo Monreal, levant\u00f3 la voz hoy en un\u00a0fuerte reclamo a la oposici\u00f3n\u00a0porque la\u00a0minuta\u00a0aprobada ya en la\u00a0C\u00e1mara de Diputados\u00a0no parece alcanzar los votos suficientes para pasar hoy. Se trata de una\u00a0iniciativa\u00a0del Partido Revolucionario Institucional (PRI) que permite a la Secretar\u00eda de la Defensa Nacional (Sedena) mantenerse en tutela de la\u00a0Guardia Nacional (GN) hasta 2028. \u201cHe [&hellip;]<\/p>\n","protected":false},"author":3,"featured_media":53267,"comment_status":"open","ping_status":"open","sticky":false,"template":"","format":"video","meta":{"_jetpack_newsletter_access":"","_jetpack_dont_email_post_to_subs":false,"_jetpack_newsletter_tier_id":0,"_jetpack_memberships_contains_paywalled_content":false,"_jetpack_feature_clip_id":0,"_jetpack_memberships_contains_paid_content":false,"footnotes":"","jetpack_publicize_message":"","jetpack_publicize_feature_enabled":true,"jetpack_social_post_already_shared":true,"jetpack_social_options":{"image_generator_settings":{"template":"highway","default_image_id":0,"font":"","enabled":false},"version":2},"jetpack_post_was_ever_published":false},"categories":[75,72],"tags":[],"class_list":["post-54174","post","type-post","status-publish","format-video","has-post-thumbnail","hentry","category-nacional","category-portada","post_format-post-format-video","post--single"],"jetpack_publicize_connections":[],"jetpack_featured_media_url":"https:\/\/ovelanalista.com\/wp-content\/uploads\/2022\/09\/Monreal-4.jpeg","jetpack_sharing_enabled":true,"_links":{"self":[{"href":"https:\/\/ovelanalista.com\/index.php?rest_route=\/wp\/v2\/posts\/54174","targetHints":{"allow":["GET"]}}],"collection":[{"href":"https:\/\/ovelanalista.com\/index.php?rest_route=\/wp\/v2\/posts"}],"about":[{"href":"https:\/\/ovelanalista.com\/index.php?rest_route=\/wp\/v2\/types\/post"}],"author":[{"embeddable":true,"href":"https:\/\/ovelanalista.com\/index.php?rest_route=\/wp\/v2\/users\/3"}],"replies":[{"embeddable":true,"href":"https:\/\/ovelanalista.com\/index.php?rest_route=%2Fwp%2Fv2%2Fcomments&post=54174"}],"version-history":[{"count":1,"href":"https:\/\/ovelanalista.com\/index.php?rest_route=\/wp\/v2\/posts\/54174\/revisions"}],"predecessor-version":[{"id":54175,"href":"https:\/\/ovelanalista.com\/index.php?rest_route=\/wp\/v2\/posts\/54174\/revisions\/54175"}],"wp:featuredmedia":[{"embeddable":true,"href":"https:\/\/ovelanalista.com\/index.php?rest_route=\/wp\/v2\/media\/53267"}],"wp:attachment":[{"href":"https:\/\/ovelanalista.com\/index.php?rest_route=%2Fwp%2Fv2%2Fmedia&parent=54174"}],"wp:term":[{"taxonomy":"category","embeddable":true,"href":"https:\/\/ovelanalista.com\/index.php?rest_route=%2Fwp%2Fv2%2Fcategories&post=54174"},{"taxonomy":"post_tag","embeddable":true,"href":"https:\/\/ovelanalista.com\/index.php?rest_route=%2Fwp%2Fv2%2Ftags&post=54174"}],"curies":[{"name":"wp","href":"https:\/\/api.w.org\/{rel}","templated":true}]}}