{"id":54333,"date":"2022-09-22T13:40:41","date_gmt":"2022-09-22T19:40:41","guid":{"rendered":"https:\/\/ovelanalista.com\/?p=54333"},"modified":"2022-09-22T11:56:39","modified_gmt":"2022-09-22T17:56:39","slug":"incendio-en-penal-femenil-de-hermosillo-deja-20-personas-intoxicadas","status":"publish","type":"post","link":"https:\/\/ovelanalista.com\/?p=54333","title":{"rendered":"Incendio en penal femenil de Hermosillo deja 20 personas intoxicadas"},"content":{"rendered":"<p><img decoding=\"async\" class=\"articlePage_TtvrImageMarker-DS-EntryPoint1-1\" src=\"data:image\/png;base64,iVBORw0KGgoAAAANSUhEUgAAAAEAAAABCAQAAAC1HAwCAAAAC0lEQVR42mNkYAAAAAYAAjCB0C8AAAAASUVORK5CYII=\" \/><\/p>\n<article>\n<div class=\"views-article-body articlePage_body-DS-EntryPoint1-1\">\n<p data-t=\"{&quot;n&quot;:&quot;blueLinks&quot;}\"><b>Seis internas resultaron intoxicadas por inhalaci\u00f3n de humo y 14 con cuadros leves<\/b>\u00a0durante\u00a0<b>el incendio registrado en el interior del \u00e1rea femenil del Centro de Reinserci\u00f3n Social (Cereso) Hermosillo 1<\/b>, inform\u00f3 la secretar\u00eda de Seguridad P\u00fablica, Mar\u00eda Dolores Del R\u00edo.<\/p>\n<p data-t=\"{&quot;n&quot;:&quot;blueLinks&quot;}\">Protecci\u00f3n Civil Sonora confirm\u00f3 que<b>\u00a0en total fueron evacuadas 600 personas, de las cuales 364 son internas<\/b>, adem\u00e1s d<b>e cuatro beb\u00e9s de 2 a\u00f1os que viven en el Cereso con sus madres.<\/b><\/p>\n<p data-t=\"{&quot;n&quot;:&quot;blueLinks&quot;}\"><b>El fuego inici\u00f3 cerca de las 6:00 de la tarde<\/b>\u00a0(hora local) del mi\u00e9rcoles 21 de septiembre\u00a0<b>en la carpinter\u00eda del Cereso 1<\/b>\u00a0y\u00a0<b>se propag\u00f3 al \u00e1rea de talleres,<\/b>\u00a0generando una enorme columna de humo negro que pod\u00eda verse desde cualquier punto de la capital sonorense.<\/p>\n<p data-t=\"{&quot;n&quot;:&quot;blueLinks&quot;}\">Durante la madrugada,\u00a0<b>personal del Departamento de Bomberos continuaba trabajando<\/b>\u00a0en la sofocaci\u00f3n del incendio<b>\u00a0con quince veh\u00edculos especiales y 39 elementos.<\/b><\/p>\n<p data-t=\"{&quot;n&quot;:&quot;blueLinks&quot;}\">Por parte de Cruz Roja\u00a0<b>arribaron ocho ambulancias<\/b>, sin embargo el coordinador estatal de Protecci\u00f3n Civil, Juan Gonz\u00e1lez Alvarado, inform\u00f3 que\u00a0<b>las internas intoxicadas fueron trasladadas al hospital que existe dentro de las instalaciones<\/b>\u00a0del mismo Cereso y se encuentran fuera de peligro.<\/p>\n<p class=\"continue-read-break\" data-t=\"{&quot;n&quot;:&quot;blueLinks&quot;}\">Pero ante la incertidumbre de los posibles riesgos que corr\u00edan las personas que est\u00e1n privadas de la libertad tanto en el \u00e1rea femenil como en el \u00e1rea varonil que est\u00e1 contigua, decenas de familiares se amotinaron afuera del Centro exigiendo informaci\u00f3n e incluso pidiendo que les permitieran ingresar, lo que por momentos gener\u00f3 conatos de violencia.<\/p>\n<p class=\"\" data-t=\"{&quot;n&quot;:&quot;blueLinks&quot;}\">A\u00fan cuando autoridades y personal de Cruz Roja salieron a dar informaci\u00f3n y les aseguraban que todos en el interior estaban a salvo, algunas personas segu\u00edan dudando al grado de impedir el paso de las pipas que sal\u00edan a recargar agua y de las ambulancias que eran detenidas para asegurarse que no trasladaban alg\u00fan lesionado.<\/p>\n<p class=\"\" data-t=\"{&quot;n&quot;:&quot;blueLinks&quot;}\">A medianoche nuevamente salieron a dar un reporte la secretar\u00eda de Seguridad P\u00fablica, Mar\u00eda Dolores del R\u00edo, el director de Bomberos de Hermosillo, Juan Francisco Matty Ortega, y el coordinador del Sistema Estatal Penitenciario, Nicollino Cangiamilla, quienes reiteraron que todos en el interior estaban a salvo.<\/p>\n<blockquote class=\"blockquote-text\"><p>\u201cTodas las personas est\u00e1n sanas y salvas, ma\u00f1ana se va a reactivar la visita de manera normal, ustedes van a poder entrar ma\u00f1ana a ver a su familiar y ver que todo est\u00e1 transcurriendo con normalidad\u201d, afirmaron.<\/p><\/blockquote>\n<p class=\"\">\u201cTodas las personas est\u00e1n sanas y salvas, ma\u00f1ana se va a reactivar la visita de manera normal, ustedes van a poder entrar ma\u00f1ana a ver a su familiar y ver que todo est\u00e1 transcurriendo con normalidad\u201d, afirmaron.<\/p>\n<p class=\"\" data-t=\"{&quot;n&quot;:&quot;blueLinks&quot;}\">Por momentos se escuchaban estruendos que algunos especularon que se trataba de explosiones generando crisis nerviosas entre algunas de las familiares, por lo que las autoridades explicaron que los ruidos se deb\u00edan al colapso de las estructuras met\u00e1licas del \u00e1rea de talleres donde se estaba combatiendo el incendio.<\/p>\n<p data-t=\"{&quot;n&quot;:&quot;blueLinks&quot;}\">En el lugar trabajaron elementos de la Guardia Nacional, la Secretar\u00eda de la Defensa Nacional (Sedena), la Polic\u00eda Estatal de Seguridad P\u00fablica (PESP), la Polic\u00eda Municipal, personal del Sistema Estatal Penitenciario, del Centro Regulador de Urgencias M\u00e9dicas (CRUM), y de Protecci\u00f3n Civil municipal y estatal, unos en la atenci\u00f3n de la emergencia y otros en el resguardo de la seguridad al interior y exterior del Cereso.<\/p>\n<\/div>\n<\/article>\n<p data-t=\"{&quot;n&quot;:&quot;blueLinks&quot;}\">\n<p data-t=\"{&quot;n&quot;:&quot;blueLinks&quot;}\">Con informaci\u00f3n de Milenio<\/p>\n","protected":false},"excerpt":{"rendered":"<p>Seis internas resultaron intoxicadas por inhalaci\u00f3n de humo y 14 con cuadros leves\u00a0durante\u00a0el incendio registrado en el interior del \u00e1rea femenil del Centro de Reinserci\u00f3n Social (Cereso) Hermosillo 1, inform\u00f3 la secretar\u00eda de Seguridad P\u00fablica, Mar\u00eda Dolores Del R\u00edo. Protecci\u00f3n Civil Sonora confirm\u00f3 que\u00a0en total fueron evacuadas 600 personas, de las cuales 364 son internas, adem\u00e1s de cuatro beb\u00e9s de 2 a\u00f1os que viven en el Cereso con sus madres. El fuego inici\u00f3 cerca de las 6:00 de la tarde\u00a0(hora local) del mi\u00e9rcoles 21 de septiembre\u00a0en la carpinter\u00eda del Cereso 1\u00a0y\u00a0se propag\u00f3 al \u00e1rea de talleres,\u00a0generando una enorme columna de [&hellip;]<\/p>\n","protected":false},"author":3,"featured_media":54334,"comment_status":"open","ping_status":"open","sticky":false,"template":"","format":"standard","meta":{"_jetpack_newsletter_access":"","_jetpack_dont_email_post_to_subs":false,"_jetpack_newsletter_tier_id":0,"_jetpack_memberships_contains_paywalled_content":false,"_jetpack_feature_clip_id":0,"_jetpack_memberships_contains_paid_content":false,"footnotes":"","jetpack_publicize_message":"","jetpack_publicize_feature_enabled":true,"jetpack_social_post_already_shared":true,"jetpack_social_options":{"image_generator_settings":{"template":"highway","default_image_id":0,"font":"","enabled":false},"version":2},"jetpack_post_was_ever_published":false},"categories":[75,72],"tags":[],"class_list":["post-54333","post","type-post","status-publish","format-standard","has-post-thumbnail","hentry","category-nacional","category-portada","post--single"],"jetpack_publicize_connections":[],"jetpack_featured_media_url":"https:\/\/ovelanalista.com\/wp-content\/uploads\/2022\/09\/Incendio-.jpeg","jetpack_sharing_enabled":true,"_links":{"self":[{"href":"https:\/\/ovelanalista.com\/index.php?rest_route=\/wp\/v2\/posts\/54333","targetHints":{"allow":["GET"]}}],"collection":[{"href":"https:\/\/ovelanalista.com\/index.php?rest_route=\/wp\/v2\/posts"}],"about":[{"href":"https:\/\/ovelanalista.com\/index.php?rest_route=\/wp\/v2\/types\/post"}],"author":[{"embeddable":true,"href":"https:\/\/ovelanalista.com\/index.php?rest_route=\/wp\/v2\/users\/3"}],"replies":[{"embeddable":true,"href":"https:\/\/ovelanalista.com\/index.php?rest_route=%2Fwp%2Fv2%2Fcomments&post=54333"}],"version-history":[{"count":1,"href":"https:\/\/ovelanalista.com\/index.php?rest_route=\/wp\/v2\/posts\/54333\/revisions"}],"predecessor-version":[{"id":54335,"href":"https:\/\/ovelanalista.com\/index.php?rest_route=\/wp\/v2\/posts\/54333\/revisions\/54335"}],"wp:featuredmedia":[{"embeddable":true,"href":"https:\/\/ovelanalista.com\/index.php?rest_route=\/wp\/v2\/media\/54334"}],"wp:attachment":[{"href":"https:\/\/ovelanalista.com\/index.php?rest_route=%2Fwp%2Fv2%2Fmedia&parent=54333"}],"wp:term":[{"taxonomy":"category","embeddable":true,"href":"https:\/\/ovelanalista.com\/index.php?rest_route=%2Fwp%2Fv2%2Fcategories&post=54333"},{"taxonomy":"post_tag","embeddable":true,"href":"https:\/\/ovelanalista.com\/index.php?rest_route=%2Fwp%2Fv2%2Ftags&post=54333"}],"curies":[{"name":"wp","href":"https:\/\/api.w.org\/{rel}","templated":true}]}}