{"id":54338,"date":"2022-09-22T14:00:02","date_gmt":"2022-09-22T20:00:02","guid":{"rendered":"https:\/\/ovelanalista.com\/?p=54338"},"modified":"2022-09-22T12:13:23","modified_gmt":"2022-09-22T18:13:23","slug":"video-amlo-y-jorge-ramos-discuten-por-numero-de-homicidios-en-mexico","status":"publish","type":"post","link":"https:\/\/ovelanalista.com\/?p=54338","title":{"rendered":"VIDEO: AMLO y Jorge Ramos discuten por n\u00famero de homicidios en M\u00e9xico"},"content":{"rendered":"<p data-t=\"{&quot;n&quot;:&quot;blueLinks&quot;}\">El periodista mexicano\u00a0<strong>Jorge Ramos<\/strong>, quien radica en Estados Unidos, acudi\u00f3 por cuarta ocasi\u00f3n a la conferencia de prensa del presidente\u00a0<strong>Andr\u00e9s Manuel L\u00f3pez Obrador<\/strong>\u00a0para cuestionarlo sobre el n\u00famero de\u00a0<strong>homicidios<\/strong>\u00a0que hay en\u00a0<strong>M\u00e9xico<\/strong>. El conductor de noticias asegur\u00f3 que el sexenio del tabasque\u00f1o es donde m\u00e1s se han presentado, lo cual desat\u00f3 un debate.<\/p>\n<div class=\"article-image-container\" data-t=\"{&quot;n&quot;:&quot;OpenModal&quot;,&quot;t&quot;:13}\">\n<blockquote><p>\u201cSu gobierno ya es el m\u00e1s violento en la historia moderna de\u00a0<strong>M\u00e9xico<\/strong>\u201d, dijo\u00a0<strong>Jorge Ramos\u00a0<\/strong>a\u00a0<strong>AMLO\u00a0<\/strong>al tiempo que le mostraba una gr\u00e1fica en la que se pueden ver los n\u00fameros de homicidios que se han dado en el pa\u00eds.<\/p><\/blockquote>\n<div class=\"article-image-slot\" data-image-href=\"https:\/\/www.msn.com\/es-mx\/noticias\/mexico\/video-amlo-y-jorge-ramos-discuten-por-n%C3%BAmero-de-homicidios-en-m%C3%A9xico\/ar-AA128aaW?ocid=EMMX&amp;cvid=ac5cbcaf6fe340d7ab261077254da11b&amp;fullscreen=true#image=2\" data-doc-id=\"cms\/api\/amp\/image\/AA127r7B\" data-rendered=\"true\">\n<div class=\"article-image-container\" data-t=\"{&quot;n&quot;:&quot;OpenModal&quot;,&quot;t&quot;:13}\">\n<div style=\"width: 778px\" class=\"wp-caption alignnone\"><a class=\"article-image-height-wrapper\" href=\"https:\/\/www.msn.com\/es-mx\/noticias\/mexico\/video-amlo-y-jorge-ramos-discuten-por-n%C3%BAmero-de-homicidios-en-m%C3%A9xico\/ar-AA128aaW?ocid=EMMX&amp;cvid=ac5cbcaf6fe340d7ab261077254da11b&amp;fullscreen=true#image=2\" data-t=\"{&quot;n&quot;:&quot;destination&quot;,&quot;t&quot;:14,&quot;b&quot;:1,&quot;c.t&quot;:14}\"><img loading=\"lazy\" decoding=\"async\" class=\"article-image\" tabindex=\"0\" title=\"Jorge Ramos muestra estad\u00edsticas de homicidios en M\u00e9xico. Foto: captura de pantalla.\" src=\"https:\/\/img-s-msn-com.akamaized.net\/tenant\/amp\/entityid\/AA127r7B.img?w=768&amp;h=426&amp;m=6&amp;x=649&amp;y=242&amp;s=28&amp;d=28\" alt=\"Jorge Ramos muestra estad\u00edsticas de homicidios en M\u00e9xico. Foto: captura de pantalla.\" width=\"768\" height=\"426\" \/><\/a><p class=\"wp-caption-text\">Jorge Ramos muestra estad\u00edsticas de homicidios en M\u00e9xico. Foto: captura de pantalla.\u00a9 Proporcionado por Quinto Poder<\/p><\/div>\n<\/div>\n<\/div>\n<p data-t=\"{&quot;n&quot;:&quot;blueLinks&quot;}\">L\u00f3pez Obrador respondi\u00f3 al periodista, al que le dijo que no estaba de acuerdo con lo que hab\u00eda dicho y comparti\u00f3 una gr\u00e1fica donde se ve que en su gobierno se ha logrado una disminuci\u00f3n de 10.6 por ciento en homicidios dolosos.<\/p>\n<blockquote><p>&#8220;Nos cost\u00f3 mucho lograr esto porque la tendencia, si no nos hubiese funcionado nuestra estrategia de abrazos, no balazos, que se puede tambi\u00e9n resumir en que la paz es fruto de la justicia&#8221;, se\u00f1al\u00f3 AMLO.<\/p><\/blockquote>\n<div class=\"article-image-slot\" data-image-href=\"https:\/\/www.msn.com\/es-mx\/noticias\/mexico\/video-amlo-y-jorge-ramos-discuten-por-n%C3%BAmero-de-homicidios-en-m%C3%A9xico\/ar-AA128aaW?ocid=EMMX&amp;cvid=ac5cbcaf6fe340d7ab261077254da11b&amp;fullscreen=true#image=3\" data-doc-id=\"cms\/api\/amp\/image\/AA128aaH\" data-rendered=\"true\">\n<div class=\"article-image-container\" data-t=\"{&quot;n&quot;:&quot;OpenModal&quot;,&quot;t&quot;:13}\">\n<div style=\"width: 778px\" class=\"wp-caption alignnone\"><a class=\"article-image-height-wrapper\" href=\"https:\/\/www.msn.com\/es-mx\/noticias\/mexico\/video-amlo-y-jorge-ramos-discuten-por-n%C3%BAmero-de-homicidios-en-m%C3%A9xico\/ar-AA128aaW?ocid=EMMX&amp;cvid=ac5cbcaf6fe340d7ab261077254da11b&amp;fullscreen=true#image=3\" data-t=\"{&quot;n&quot;:&quot;destination&quot;,&quot;t&quot;:14,&quot;b&quot;:1,&quot;c.t&quot;:14}\"><img loading=\"lazy\" decoding=\"async\" class=\"article-image\" tabindex=\"0\" title=\"Comparativa de homicidios por sexenio. Foto: captura de pantalla.\" src=\"https:\/\/img-s-msn-com.akamaized.net\/tenant\/amp\/entityid\/AA128aaH.img?w=768&amp;h=423&amp;m=6&amp;x=213&amp;y=78&amp;s=496&amp;d=28\" alt=\"Comparativa de homicidios por sexenio. Foto: captura de pantalla.\" width=\"768\" height=\"423\" \/><\/a><p class=\"wp-caption-text\">Comparativa de homicidios por sexenio. Foto: captura de pantalla.\u00a9\u00a0Proporcionado por Quinto Poder<\/p><\/div>\n<div class=\"image-caption-container\"><\/div>\n<\/div>\n<\/div>\n<p data-t=\"{&quot;n&quot;:&quot;blueLinks&quot;}\"><strong>Jorge Ramos<\/strong>\u00a0cuestion\u00f3 a\u00a0<strong>AMLO\u00a0<\/strong>de que no ha habido una disminuci\u00f3n de 10 por ciento, como AMLO se\u00f1ala, pero el presidente asegur\u00f3 que se ha dado con respecto a los cuatro a\u00f1os de su gobierno. El periodista asegur\u00f3 que si contin\u00faa la tendencia, cuando termine el sexenio de AMLO habr\u00e1 191 mil muertos en el pa\u00eds. Sin embargo, el presidente defendi\u00f3 su estrategia y se\u00f1al\u00f3 que ya comenz\u00f3 a dar resultados.<\/p>\n<blockquote class=\"twitter-tweet\" data-width=\"550\" data-dnt=\"true\">\n<p lang=\"es\" dir=\"ltr\">Aqu\u00ed frente a Catedral en la ciudad de M\u00e9xico tras la alarma de sismo <a href=\"https:\/\/t.co\/MAHj61YLbj\">pic.twitter.com\/MAHj61YLbj<\/a><\/p>\n<p>&mdash; JORGE RAMOS (@jorgeramosnews) <a href=\"https:\/\/twitter.com\/jorgeramosnews\/status\/1572836260963840000?ref_src=twsrc%5Etfw\">September 22, 2022<\/a><\/p><\/blockquote>\n<p><script async src=\"https:\/\/platform.twitter.com\/widgets.js\" charset=\"utf-8\"><\/script><\/p>\n<p>El presidente sentenci\u00f3 que sus adversarios quieren que haya muertos en su sexenio para que le vaya mal al pa\u00eds y, en consecuencia, le vaya mal a \u00e9l, sin embargo, pese a la difusi\u00f3n que le han dado, no han podido, asegur\u00f3 L\u00f3pez Obrador. &#8220;Sostengo que no vamos a cambiar la estrategia porque nos est\u00e1 dando resultados&#8221;, dijo.<\/p>\n<div class=\"article-image-slot\" data-image-href=\"https:\/\/www.msn.com\/es-mx\/noticias\/mexico\/video-amlo-y-jorge-ramos-discuten-por-n%C3%BAmero-de-homicidios-en-m%C3%A9xico\/ar-AA128aaW?ocid=EMMX&amp;cvid=ac5cbcaf6fe340d7ab261077254da11b&amp;fullscreen=true#image=4\" data-doc-id=\"cms\/api\/amp\/image\/AA1287G9\" data-rendered=\"true\">\n<div class=\"article-image-container\" data-t=\"{&quot;n&quot;:&quot;OpenModal&quot;,&quot;t&quot;:13}\">\n<div style=\"width: 778px\" class=\"wp-caption alignnone\"><a class=\"article-image-height-wrapper\" href=\"https:\/\/www.msn.com\/es-mx\/noticias\/mexico\/video-amlo-y-jorge-ramos-discuten-por-n%C3%BAmero-de-homicidios-en-m%C3%A9xico\/ar-AA128aaW?ocid=EMMX&amp;cvid=ac5cbcaf6fe340d7ab261077254da11b&amp;fullscreen=true#image=4\" data-t=\"{&quot;n&quot;:&quot;destination&quot;,&quot;t&quot;:14,&quot;b&quot;:1,&quot;c.t&quot;:14}\"><img loading=\"lazy\" decoding=\"async\" class=\"article-image\" tabindex=\"0\" title=\"Debate entre AMLO y Jorge Ramos. Foto: captura de pantalla.\" src=\"https:\/\/img-s-msn-com.akamaized.net\/tenant\/amp\/entityid\/AA1287G9.img?w=768&amp;h=435&amp;m=6&amp;x=651&amp;y=234&amp;s=30&amp;d=30\" alt=\"Debate entre AMLO y Jorge Ramos. Foto: captura de pantalla.\" width=\"768\" height=\"435\" \/><\/a><p class=\"wp-caption-text\">Debate entre AMLO y Jorge Ramos. Foto: captura de pantalla.\u00a9\u00a0Proporcionado por Quinto Poder<\/p><\/div>\n<div class=\"image-caption-container\"><\/div>\n<\/div>\n<\/div>\n<p>AMLO tambi\u00e9n record\u00f3 que los grupos\u00a0 del crimen organizado como el C\u00e1rtel Jalisco Nueva Generaci\u00f3n, el C\u00e1rtel de Sinaloa y otras agrupaciones se formaron en anteriores sexenios y bajo su administraci\u00f3n, la cual inici\u00f3 en 2018, no se han surgido otras organizaciones delictivas.\u00a0\u00a0<a tabindex=\"0\" href=\"https:\/\/quinto-poder.mx\/politicos\/2021\/11\/30\/yo-estoy-con-carmen-jorge-ramos-respalda-aristegui-tras-criticas-de-amlo-7943.html\" target=\"_blank\" rel=\"noopener\" data-t=\"{&quot;n&quot;:&quot;destination&quot;,&quot;t&quot;:13,&quot;b&quot;:1,&quot;c.t&quot;:7}\">TE PUEDE INTERESAR:\u00a0&#8220;Yo estoy con Carmen&#8221;: Jorge Ramos respalda a Aristegui tras cr\u00edticas de AMLO<\/a>\u00a0<strong>Jorge Ramos<\/strong>\u00a0propuso a\u00a0<strong>L\u00f3pez Obrador\u00a0<\/strong>participar en una convenci\u00f3n nacional de di\u00e1logos por la paz con especialistas, a la cual\u00a0accedi\u00f3, aunque dijo que los expertos no est\u00e1n de acuerdo con su estrategia de abrazos, no balazos. Puedes ver sus declaraciones a partir del minuto 1:36:45. Para m\u00e1s noticias,\u00a0<a tabindex=\"0\" href=\"https:\/\/news.google.com\/publications\/CAAqBwgKMOmh-wowzM7zAg?hl=es-419&amp;gl=MX&amp;ceid=MX%3Aes-419\" target=\"_blank\" rel=\"noopener\" data-t=\"{&quot;n&quot;:&quot;destination&quot;,&quot;t&quot;:13,&quot;b&quot;:1,&quot;c.t&quot;:7}\">s\u00edguenos en Google News<\/a>.<\/p>\n<div class=\"widget-youtube\">\n<div class=\"video-adaptable\">\n<div class=\"article-video-slot\" data-doc-id=\"AA128fbR\" data-content-embed-type=\"partner\" data-rendered=\"true\">\n<div data-t=\"{&quot;n&quot;:&quot;VideoCardWC&quot;,&quot;t&quot;:8,&quot;ext&quot;:{}}\"><\/div>\n<div class=\"videocard3PP\" data-t=\"{&quot;n&quot;:&quot;VideoCardWC&quot;,&quot;t&quot;:8,&quot;ext&quot;:{}}\">Con informaci\u00f3n de Quinto Poder<\/div>\n<\/div>\n<\/div>\n<\/div>\n<\/div>\n","protected":false},"excerpt":{"rendered":"<p>El periodista mexicano\u00a0Jorge Ramos, quien radica en Estados Unidos, acudi\u00f3 por cuarta ocasi\u00f3n a la conferencia de prensa del presidente\u00a0Andr\u00e9s Manuel L\u00f3pez Obrador\u00a0para cuestionarlo sobre el n\u00famero de\u00a0homicidios\u00a0que hay en\u00a0M\u00e9xico. El conductor de noticias asegur\u00f3 que el sexenio del tabasque\u00f1o es donde m\u00e1s se han presentado, lo cual desat\u00f3 un debate. \u201cSu gobierno ya es el m\u00e1s violento en la historia moderna de\u00a0M\u00e9xico\u201d, dijo\u00a0Jorge Ramos\u00a0a\u00a0AMLO\u00a0al tiempo que le mostraba una gr\u00e1fica en la que se pueden ver los n\u00fameros de homicidios que se han dado en el pa\u00eds. L\u00f3pez Obrador respondi\u00f3 al periodista, al que le dijo que no estaba [&hellip;]<\/p>\n","protected":false},"author":3,"featured_media":54339,"comment_status":"open","ping_status":"open","sticky":false,"template":"","format":"video","meta":{"_jetpack_newsletter_access":"","_jetpack_dont_email_post_to_subs":false,"_jetpack_newsletter_tier_id":0,"_jetpack_memberships_contains_paywalled_content":false,"_jetpack_feature_clip_id":0,"_jetpack_memberships_contains_paid_content":false,"footnotes":"","jetpack_publicize_message":"","jetpack_publicize_feature_enabled":true,"jetpack_social_post_already_shared":true,"jetpack_social_options":{"image_generator_settings":{"template":"highway","default_image_id":0,"font":"","enabled":false},"version":2},"jetpack_post_was_ever_published":false},"categories":[75,72],"tags":[],"class_list":["post-54338","post","type-post","status-publish","format-video","has-post-thumbnail","hentry","category-nacional","category-portada","post_format-post-format-video","post--single"],"jetpack_publicize_connections":[],"jetpack_featured_media_url":"https:\/\/ovelanalista.com\/wp-content\/uploads\/2022\/09\/AMLO-y-Jorge-Ramos.jpeg","jetpack_sharing_enabled":true,"_links":{"self":[{"href":"https:\/\/ovelanalista.com\/index.php?rest_route=\/wp\/v2\/posts\/54338","targetHints":{"allow":["GET"]}}],"collection":[{"href":"https:\/\/ovelanalista.com\/index.php?rest_route=\/wp\/v2\/posts"}],"about":[{"href":"https:\/\/ovelanalista.com\/index.php?rest_route=\/wp\/v2\/types\/post"}],"author":[{"embeddable":true,"href":"https:\/\/ovelanalista.com\/index.php?rest_route=\/wp\/v2\/users\/3"}],"replies":[{"embeddable":true,"href":"https:\/\/ovelanalista.com\/index.php?rest_route=%2Fwp%2Fv2%2Fcomments&post=54338"}],"version-history":[{"count":1,"href":"https:\/\/ovelanalista.com\/index.php?rest_route=\/wp\/v2\/posts\/54338\/revisions"}],"predecessor-version":[{"id":54340,"href":"https:\/\/ovelanalista.com\/index.php?rest_route=\/wp\/v2\/posts\/54338\/revisions\/54340"}],"wp:featuredmedia":[{"embeddable":true,"href":"https:\/\/ovelanalista.com\/index.php?rest_route=\/wp\/v2\/media\/54339"}],"wp:attachment":[{"href":"https:\/\/ovelanalista.com\/index.php?rest_route=%2Fwp%2Fv2%2Fmedia&parent=54338"}],"wp:term":[{"taxonomy":"category","embeddable":true,"href":"https:\/\/ovelanalista.com\/index.php?rest_route=%2Fwp%2Fv2%2Fcategories&post=54338"},{"taxonomy":"post_tag","embeddable":true,"href":"https:\/\/ovelanalista.com\/index.php?rest_route=%2Fwp%2Fv2%2Ftags&post=54338"}],"curies":[{"name":"wp","href":"https:\/\/api.w.org\/{rel}","templated":true}]}}