{"id":54348,"date":"2022-09-22T14:40:09","date_gmt":"2022-09-22T20:40:09","guid":{"rendered":"https:\/\/ovelanalista.com\/?p=54348"},"modified":"2022-09-22T12:22:46","modified_gmt":"2022-09-22T18:22:46","slug":"no-hubo-danos-mayores-tras-sismo-amlo-se-ampliara-censo-iniciado-por-temblor-del-19-s","status":"publish","type":"post","link":"https:\/\/ovelanalista.com\/?p=54348","title":{"rendered":"No hubo da\u00f1os mayores tras sismo: AMLO; se ampliar\u00e1 censo iniciado por temblor del 19-S"},"content":{"rendered":"<p data-t=\"{&quot;n&quot;:&quot;blueLinks&quot;}\">El presidente\u00a0<a tabindex=\"0\" href=\"https:\/\/www.milenio.com\/temas\/amlo\" target=\"_blank\" rel=\"noopener\" data-t=\"{&quot;n&quot;:&quot;destination&quot;,&quot;t&quot;:13,&quot;b&quot;:1,&quot;c.t&quot;:7}\">Andr\u00e9s Manuel L\u00f3pez Obrador<\/a>\u00a0inform\u00f3 que\u00a0<b>no se reportaron da\u00f1os mayores por el sismo de 6.9<\/b>, con epicentro en Michoac\u00e1n, que ocurri\u00f3 esta madrugada y se sinti\u00f3 en al menos cinco estados, como parte de una r\u00e9plica del temblor de 7.7 del 19 de septiembre pasado.<\/p>\n<p data-t=\"{&quot;n&quot;:&quot;blueLinks&quot;}\">En La Ma\u00f1anera desde Palacio Nacional, L\u00f3pez Obrador<b>\u00a0lament\u00f3 el fallecimiento de dos personas\u00a0<\/b>a causa del sismo en la Ciudad de M\u00e9xico.<\/p>\n<blockquote class=\"blockquote-text\"><p>&#8220;Afortunadamente no hubieron da\u00f1os mayores, desde luego se lamenta la p\u00e9rdida de dos personas aqu\u00ed en la Ciudad de M\u00e9xico, una se\u00f1ora que se cay\u00f3 y se golpe\u00f3 la cabeza, falleci\u00f3, y otra persona que falleci\u00f3, seg\u00fan el informe del gobierno de la ciudad, por un infarto&#8221;, dijo.<\/p><\/blockquote>\n<p>&#8220;Afortunadamente no hubieron da\u00f1os mayores, desde luego se lamenta la p\u00e9rdida de dos personas aqu\u00ed en la Ciudad de M\u00e9xico, una se\u00f1ora que se cay\u00f3 y se golpe\u00f3 la cabeza, falleci\u00f3, y otra persona que falleci\u00f3, seg\u00fan el informe del gobierno de la ciudad, por un infarto&#8221;, dijo.<\/p>\n<p data-t=\"{&quot;n&quot;:&quot;blueLinks&quot;}\">Destac\u00f3 que en varios estados, el sismo gener\u00f3 da\u00f1os materiales menores; no obstante, indic\u00f3 que\u00a0ampliar\u00e1n las labores de evaluaci\u00f3n en Michoac\u00e1n y Colima, para incluir en el censo de las afectaciones, que inici\u00f3 el 19 de septiembre.<\/p>\n<blockquote><p>&#8220;En el resto del pa\u00eds da\u00f1os materiales menores, ya se est\u00e1 trabajando, haciendo un censo desde el 19 de viviendas afectadas en Michoac\u00e1n, Colima, de instalaciones educativas de salud, caminos y ya se van a quedar all\u00e1 quienes estaban trabajando para ampliar, ahora, con motivo de esta r\u00e9plica el trabajo de evaluaci\u00f3n y tener un conocimiento m\u00e1s apegado a lo que se necesito para ayudar como siempre lo hacemos&#8221;, mencion\u00f3.<\/p><\/blockquote>\n<p>&nbsp;<\/p>\n<p>Con informaci\u00f3n de Milenio<\/p>\n","protected":false},"excerpt":{"rendered":"<p>El presidente\u00a0Andr\u00e9s Manuel L\u00f3pez Obrador\u00a0inform\u00f3 que\u00a0no se reportaron da\u00f1os mayores por el sismo de 6.9, con epicentro en Michoac\u00e1n, que ocurri\u00f3 esta madrugada y se sinti\u00f3 en al menos cinco estados, como parte de una r\u00e9plica del temblor de 7.7 del 19 de septiembre pasado. En La Ma\u00f1anera desde Palacio Nacional, L\u00f3pez Obrador\u00a0lament\u00f3 el fallecimiento de dos personas\u00a0a causa del sismo en la Ciudad de M\u00e9xico. &#8220;Afortunadamente no hubieron da\u00f1os mayores, desde luego se lamenta la p\u00e9rdida de dos personas aqu\u00ed en la Ciudad de M\u00e9xico, una se\u00f1ora que se cay\u00f3 y se golpe\u00f3 la cabeza, falleci\u00f3, y otra persona [&hellip;]<\/p>\n","protected":false},"author":3,"featured_media":51200,"comment_status":"open","ping_status":"open","sticky":false,"template":"","format":"standard","meta":{"_jetpack_newsletter_access":"","_jetpack_dont_email_post_to_subs":false,"_jetpack_newsletter_tier_id":0,"_jetpack_memberships_contains_paywalled_content":false,"_jetpack_feature_clip_id":0,"_jetpack_memberships_contains_paid_content":false,"footnotes":"","jetpack_publicize_message":"","jetpack_publicize_feature_enabled":true,"jetpack_social_post_already_shared":true,"jetpack_social_options":{"image_generator_settings":{"template":"highway","default_image_id":0,"font":"","enabled":false},"version":2},"jetpack_post_was_ever_published":false},"categories":[75,72],"tags":[],"class_list":["post-54348","post","type-post","status-publish","format-standard","has-post-thumbnail","hentry","category-nacional","category-portada","post--single"],"jetpack_publicize_connections":[],"jetpack_featured_media_url":"https:\/\/ovelanalista.com\/wp-content\/uploads\/2022\/08\/AMLO-78.jpeg","jetpack_sharing_enabled":true,"_links":{"self":[{"href":"https:\/\/ovelanalista.com\/index.php?rest_route=\/wp\/v2\/posts\/54348","targetHints":{"allow":["GET"]}}],"collection":[{"href":"https:\/\/ovelanalista.com\/index.php?rest_route=\/wp\/v2\/posts"}],"about":[{"href":"https:\/\/ovelanalista.com\/index.php?rest_route=\/wp\/v2\/types\/post"}],"author":[{"embeddable":true,"href":"https:\/\/ovelanalista.com\/index.php?rest_route=\/wp\/v2\/users\/3"}],"replies":[{"embeddable":true,"href":"https:\/\/ovelanalista.com\/index.php?rest_route=%2Fwp%2Fv2%2Fcomments&post=54348"}],"version-history":[{"count":2,"href":"https:\/\/ovelanalista.com\/index.php?rest_route=\/wp\/v2\/posts\/54348\/revisions"}],"predecessor-version":[{"id":54350,"href":"https:\/\/ovelanalista.com\/index.php?rest_route=\/wp\/v2\/posts\/54348\/revisions\/54350"}],"wp:featuredmedia":[{"embeddable":true,"href":"https:\/\/ovelanalista.com\/index.php?rest_route=\/wp\/v2\/media\/51200"}],"wp:attachment":[{"href":"https:\/\/ovelanalista.com\/index.php?rest_route=%2Fwp%2Fv2%2Fmedia&parent=54348"}],"wp:term":[{"taxonomy":"category","embeddable":true,"href":"https:\/\/ovelanalista.com\/index.php?rest_route=%2Fwp%2Fv2%2Fcategories&post=54348"},{"taxonomy":"post_tag","embeddable":true,"href":"https:\/\/ovelanalista.com\/index.php?rest_route=%2Fwp%2Fv2%2Ftags&post=54348"}],"curies":[{"name":"wp","href":"https:\/\/api.w.org\/{rel}","templated":true}]}}