{"id":54386,"date":"2022-09-22T16:10:29","date_gmt":"2022-09-22T22:10:29","guid":{"rendered":"https:\/\/ovelanalista.com\/?p=54386"},"modified":"2022-09-22T13:49:38","modified_gmt":"2022-09-22T19:49:38","slug":"amlo-exhibe-a-senadores-que-se-oponen-a-mantener-a-las-fuerzas-armadas-en-las-calles-seguira-insistiendo-en-iniciativa-dice","status":"publish","type":"post","link":"https:\/\/ovelanalista.com\/?p=54386","title":{"rendered":"AMLO exhibe a senadores que se oponen a mantener a las Fuerzas Armadas en las calles; seguir\u00e1 insistiendo en iniciativa, dice"},"content":{"rendered":"<p data-t=\"{&quot;n&quot;:&quot;blueLinks&quot;}\">El presidente Andr\u00e9s Manuel L\u00f3pez Obrador exhibi\u00f3 la lista de senadores que se pronunciaron en contra de la\u00a0<a tabindex=\"0\" href=\"https:\/\/www.animalpolitico.com\/2022\/09\/senado-pleno-reforma-ejercito-calles-2028\/\" target=\"_blank\" rel=\"noopener\" data-t=\"{&quot;n&quot;:&quot;destination&quot;,&quot;t&quot;:13,&quot;b&quot;:1,&quot;c.t&quot;:7}\">iniciativa para mantener a las Fuerzas Armadas en las calles\u00a0<\/a>hasta el 2028; afirm\u00f3 que \u00e9l seguir\u00e1 insistiendo en la reforma.<\/p>\n<p data-t=\"{&quot;n&quot;:&quot;blueLinks&quot;}\">En conferencia de prensa, se\u00f1al\u00f3 que mientras est\u00e9 en el gobierno, insistir\u00e1 en la presentaci\u00f3n de la iniciativa ante el Congreso, incluso plante\u00f3 que se puede realizar una consulta ciudadana.<\/p>\n<p data-t=\"{&quot;n&quot;:&quot;blueLinks&quot;}\">\u201cMientras yo est\u00e9 de presidente, como tengo la facultad de hacerlo, presentar iniciativas, voy a seguir insistiendo porque no quiero que la Guardia Nacional termine como la Polic\u00eda Federal bajo el mando de gente como Garc\u00eda Luna o como Chong.<\/p>\n<p data-t=\"{&quot;n&quot;:&quot;blueLinks&quot;}\">\u201cNo lo descarto porque hasta lo podr\u00edamos consultar a la gente, preguntarle a la gente, necesitamos seguir debatiendo, que ya m\u00e1s informaci\u00f3n, que se le pregunte al pueblo\u201d, dijo.<\/p>\n<p data-t=\"{&quot;n&quot;:&quot;blueLinks&quot;}\">Ayer, el pleno del Senado aprob\u00f3 suspender la discusi\u00f3n de la reforma que busca ampliar la presencia de las Fuerzas Armadas en tareas de seguridad p\u00fablica hasta 2028, as\u00ed como devolver el dictamen a las comisiones de Puntos Constitucionales y de Estudios Legislativos, Segunda.<\/p>\n<blockquote class=\"twitter-tweet\" data-width=\"550\" data-dnt=\"true\">\n<p lang=\"es\" dir=\"ltr\">.<a href=\"https:\/\/twitter.com\/lopezobrador_?ref_src=twsrc%5Etfw\">@lopezobrador_<\/a> dice que \u00e9l va a seguir insistiendo en la reforma para extender la presencia del Ej\u00e9rcito en tareas de seguridad p\u00fablica y exhibe la lista de senadores que ayer se manifestaron en contra del dictamen. <a href=\"https:\/\/t.co\/M28KSH2jkx\">pic.twitter.com\/M28KSH2jkx<\/a><\/p>\n<p>&mdash; Animal Pol\u00edtico (@Pajaropolitico) <a href=\"https:\/\/twitter.com\/Pajaropolitico\/status\/1572943631996026880?ref_src=twsrc%5Etfw\">September 22, 2022<\/a><\/p><\/blockquote>\n<p><script async src=\"https:\/\/platform.twitter.com\/widgets.js\" charset=\"utf-8\"><\/script><\/p>\n<p class=\"continue-read-break\" data-t=\"{&quot;n&quot;:&quot;blueLinks&quot;}\">Ante ello, L\u00f3pez Obrador indic\u00f3 que cuando le informaron que se procurar\u00eda retirar la iniciativa, les pidi\u00f3 que votar\u00e1n sin importar que se perdiera.<\/p>\n<p class=\"\" data-t=\"{&quot;n&quot;:&quot;blueLinks&quot;}\">\u201cDi mi opini\u00f3n: \u2018no, voten\u2019, para saber qui\u00e9n es qui\u00e9n. Aqu\u00ed est\u00e1 de por medio la opini\u00f3n no s\u00f3lo de las \u00e9lites, sino de los representantes populares, que la mayor\u00eda de esto se\u00f1ores del conservadurismo, son representantes de los grupos de intereses creados, los representantes que se han dedicado a saquear a M\u00e9xico\u201d, dijo.<\/p>\n<p class=\"\" data-t=\"{&quot;n&quot;:&quot;blueLinks&quot;}\">La suspensi\u00f3n del debate se dio a\u00a0<a tabindex=\"0\" href=\"https:\/\/www.animalpolitico.com\/2022\/09\/senado-pleno-reforma-ejercito-calles-2028\/\" target=\"_blank\" rel=\"noopener\" data-t=\"{&quot;n&quot;:&quot;destination&quot;,&quot;t&quot;:13,&quot;b&quot;:1,&quot;c.t&quot;:7}\">petici\u00f3n de Morena<\/a>\u00a0y pese a los reclamos de la oposici\u00f3n. Pasadas las 15:30 horas de este mi\u00e9rcoles, luego de intercambios de se\u00f1alamientos, la Mesa Directiva someti\u00f3 a votaci\u00f3n el retiro del tema, lo que fue aprobado en una votaci\u00f3n dividida.<\/p>\n<p class=\"\" data-t=\"{&quot;n&quot;:&quot;blueLinks&quot;}\">Desde la oposici\u00f3n, senadores reclamaron que la suspensi\u00f3n solamente se decidi\u00f3 porque a Morena y sus aliados no les alcanzaban los votos para aprobar la reforma.<\/p>\n<p data-t=\"{&quot;n&quot;:&quot;blueLinks&quot;}\">\n<p data-t=\"{&quot;n&quot;:&quot;blueLinks&quot;}\">Con informaci\u00f3n de Animal Pol\u00edtico<\/p>\n","protected":false},"excerpt":{"rendered":"<p>El presidente Andr\u00e9s Manuel L\u00f3pez Obrador exhibi\u00f3 la lista de senadores que se pronunciaron en contra de la\u00a0iniciativa para mantener a las Fuerzas Armadas en las calles\u00a0hasta el 2028; afirm\u00f3 que \u00e9l seguir\u00e1 insistiendo en la reforma. En conferencia de prensa, se\u00f1al\u00f3 que mientras est\u00e9 en el gobierno, insistir\u00e1 en la presentaci\u00f3n de la iniciativa ante el Congreso, incluso plante\u00f3 que se puede realizar una consulta ciudadana. \u201cMientras yo est\u00e9 de presidente, como tengo la facultad de hacerlo, presentar iniciativas, voy a seguir insistiendo porque no quiero que la Guardia Nacional termine como la Polic\u00eda Federal bajo el mando de [&hellip;]<\/p>\n","protected":false},"author":3,"featured_media":54387,"comment_status":"open","ping_status":"open","sticky":false,"template":"","format":"standard","meta":{"_jetpack_newsletter_access":"","_jetpack_dont_email_post_to_subs":false,"_jetpack_newsletter_tier_id":0,"_jetpack_memberships_contains_paywalled_content":false,"_jetpack_feature_clip_id":0,"_jetpack_memberships_contains_paid_content":false,"footnotes":"","jetpack_publicize_message":"","jetpack_publicize_feature_enabled":true,"jetpack_social_post_already_shared":true,"jetpack_social_options":{"image_generator_settings":{"template":"highway","default_image_id":0,"font":"","enabled":false},"version":2},"jetpack_post_was_ever_published":false},"categories":[75,72],"tags":[],"class_list":["post-54386","post","type-post","status-publish","format-standard","has-post-thumbnail","hentry","category-nacional","category-portada","post--single"],"jetpack_publicize_connections":[],"jetpack_featured_media_url":"https:\/\/ovelanalista.com\/wp-content\/uploads\/2022\/09\/AMLO-1-7.jpeg","jetpack_sharing_enabled":true,"_links":{"self":[{"href":"https:\/\/ovelanalista.com\/index.php?rest_route=\/wp\/v2\/posts\/54386","targetHints":{"allow":["GET"]}}],"collection":[{"href":"https:\/\/ovelanalista.com\/index.php?rest_route=\/wp\/v2\/posts"}],"about":[{"href":"https:\/\/ovelanalista.com\/index.php?rest_route=\/wp\/v2\/types\/post"}],"author":[{"embeddable":true,"href":"https:\/\/ovelanalista.com\/index.php?rest_route=\/wp\/v2\/users\/3"}],"replies":[{"embeddable":true,"href":"https:\/\/ovelanalista.com\/index.php?rest_route=%2Fwp%2Fv2%2Fcomments&post=54386"}],"version-history":[{"count":1,"href":"https:\/\/ovelanalista.com\/index.php?rest_route=\/wp\/v2\/posts\/54386\/revisions"}],"predecessor-version":[{"id":54388,"href":"https:\/\/ovelanalista.com\/index.php?rest_route=\/wp\/v2\/posts\/54386\/revisions\/54388"}],"wp:featuredmedia":[{"embeddable":true,"href":"https:\/\/ovelanalista.com\/index.php?rest_route=\/wp\/v2\/media\/54387"}],"wp:attachment":[{"href":"https:\/\/ovelanalista.com\/index.php?rest_route=%2Fwp%2Fv2%2Fmedia&parent=54386"}],"wp:term":[{"taxonomy":"category","embeddable":true,"href":"https:\/\/ovelanalista.com\/index.php?rest_route=%2Fwp%2Fv2%2Fcategories&post=54386"},{"taxonomy":"post_tag","embeddable":true,"href":"https:\/\/ovelanalista.com\/index.php?rest_route=%2Fwp%2Fv2%2Ftags&post=54386"}],"curies":[{"name":"wp","href":"https:\/\/api.w.org\/{rel}","templated":true}]}}