{"id":54798,"date":"2022-09-26T10:09:47","date_gmt":"2022-09-26T16:09:47","guid":{"rendered":"https:\/\/ovelanalista.com\/?p=54798"},"modified":"2022-09-26T10:09:47","modified_gmt":"2022-09-26T16:09:47","slug":"8-anos-del-caso-ayotzinapa-estas-son-las-marchas-que-habra-para-exigir-justicia","status":"publish","type":"post","link":"https:\/\/ovelanalista.com\/?p=54798","title":{"rendered":"8 a\u00f1os del caso Ayotzinapa: estas son las marchas que habr\u00e1 para exigir justicia"},"content":{"rendered":"<p><img decoding=\"async\" class=\"articlePage_TtvrImageMarker-DS-EntryPoint1-1\" src=\"data:image\/png;base64,iVBORw0KGgoAAAANSUhEUgAAAAEAAAABCAQAAAC1HAwCAAAAC0lEQVR42mNkYAAAAAYAAjCB0C8AAAAASUVORK5CYII=\" \/><\/p>\n<article>\n<div class=\"views-article-body articlePage_body-DS-EntryPoint1-1\">\n<p data-t=\"{&quot;n&quot;:&quot;blueLinks&quot;}\">Colectivos y familiares realizar\u00e1n manifestaciones en el pa\u00eds debido a que este lunes se cumplen\u00a0<strong>8 a\u00f1os<\/strong>\u00a0desde la desaparici\u00f3n de los<strong>\u00a043 normalistas de la<\/strong>\u00a0<strong>Escuela Normal Rural \u201cRa\u00fal Isidro Burgos\u201d de Ayotzinapa.<\/strong><\/p>\n<p data-t=\"{&quot;n&quot;:&quot;blueLinks&quot;}\">En la\u00a0<strong>Ciudad de M\u00e9xico<\/strong>\u00a0el colectivo de madres y padres de los 43 Estudiantes Normalistas convocaron a una marcha a las 16:00 horas en el \u00c1ngel de la Independencia.<\/p>\n<p data-t=\"{&quot;n&quot;:&quot;blueLinks&quot;}\">El contingente marchar\u00e1 con direcci\u00f3n hacia el Z\u00f3calo capitalino con el fin de exigir verdad, justicia y c\u00e1rcel para los responsables involucrados.<\/p>\n<p data-t=\"{&quot;n&quot;:&quot;blueLinks&quot;}\">Junto con los familiares tambi\u00e9n acudir\u00e1n diversas organizaciones como el Movimiento Nacional de Usuarios (MNU), Amnist\u00eda Internacional M\u00e9xico, el Sindicato de Estudiantes, Libres y Combativas, Izquierda Revolucionaria, el Sindicato Mexicano de Electricistas (SME)y el Centro de Derechos Humanos Miguel Agust\u00edn Pro Ju\u00e1rez (Centro Prodh), entre otras.<\/p>\n<p data-t=\"{&quot;n&quot;:&quot;blueLinks&quot;}\">Lo anterior forma parte de la\u00a0<strong>Jornada Nacional de Lucha \u201cPor los Caminos de la Verdad\u201d,<\/strong>\u00a0que inici\u00f3 el pasado 13 de septiembre en Chilpancingo, Guerrero y concluye este martes en Iguala.<\/p>\n<\/div>\n<\/article>\n<p>https:\/\/twitter.com\/AgostoRebelde\/status\/1574257996108124161?ref_src=twsrc%5Etfw%7Ctwcamp%5Etweetembed%7Ctwterm%5E1574257996108124161%7Ctwgr%5Ec6aaa8904ec9206e4a45c993565f0f0d14d2c5ed%7Ctwcon%5Es1_c10&amp;ref_url=https%3A%2F%2Faristeguinoticias.com%2F2609%2Fmexico%2F8-anos-del-caso-ayotzinapa-estas-son-las-marchas-que-habra-para-exigir-justicia%2F<\/p>\n<p>Debido al d\u00eda, en\u00a0<strong>Guanajuato<\/strong>, la Coordinadora Nacional de Trabajadores de la Educaci\u00f3n (<strong>CNTE<\/strong>) tambi\u00e9n convoc\u00f3 a una manifestaci\u00f3n pac\u00edfica en la capital del estado,\u00a0<strong>a las 17:00 horas<\/strong>\u00a0en la explanada de pastitos.<\/p>\n<p class=\"continue-read-break\" data-t=\"{&quot;n&quot;:&quot;blueLinks&quot;}\">Asimismo, organizaciones del Pacto Morelos por la Soberan\u00eda Alimentaria y Energ\u00e9tica realizar\u00e1n una marcha<strong>\u00a0en Cuernavaca, Morelos.<\/strong>\u00a0Esta comenzar\u00e1 a las\u00a0<strong>16:30 horas\u00a0<\/strong>en el Calvario y se dirigir\u00e1 al Z\u00f3calo.<\/p>\n<p class=\"\" data-t=\"{&quot;n&quot;:&quot;blueLinks&quot;}\">En\u00a0<strong>Banderas\u00a0Chilpancigo de los Bravos, en Guerrero<\/strong>, organizaciones y colectivos realizar\u00e1n un m\u00edtin pol\u00edtico a las 11:00 horas.<\/p>\n<p class=\"\" data-t=\"{&quot;n&quot;:&quot;blueLinks&quot;}\">Por su parte, en\u00a0<strong>Acapulco, Guerrero,<\/strong>\u00a0el CNTE-CETEGconvoc\u00f3 a una movilizaci\u00f3n este martes del z\u00f3calo a la Diana Cazadora a las 10:00 horas.<\/p>\n<p class=\"\" data-t=\"{&quot;n&quot;:&quot;blueLinks&quot;}\">Adem\u00e1s, se anunci\u00f3 que este martes, se realizar\u00e1 un acto pol\u00edtico a las\u00a0<strong>12:00 horas<\/strong>\u00a0en la Estela de los Ca\u00eddos, en<strong>\u00a0Iguala, Guerrero.<\/strong><\/p>\n<div class=\"article-image-slot\" data-image-href=\"https:\/\/www.msn.com\/es-mx\/noticias\/mexico\/8-a%C3%B1os-del-caso-ayotzinapa-estas-son-las-marchas-que-habr%C3%A1-para-exigir-justicia\/ar-AA12g0tS?cvid=e1d9391530e9472b84384601affb4520&amp;fullscreen=true#image=1\" data-doc-id=\"cms\/api\/amp\/image\/AA12fLCi\" data-rendered=\"true\">\n<div class=\"article-image-container\" data-t=\"{&quot;n&quot;:&quot;OpenModal&quot;,&quot;t&quot;:13}\">\n<div style=\"width: 710px\" class=\"wp-caption alignnone\"><a class=\"article-image-height-wrapper\" href=\"https:\/\/www.msn.com\/es-mx\/noticias\/mexico\/8-a%C3%B1os-del-caso-ayotzinapa-estas-son-las-marchas-que-habr%C3%A1-para-exigir-justicia\/ar-AA12g0tS?cvid=e1d9391530e9472b84384601affb4520&amp;fullscreen=true#image=1\" data-t=\"{&quot;n&quot;:&quot;destination&quot;,&quot;t&quot;:14,&quot;b&quot;:1,&quot;c.t&quot;:14}\"><img loading=\"lazy\" decoding=\"async\" class=\"article-image\" tabindex=\"0\" title=\"8 a\u00f1os del caso Ayotzinapa: estas son las marchas que habr\u00e1 para exigir justicia\" src=\"https:\/\/img-s-msn-com.akamaized.net\/tenant\/amp\/entityid\/AA12fLCi.img?w=700&amp;h=438&amp;m=6\" alt=\"8 a\u00f1os del caso Ayotzinapa: estas son las marchas que habr\u00e1 para exigir justicia\" width=\"700\" height=\"438\" \/><\/a><p class=\"wp-caption-text\">8 a\u00f1os del caso Ayotzinapa: estas son las marchas que habr\u00e1 para exigir justicia\u00a9\u00a0Proporcionado por Aristegui Noticias<\/p><\/div>\n<div class=\"image-caption-container\"><\/div>\n<\/div>\n<\/div>\n<p class=\"\" data-t=\"{&quot;n&quot;:&quot;blueLinks&quot;}\">Los 43 estudiantes de la Escuela Normal Rural \u201cIsidro Burgos\u201d de Ayotzinapa, la\u00a0<strong>noche del 26 y la madrugada del 27 de septiembre de\u00a0201<\/strong>4 en Iguala, Guerrero.\u00a0Este mes se cumplen 8 a\u00f1os desde los hechos.<\/p>\n<p class=\"\" data-t=\"{&quot;n&quot;:&quot;blueLinks&quot;}\">En agosto pasado, el informe presentado por la\u00a0Comisi\u00f3n para la Verdad y el Acceso a la Justicia del Caso Ayotzinapa afirm\u00f3 que la desaparici\u00f3n de los 43 normalistas fue un\u00a0crimen de Estado\u00a0en el que participaron agentes de diversas instituciones del gobierno mexicano.<\/p>\n<p class=\"\" data-t=\"{&quot;n&quot;:&quot;blueLinks&quot;}\">Asimismo, se\u00f1al\u00f3 que las\u00a0autoridades fueron omisas y negligentes,\u00a0adem\u00e1s de que alteraron hechos y circunstancias para establecer una conclusi\u00f3n ajena a la verdad de los hechos.<\/p>\n<p data-t=\"{&quot;n&quot;:&quot;blueLinks&quot;}\">Con informaci\u00f3n de Aristegui Noticias<\/p>\n","protected":false},"excerpt":{"rendered":"<p>Colectivos y familiares realizar\u00e1n manifestaciones en el pa\u00eds debido a que este lunes se cumplen\u00a08 a\u00f1os\u00a0desde la desaparici\u00f3n de los\u00a043 normalistas de la\u00a0Escuela Normal Rural \u201cRa\u00fal Isidro Burgos\u201d de Ayotzinapa. En la\u00a0Ciudad de M\u00e9xico\u00a0el colectivo de madres y padres de los 43 Estudiantes Normalistas convocaron a una marcha a las 16:00 horas en el \u00c1ngel de la Independencia. El contingente marchar\u00e1 con direcci\u00f3n hacia el Z\u00f3calo capitalino con el fin de exigir verdad, justicia y c\u00e1rcel para los responsables involucrados. Junto con los familiares tambi\u00e9n acudir\u00e1n diversas organizaciones como el Movimiento Nacional de Usuarios (MNU), Amnist\u00eda Internacional M\u00e9xico, el Sindicato [&hellip;]<\/p>\n","protected":false},"author":3,"featured_media":53956,"comment_status":"open","ping_status":"open","sticky":false,"template":"","format":"standard","meta":{"_jetpack_newsletter_access":"","_jetpack_dont_email_post_to_subs":false,"_jetpack_newsletter_tier_id":0,"_jetpack_memberships_contains_paywalled_content":false,"_jetpack_feature_clip_id":0,"_jetpack_memberships_contains_paid_content":false,"footnotes":"","jetpack_publicize_message":"","jetpack_publicize_feature_enabled":true,"jetpack_social_post_already_shared":true,"jetpack_social_options":{"image_generator_settings":{"template":"highway","default_image_id":0,"font":"","enabled":false},"version":2},"jetpack_post_was_ever_published":false},"categories":[75,72],"tags":[],"class_list":["post-54798","post","type-post","status-publish","format-standard","has-post-thumbnail","hentry","category-nacional","category-portada","post--single"],"jetpack_publicize_connections":[],"jetpack_featured_media_url":"https:\/\/ovelanalista.com\/wp-content\/uploads\/2022\/09\/Ayotzinapa.jpeg","jetpack_sharing_enabled":true,"_links":{"self":[{"href":"https:\/\/ovelanalista.com\/index.php?rest_route=\/wp\/v2\/posts\/54798","targetHints":{"allow":["GET"]}}],"collection":[{"href":"https:\/\/ovelanalista.com\/index.php?rest_route=\/wp\/v2\/posts"}],"about":[{"href":"https:\/\/ovelanalista.com\/index.php?rest_route=\/wp\/v2\/types\/post"}],"author":[{"embeddable":true,"href":"https:\/\/ovelanalista.com\/index.php?rest_route=\/wp\/v2\/users\/3"}],"replies":[{"embeddable":true,"href":"https:\/\/ovelanalista.com\/index.php?rest_route=%2Fwp%2Fv2%2Fcomments&post=54798"}],"version-history":[{"count":1,"href":"https:\/\/ovelanalista.com\/index.php?rest_route=\/wp\/v2\/posts\/54798\/revisions"}],"predecessor-version":[{"id":54799,"href":"https:\/\/ovelanalista.com\/index.php?rest_route=\/wp\/v2\/posts\/54798\/revisions\/54799"}],"wp:featuredmedia":[{"embeddable":true,"href":"https:\/\/ovelanalista.com\/index.php?rest_route=\/wp\/v2\/media\/53956"}],"wp:attachment":[{"href":"https:\/\/ovelanalista.com\/index.php?rest_route=%2Fwp%2Fv2%2Fmedia&parent=54798"}],"wp:term":[{"taxonomy":"category","embeddable":true,"href":"https:\/\/ovelanalista.com\/index.php?rest_route=%2Fwp%2Fv2%2Fcategories&post=54798"},{"taxonomy":"post_tag","embeddable":true,"href":"https:\/\/ovelanalista.com\/index.php?rest_route=%2Fwp%2Fv2%2Ftags&post=54798"}],"curies":[{"name":"wp","href":"https:\/\/api.w.org\/{rel}","templated":true}]}}