{"id":54816,"date":"2022-09-26T11:20:05","date_gmt":"2022-09-26T17:20:05","guid":{"rendered":"https:\/\/ovelanalista.com\/?p=54816"},"modified":"2022-09-26T10:24:14","modified_gmt":"2022-09-26T16:24:14","slug":"amlo-no-queremos-que-la-clase-politica-decida-alistan-consulta-sobre-fa","status":"publish","type":"post","link":"https:\/\/ovelanalista.com\/?p=54816","title":{"rendered":"AMLO: \u201cNo queremos que la clase pol\u00edtica decida\u201d; alistan consulta sobre FA"},"content":{"rendered":"<p><img decoding=\"async\" class=\"articlePage_TtvrImageMarker-DS-EntryPoint1-1\" src=\"data:image\/png;base64,iVBORw0KGgoAAAANSUhEUgAAAAEAAAABCAQAAAC1HAwCAAAAC0lEQVR42mNkYAAAAAYAAjCB0C8AAAAASUVORK5CYII=\" \/><span style=\"font-size: 1.21429rem;\">Para que la decisi\u00f3n de prolongar la presencia de las Fuerzas Armadas en tareas de seguridad sea de los ciudadanos y no de la clase pol\u00edtica, este martes el secretario de Gobernaci\u00f3n, Ad\u00e1n Augusto L\u00f3pez, presentar\u00e1 la propuesta para realizar una consulta a los mexicanos en enero pr\u00f3ximo, inform\u00f3 el presidente Andr\u00e9s Manuel L\u00f3pez Obrador. \u201cNo queremos es que siga la \u00e9lite siga una minor\u00eda decidiendo por todos, como era antes, la llamada clase pol\u00edtica, que decida por todos, porque el pueblo no existe\u201d, dijo este lunes en su conferencia matutina.<\/span><\/p>\n<article>\n<div class=\"views-article-body articlePage_body-DS-EntryPoint1-1\">\n<div class=\"article-image-container\" data-t=\"{&quot;n&quot;:&quot;OpenModal&quot;,&quot;t&quot;:13}\">\n<div id=\"root\" data-config-indexdocid=\"\">\n<div data-t=\"{&quot;n&quot;:&quot;entryPoint&quot;,&quot;t&quot;:8}\">\n<div id=\"ViewsPageId-AA12gg18\" class=\"articlePage_mainContentContainer-DS-EntryPoint1-1\" data-t=\"{&quot;n&quot;:&quot;ArticlePage&quot;,&quot;t&quot;:8}\">\n<div class=\"\">\n<div class=\"articlePage_articleContentContainer-DS-EntryPoint1-1\">\n<div class=\"articlePage_contentWrapper-DS-EntryPoint1-1 articlePage_contentWrapper_fullArticle-DS-EntryPoint1-1 articlePage_contentWrapper_reducedMargin-DS-EntryPoint1-1\">\n<div class=\"articlePage_absoluteContentWrapper-DS-EntryPoint1-1\">\n<div>\n<div data-t=\"{&quot;n&quot;:&quot;ArticleBody&quot;,&quot;t&quot;:13}\">\n<div role=\"main\">\n<section class=\"articlePage_section-DS-EntryPoint1-1 articlePageBodySection articlePage_section_continueReading-DS-EntryPoint1-1 \" data-col=\"c4\">\n<article>\n<div class=\"views-article-body articlePage_body-DS-EntryPoint1-1\">\n<p class=\"continue-read-break\" data-t=\"{&quot;n&quot;:&quot;blueLinks&quot;}\">Al considerar que a\u00fan se requiere tiempo para que la Guardia Nacional se consolide, el presidente Andr\u00e9s Manuel L\u00f3pez Obrador se ha pronunciado porque militares y marinos se mantengan en tareas de seguridad p\u00fablica. La diputada federal del PRI, Yolanda de la Torre, hoy con licencia, present\u00f3 una iniciativa para reformar el art\u00edculo 5\u00ba transitorio del decreto constitucional para ampliar de 2024 a 2028 el uso de las Fuerzas Armadas en tareas de seguridad p\u00fablica. Aunque la iniciativa fue aprobada en la C\u00e1mara de Diputados, en el Senado de la Rep\u00fablica, ante la falta de votos para lograr una mayor\u00eda calificada, fue regresada a comisiones para su discusi\u00f3n. Esta semana las comisiones de Puntos Constitucionales y Estudios Legislativos segunda sesionar\u00e1n para dictaminar sobre la minuta que le envi\u00f3 su colegisladora para ampliar la presencia de las Fuerzas Armadas. Sobre este proceso, el presidente se\u00f1al\u00f3 que los legisladores a\u00fan tienen la posibilidad de cambiar de parecer y apoyar la iniciativa, pero de no ser as\u00ed, insisti\u00f3 que se optar\u00e1 por impulsar una consulta a los ciudadanos. \u201cEstoy seguro que la gente va a apoyar, esto puede llevar a que los legisladores cambien de parecer, que tengan capacidad de rectificar\u201d, coment\u00f3. Una encuesta del Gabinete de Comunicaci\u00f3n Estrat\u00e9gica, realizada este fin de semana, revel\u00f3 que el 52% de los consultados consider\u00f3 como un acierto que se haya aprobado la reforma a la Guardia Nacional en la C\u00e1mara de Diputados.<\/p>\n<div class=\"article-video-slot\" data-doc-id=\"AA12b7i8\" data-content-embed-type=\"partner\" data-rendered=\"true\">\n<div class=\"video-wrapper\">\n<div class=\"videocard1PP undefined\">\n<div class=\"content-video-container\" data-t=\"{&quot;n&quot;:&quot;ContentVideoPlayer&quot;,&quot;t&quot;:61,&quot;c.i&quot;:&quot;AA12b7i8&quot;,&quot;c.t&quot;:61,&quot;c.v&quot;:&quot;news&quot;,&quot;c.c&quot;:&quot;newsmexico&quot;,&quot;c.b&quot;:&quot;Expansi\u00f3n&quot;,&quot;c.bi&quot;:&quot;AA28J9&quot;,&quot;ext&quot;:{&quot;videoId&quot;:&quot;AA12b7i8&quot;,&quot;videoCs&quot;:&quot;AA28J9&quot;,&quot;eventType&quot;:32,&quot;timeElasped&quot;:0,&quot;videoFormatCode&quot;:1006,&quot;title&quot;:&quot;Estos son los 10 parques ideales para disfrutar de actividades al aire libre&quot;,&quot;videoDuration&quot;:101,&quot;fr&quot;:&quot;es-mx_news&quot;,&quot;pageGroup&quot;:&quot;&quot;,&quot;playerInstanceId&quot;:&quot;vjs_video_3&quot;,&quot;playType&quot;:&quot;pb&quot;,&quot;playerTech&quot;:&quot;HTML5&quot;,&quot;pluginVersion&quot;:&quot;HTML5&quot;,&quot;size&quot;:&quot;768x432&quot;,&quot;isContinuous&quot;:true,&quot;videoPlayerType&quot;:&quot;mp4:progressive&quot;,&quot;playerType&quot;:&quot;HTML5&quot;,&quot;playDuration&quot;:0.001215,&quot;inline&quot;:false,&quot;videoUrl&quot;:&quot;https:\/\/prod-streaming-video-msn-com.akamaized.net\/28fd00fb-ec4d-4c60-989c-54add3f0712b\/c2685133-3fa2-4c1c-bcc3-a1978dde.ism\/manifest(format=m3u8-aapl)&quot;},&quot;m.c&quot;:false,&quot;c.hl&quot;:&quot;Estos son los 10 parques ideales para disfrutar de actividades al aire libre&quot;}\">\n<div class=\"overlay-open\" data-t=\"{&quot;n&quot;:&quot;WatchMoreButton&quot;,&quot;t&quot;:61,&quot;a&quot;:&quot;click&quot;,&quot;d&quot;:&quot;https:\/\/www.msn.com\/es-mx\/video\/noticias\/estos-son-los-10-parques-ideales-para-disfrutar-de-actividades-al-aire-libre\/vi-AA12b7i8?ocid=EMMX&quot;}\"><\/div>\n<\/div>\n<\/div>\n<\/div>\n<\/div>\n<p>No se va a llamar consulta, dice AMLO \u00bfEst\u00e1s de acuerdo con la creaci\u00f3n de la Guardia Nacional y con su desempe\u00f1o hasta ahora? \u00bfConsideras que las Fuerzas Armadas, el Ej\u00e9rcito y la Marina, deber\u00edan mantenerse haciendo labor de seguridad p\u00fablica hasta 2028 o que regresen a sus cuarteles en marzo de 2024? \u00bfCu\u00e1l es tu opini\u00f3n que la Guardia Nacional pase a formar parte de la Secretar\u00eda de la Defensa Nacional o dependa de la Secretar\u00eda de Gobernaci\u00f3n o de Seguridad P\u00fablica?<\/p>\n<p class=\"\" data-t=\"{&quot;n&quot;:&quot;blueLinks&quot;}\">Anunci\u00f3 que ser\u00e1 en la conferencia de prensa cuando Ad\u00e1n Augusto L\u00f3pez cuando presente la iniciativa que tiene como prop\u00f3sito conocer la opini\u00f3n de los ciudadanos sobre si est\u00e1n de acuerdo o desacuerdo en que las Fuerzas Armadas se mantengan en tareas de seguridad p\u00fablica. &#8216;Ma\u00f1ana presentaremos aqu\u00ed el programa,\u00a0<b>no se va a llamar consulta, tenemos que buscar el marco legal apropiado<\/b>\u00a0,\u00a0<b>no queremos que participe el INE<\/b> porque nos va a pedir much\u00edsimo dinero&#8217;, precis\u00f3. La semana pasada, el presidente present\u00f3 la propuesta de tres preguntas que se le plantear\u00edan a los ciudadanos: El presidente dijo que la intenci\u00f3n es que se consulte a los ciudadanos sin gastar mucho dinero, para lo cual propone que ayuden los gobernadores, presidentes municipales y organizaciones sociales.<\/p>\n<\/div>\n<\/article>\n<\/section>\n<\/div>\n<\/div>\n<\/div>\n<\/div>\n<\/div>\n<\/div>\n<\/div>\n<\/div>\n<\/div>\n<\/div>\n<\/div>\n<\/div>\n<\/article>\n<p data-t=\"{&quot;n&quot;:&quot;blueLinks&quot;}\">\n<p data-t=\"{&quot;n&quot;:&quot;blueLinks&quot;}\">Con informaci\u00f3n de Expansi\u00f3n<\/p>\n","protected":false},"excerpt":{"rendered":"<p>Para que la decisi\u00f3n de prolongar la presencia de las Fuerzas Armadas en tareas de seguridad sea de los ciudadanos y no de la clase pol\u00edtica, este martes el secretario de Gobernaci\u00f3n, Ad\u00e1n Augusto L\u00f3pez, presentar\u00e1 la propuesta para realizar una consulta a los mexicanos en enero pr\u00f3ximo, inform\u00f3 el presidente Andr\u00e9s Manuel L\u00f3pez Obrador. \u201cNo queremos es que siga la \u00e9lite siga una minor\u00eda decidiendo por todos, como era antes, la llamada clase pol\u00edtica, que decida por todos, porque el pueblo no existe\u201d, dijo este lunes en su conferencia matutina. Al considerar que a\u00fan se requiere tiempo para que [&hellip;]<\/p>\n","protected":false},"author":3,"featured_media":54319,"comment_status":"open","ping_status":"open","sticky":false,"template":"","format":"standard","meta":{"_jetpack_newsletter_access":"","_jetpack_dont_email_post_to_subs":false,"_jetpack_newsletter_tier_id":0,"_jetpack_memberships_contains_paywalled_content":false,"_jetpack_feature_clip_id":0,"_jetpack_memberships_contains_paid_content":false,"footnotes":"","jetpack_publicize_message":"","jetpack_publicize_feature_enabled":true,"jetpack_social_post_already_shared":true,"jetpack_social_options":{"image_generator_settings":{"template":"highway","default_image_id":0,"font":"","enabled":false},"version":2},"jetpack_post_was_ever_published":false},"categories":[75,72],"tags":[],"class_list":["post-54816","post","type-post","status-publish","format-standard","has-post-thumbnail","hentry","category-nacional","category-portada","post--single"],"jetpack_publicize_connections":[],"jetpack_featured_media_url":"https:\/\/ovelanalista.com\/wp-content\/uploads\/2022\/09\/AMLO-43.jpeg","jetpack_sharing_enabled":true,"_links":{"self":[{"href":"https:\/\/ovelanalista.com\/index.php?rest_route=\/wp\/v2\/posts\/54816","targetHints":{"allow":["GET"]}}],"collection":[{"href":"https:\/\/ovelanalista.com\/index.php?rest_route=\/wp\/v2\/posts"}],"about":[{"href":"https:\/\/ovelanalista.com\/index.php?rest_route=\/wp\/v2\/types\/post"}],"author":[{"embeddable":true,"href":"https:\/\/ovelanalista.com\/index.php?rest_route=\/wp\/v2\/users\/3"}],"replies":[{"embeddable":true,"href":"https:\/\/ovelanalista.com\/index.php?rest_route=%2Fwp%2Fv2%2Fcomments&post=54816"}],"version-history":[{"count":1,"href":"https:\/\/ovelanalista.com\/index.php?rest_route=\/wp\/v2\/posts\/54816\/revisions"}],"predecessor-version":[{"id":54817,"href":"https:\/\/ovelanalista.com\/index.php?rest_route=\/wp\/v2\/posts\/54816\/revisions\/54817"}],"wp:featuredmedia":[{"embeddable":true,"href":"https:\/\/ovelanalista.com\/index.php?rest_route=\/wp\/v2\/media\/54319"}],"wp:attachment":[{"href":"https:\/\/ovelanalista.com\/index.php?rest_route=%2Fwp%2Fv2%2Fmedia&parent=54816"}],"wp:term":[{"taxonomy":"category","embeddable":true,"href":"https:\/\/ovelanalista.com\/index.php?rest_route=%2Fwp%2Fv2%2Fcategories&post=54816"},{"taxonomy":"post_tag","embeddable":true,"href":"https:\/\/ovelanalista.com\/index.php?rest_route=%2Fwp%2Fv2%2Ftags&post=54816"}],"curies":[{"name":"wp","href":"https:\/\/api.w.org\/{rel}","templated":true}]}}