{"id":54818,"date":"2022-09-26T11:30:28","date_gmt":"2022-09-26T17:30:28","guid":{"rendered":"https:\/\/ovelanalista.com\/?p=54818"},"modified":"2022-09-26T10:26:23","modified_gmt":"2022-09-26T16:26:23","slug":"el-gobierno-del-general-lopez-obrador","status":"publish","type":"post","link":"https:\/\/ovelanalista.com\/?p=54818","title":{"rendered":"El gobierno del general L\u00f3pez Obrador"},"content":{"rendered":"<p><strong>Investigador de la Universidad de Guadalajara<\/strong><\/p>\n<p>Creo que el presidente se est\u00e1 metiendo en un callej\u00f3n cada vez m\u00e1s oscuro y m\u00e1s angosto: animado por\u00a0<strong>sentimientos negativos<\/strong>\u00a0\u2014la desconfianza, la impotencia y el resentimiento\u2014 est\u00e1 cancelando sus opciones para cerrar este sexenio en paz y dejar su impronta como el adalid de los pobres y los desfavorecidos como herencia. Es una pena, porque sus decisiones rencorosas e iracundas han ido bloqueando todas las salidas de la tempestad que \u00e9l mismo est\u00e1 sembrando y que acabar\u00e1 marcando, inexorablemente, su<strong>\u00a0memoria hist\u00f3rica<\/strong>.<\/p>\n<p data-t=\"{&quot;n&quot;:&quot;blueLinks&quot;}\">Es in\u00fatil insistir en el argumento mil veces reiterado seg\u00fan el cual todos los problemas del pa\u00eds fueron generados por los gobiernos anteriores, no s\u00f3lo porque es una obviedad sino porque la vida p\u00fablica se va forjando en tiempo real; no elegimos gobernantes para hacer diagn\u00f3sticos ni contar historias sino para lidiar con las carencias y los desaf\u00edos actuales. Quien camina de espaldas se tropieza, pues ni en lo p\u00fablico ni en lo privado, los abusos y los excesos del pasado justifican los errores del presente.<\/p>\n<p class=\"continue-read-break\" data-t=\"{&quot;n&quot;:&quot;blueLinks&quot;}\">En el 2018, nadie hubiese imaginado que el sexenio terminar\u00eda marcado por la mayor defensa que se haya hecho jam\u00e1s a favor de las opciones militares como salida a (casi todos) los problemas del pa\u00eds; era impensable que Morena se levantara al un\u00edsono para despreciar la civilidad de M\u00e9xico y entregarle los mandos principales del Estado a las\u00a0<strong>fuerzas armadas<\/strong>. \u00bfEn qu\u00e9 momento sucedi\u00f3 esta conversi\u00f3n del partido de los pobres y de los vulnerables, al partido de los militares? Propongo esta respuesta: cuando el presidente dio la orden y sus seguidores decidieron obedecerla, a riesgo de desintegrarse como organizaci\u00f3n pol\u00edtica.<\/p>\n<div class=\"article-clear-div\"><\/div>\n<p class=\"\" data-t=\"{&quot;n&quot;:&quot;blueLinks&quot;}\">Obstinado, al presidente no le basta haber ganado con creces la batalla de la militarizaci\u00f3n en los frentes principales de su administraci\u00f3n y de haber consumado la creaci\u00f3n de una\u00a0<strong>Guardia Nacional<\/strong>\u00a0sino que ahora quiere extenderla al sexenio posterior: dejarla \u201catada y bien atada\u201d. Y para lograrlo, ha decidido recurrir a su expediente favorito de legitimaci\u00f3n: una consulta popular organizada por los suyos y en la que responder\u00e1n los suyos, movilizados por los recursos que se manejan desde el Palacio Nacional con los ej\u00e9rcitos burocr\u00e1ticos, partidistas y militares que se han gestado durante cuatro a\u00f1os. Si viviera Ibarg\u00fcengoitia escribir\u00eda: \u201c\u00a1Qu\u00e9 emocionante! \u00bfQui\u00e9n ganar\u00e1?\u201d.<\/p>\n<p class=\"\" data-t=\"{&quot;n&quot;:&quot;blueLinks&quot;}\">Ese nuevo arrebato de iracundia no resolver\u00e1 el problema de fondo ni modificar\u00e1 los hechos ni servir\u00e1 de nada. \u00bfPara qu\u00e9 entonces convocar a una consulta p\u00fablica, con todo lo que eso implica, sino para refrendar la voluntad presidencial y obsequiar a los mandos militares otra prueba de lealtad y gratitud? \u00a1Que el pueblo entero los respalde! Ya tienen en sus manos la seguridad p\u00fablica de M\u00e9xico, ya administran buena parte de los asuntos p\u00fablicos, ya tienen el control de las puertas del pa\u00eds y el acceso a la justicia, ya resguardan el patrimonio nacional, ya gobiernan. \u00bfQu\u00e9 m\u00e1s quieren? Respondo: quieren legitimidad. No solo dominar y hacerse obedecer, sino hacerlo con el amor del pueblo y, de ser posible, por muchos a\u00f1os m\u00e1s.<\/p>\n<p class=\"\" data-t=\"{&quot;n&quot;:&quot;blueLinks&quot;}\">No lo tendr\u00e1n, porque mientras m\u00e1s odio y m\u00e1s polarizaci\u00f3n se vaya inoculando desde el poder, m\u00e1s conflictos se ir\u00e1n sembrando y m\u00e1s violencia habr\u00e1. Esta consulta no pacificar\u00e1 sino que exacerbar\u00e1 a\u00fan m\u00e1s a M\u00e9xico; tampoco ayudar\u00e1 en nada a mejorar la\u00a0<strong>econom\u00eda<\/strong>\u00a0ni la distribuci\u00f3n del ingreso cada vez m\u00e1s insuficiente; no abonar\u00e1 a apaciguar una sucesi\u00f3n presidencial que se adivina ya como la m\u00e1s dif\u00edcil y enconada en d\u00e9cadas. No servir\u00e1 para nada m\u00e1s que seguir encerrando al presidente en la intolerancia y en la prepotencia derivadas de su devoci\u00f3n por la disciplina militar. Lo lamento con sinceridad: difer\u00edamos en las formas, pero esto ya es el colmo.<\/p>\n<p>&nbsp;<\/p>\n<p class=\"rteright\" data-t=\"{&quot;n&quot;:&quot;blueLinks&quot;}\">Con informaci\u00f3n de El Universal<\/p>\n","protected":false},"excerpt":{"rendered":"<p>Investigador de la Universidad de Guadalajara Creo que el presidente se est\u00e1 metiendo en un callej\u00f3n cada vez m\u00e1s oscuro y m\u00e1s angosto: animado por\u00a0sentimientos negativos\u00a0\u2014la desconfianza, la impotencia y el resentimiento\u2014 est\u00e1 cancelando sus opciones para cerrar este sexenio en paz y dejar su impronta como el adalid de los pobres y los desfavorecidos como herencia. Es una pena, porque sus decisiones rencorosas e iracundas han ido bloqueando todas las salidas de la tempestad que \u00e9l mismo est\u00e1 sembrando y que acabar\u00e1 marcando, inexorablemente, su\u00a0memoria hist\u00f3rica. Es in\u00fatil insistir en el argumento mil veces reiterado seg\u00fan el cual todos [&hellip;]<\/p>\n","protected":false},"author":3,"featured_media":23811,"comment_status":"open","ping_status":"open","sticky":false,"template":"","format":"standard","meta":{"_jetpack_newsletter_access":"","_jetpack_dont_email_post_to_subs":false,"_jetpack_newsletter_tier_id":0,"_jetpack_memberships_contains_paywalled_content":false,"_jetpack_feature_clip_id":0,"_jetpack_memberships_contains_paid_content":false,"footnotes":"","jetpack_publicize_message":"","jetpack_publicize_feature_enabled":true,"jetpack_social_post_already_shared":true,"jetpack_social_options":{"image_generator_settings":{"template":"highway","default_image_id":0,"font":"","enabled":false},"version":2},"jetpack_post_was_ever_published":false},"categories":[75,72],"tags":[],"class_list":["post-54818","post","type-post","status-publish","format-standard","has-post-thumbnail","hentry","category-nacional","category-portada","post--single"],"jetpack_publicize_connections":[],"jetpack_featured_media_url":"https:\/\/ovelanalista.com\/wp-content\/uploads\/2022\/03\/ANDRES_MANUEL_LOPEZ_OBRADOR.jpeg","jetpack_sharing_enabled":true,"_links":{"self":[{"href":"https:\/\/ovelanalista.com\/index.php?rest_route=\/wp\/v2\/posts\/54818","targetHints":{"allow":["GET"]}}],"collection":[{"href":"https:\/\/ovelanalista.com\/index.php?rest_route=\/wp\/v2\/posts"}],"about":[{"href":"https:\/\/ovelanalista.com\/index.php?rest_route=\/wp\/v2\/types\/post"}],"author":[{"embeddable":true,"href":"https:\/\/ovelanalista.com\/index.php?rest_route=\/wp\/v2\/users\/3"}],"replies":[{"embeddable":true,"href":"https:\/\/ovelanalista.com\/index.php?rest_route=%2Fwp%2Fv2%2Fcomments&post=54818"}],"version-history":[{"count":1,"href":"https:\/\/ovelanalista.com\/index.php?rest_route=\/wp\/v2\/posts\/54818\/revisions"}],"predecessor-version":[{"id":54819,"href":"https:\/\/ovelanalista.com\/index.php?rest_route=\/wp\/v2\/posts\/54818\/revisions\/54819"}],"wp:featuredmedia":[{"embeddable":true,"href":"https:\/\/ovelanalista.com\/index.php?rest_route=\/wp\/v2\/media\/23811"}],"wp:attachment":[{"href":"https:\/\/ovelanalista.com\/index.php?rest_route=%2Fwp%2Fv2%2Fmedia&parent=54818"}],"wp:term":[{"taxonomy":"category","embeddable":true,"href":"https:\/\/ovelanalista.com\/index.php?rest_route=%2Fwp%2Fv2%2Fcategories&post=54818"},{"taxonomy":"post_tag","embeddable":true,"href":"https:\/\/ovelanalista.com\/index.php?rest_route=%2Fwp%2Fv2%2Ftags&post=54818"}],"curies":[{"name":"wp","href":"https:\/\/api.w.org\/{rel}","templated":true}]}}