{"id":55038,"date":"2022-09-27T16:30:16","date_gmt":"2022-09-27T22:30:16","guid":{"rendered":"https:\/\/ovelanalista.com\/?p=55038"},"modified":"2022-09-27T14:09:28","modified_gmt":"2022-09-27T20:09:28","slug":"gobernadores-de-la-4t-exigen-al-gobierno-de-tamaulipas-no-obstaculizar-toma-de-protesta-de-americo-villarreal","status":"publish","type":"post","link":"https:\/\/ovelanalista.com\/?p=55038","title":{"rendered":"Gobernadores de la 4T exigen al gobierno de Tamaulipas no obstaculizar toma de protesta de Am\u00e9rico Villarreal"},"content":{"rendered":"<p>Gobernadores de la 4T exigen al gobierno de Tamaulipas no obstaculizar toma de protesta de Am\u00e9rico Villarreal Las y los gobernadores de <strong>Morena\u00a0<\/strong>y<strong>\u00a0aliados,<\/strong>\u00a0as\u00ed como la jefa de Gobierno, respaldaron al\u00a0<strong>gobernador electo de Tamaulipas,\u00a0<a tabindex=\"0\" href=\"https:\/\/www.eluniversal.com.mx\/tag\/americo-villarreal\" target=\"_blank\" rel=\"noopener\" data-t=\"{&quot;n&quot;:&quot;destination&quot;,&quot;t&quot;:13,&quot;b&quot;:1,&quot;c.t&quot;:7}\">Am\u00e9rico Villarreal<\/a><\/strong>\u00a0y\u00a0<strong>exhortaron al gobierno estatal<\/strong>\u00a0a\u00a0<strong>no intervenir\u00a0<\/strong>con la toma su<strong>\u00a0toma de protesta<\/strong>\u00a0el pr\u00f3ximo domingo.<\/p>\n<p data-t=\"{&quot;n&quot;:&quot;blueLinks&quot;}\">En un pronunciamiento, los mandatarios exigieron al Gobierno de Tamaulipas que \u201crespete la voluntad popular y cese de manera inmediata cualquier intento por obstaculizar la toma de protesta del nuevo gobierno\u201d.<\/p>\n<p data-t=\"{&quot;n&quot;:&quot;blueLinks&quot;}\">Adem\u00e1s, hacen un llamado al Tribunal Electoral a que no cedan a ning\u00fan tipo de presi\u00f3n.<\/p>\n<p data-t=\"{&quot;n&quot;:&quot;blueLinks&quot;}\">El proyecto de sentencia, a cargo del magistrado Jos\u00e9 Luis Vargas, perfila confirmar el triunfo de Am\u00e9rico Villarreal en la entidad, por lo que no procede la impugnaci\u00f3n del Partido Acci\u00f3n Nacional.<\/p>\n<p data-t=\"{&quot;n&quot;:&quot;blueLinks&quot;}\">\u201cLas y los gobernadores de la 4T y la jefa de Gobierno de la Ciudad de M\u00e9xico, confiamos en que el TEPJF actuar\u00e1 con rectitud y apego a derecho, sin lugar a presiones por parte de la derecha corrupta y conservadora\u201d, se\u00f1alan.<\/p>\n<p data-t=\"{&quot;n&quot;:&quot;blueLinks&quot;}\">Por ello, sostienen que este 1 de octubre comenzar\u00e1 la transformaci\u00f3n en el estado de Tamaulipas con el respeto a la decisi\u00f3n de la ciudadan\u00eda.<\/p>\n<div data-t=\"{&quot;n&quot;:&quot;OpenModal&quot;,&quot;t&quot;:13}\"><\/div>\n<div class=\"article-image-container\" data-t=\"{&quot;n&quot;:&quot;OpenModal&quot;,&quot;t&quot;:13}\">Con informaci\u00f3n de El Universal<\/div>\n","protected":false},"excerpt":{"rendered":"<p>Gobernadores de la 4T exigen al gobierno de Tamaulipas no obstaculizar toma de protesta de Am\u00e9rico Villarreal Las y los gobernadores de Morena\u00a0y\u00a0aliados,\u00a0as\u00ed como la jefa de Gobierno, respaldaron al\u00a0gobernador electo de Tamaulipas,\u00a0Am\u00e9rico Villarreal\u00a0y\u00a0exhortaron al gobierno estatal\u00a0a\u00a0no intervenir\u00a0con la toma su\u00a0toma de protesta\u00a0el pr\u00f3ximo domingo. En un pronunciamiento, los mandatarios exigieron al Gobierno de Tamaulipas que \u201crespete la voluntad popular y cese de manera inmediata cualquier intento por obstaculizar la toma de protesta del nuevo gobierno\u201d. Adem\u00e1s, hacen un llamado al Tribunal Electoral a que no cedan a ning\u00fan tipo de presi\u00f3n. El proyecto de sentencia, a cargo del magistrado [&hellip;]<\/p>\n","protected":false},"author":3,"featured_media":55039,"comment_status":"open","ping_status":"open","sticky":false,"template":"","format":"standard","meta":{"_jetpack_newsletter_access":"","_jetpack_dont_email_post_to_subs":false,"_jetpack_newsletter_tier_id":0,"_jetpack_memberships_contains_paywalled_content":false,"_jetpack_feature_clip_id":0,"_jetpack_memberships_contains_paid_content":false,"footnotes":"","jetpack_publicize_message":"","jetpack_publicize_feature_enabled":true,"jetpack_social_post_already_shared":true,"jetpack_social_options":{"image_generator_settings":{"template":"highway","default_image_id":0,"font":"","enabled":false},"version":2},"jetpack_post_was_ever_published":false},"categories":[75,72],"tags":[],"class_list":["post-55038","post","type-post","status-publish","format-standard","has-post-thumbnail","hentry","category-nacional","category-portada","post--single"],"jetpack_publicize_connections":[],"jetpack_featured_media_url":"https:\/\/ovelanalista.com\/wp-content\/uploads\/2022\/09\/Ame\u0301rico-Villarreal-2.jpeg","jetpack_sharing_enabled":true,"_links":{"self":[{"href":"https:\/\/ovelanalista.com\/index.php?rest_route=\/wp\/v2\/posts\/55038","targetHints":{"allow":["GET"]}}],"collection":[{"href":"https:\/\/ovelanalista.com\/index.php?rest_route=\/wp\/v2\/posts"}],"about":[{"href":"https:\/\/ovelanalista.com\/index.php?rest_route=\/wp\/v2\/types\/post"}],"author":[{"embeddable":true,"href":"https:\/\/ovelanalista.com\/index.php?rest_route=\/wp\/v2\/users\/3"}],"replies":[{"embeddable":true,"href":"https:\/\/ovelanalista.com\/index.php?rest_route=%2Fwp%2Fv2%2Fcomments&post=55038"}],"version-history":[{"count":1,"href":"https:\/\/ovelanalista.com\/index.php?rest_route=\/wp\/v2\/posts\/55038\/revisions"}],"predecessor-version":[{"id":55040,"href":"https:\/\/ovelanalista.com\/index.php?rest_route=\/wp\/v2\/posts\/55038\/revisions\/55040"}],"wp:featuredmedia":[{"embeddable":true,"href":"https:\/\/ovelanalista.com\/index.php?rest_route=\/wp\/v2\/media\/55039"}],"wp:attachment":[{"href":"https:\/\/ovelanalista.com\/index.php?rest_route=%2Fwp%2Fv2%2Fmedia&parent=55038"}],"wp:term":[{"taxonomy":"category","embeddable":true,"href":"https:\/\/ovelanalista.com\/index.php?rest_route=%2Fwp%2Fv2%2Fcategories&post=55038"},{"taxonomy":"post_tag","embeddable":true,"href":"https:\/\/ovelanalista.com\/index.php?rest_route=%2Fwp%2Fv2%2Ftags&post=55038"}],"curies":[{"name":"wp","href":"https:\/\/api.w.org\/{rel}","templated":true}]}}